{"id":594,"date":"2025-07-24T13:13:29","date_gmt":"2025-07-24T13:13:29","guid":{"rendered":"https:\/\/www.ccatelier.es\/?p=594"},"modified":"2026-02-19T05:02:56","modified_gmt":"2026-02-19T05:02:56","slug":"desarrollo-de-la-ndc-3-0-de-la-republica-dominicana","status":"publish","type":"post","link":"https:\/\/www.ccatelier.es\/en\/desarrollo-de-la-ndc-3-0-de-la-republica-dominicana\/","title":{"rendered":"Development of the Dominican Republic's NDC 3.1"},"content":{"rendered":"<div data-elementor-type=\"wp-post\" data-elementor-id=\"594\" class=\"elementor elementor-594\" data-elementor-post-type=\"post\">\n\t\t\t\t<div class=\"elementor-element elementor-element-7663240a e-flex e-con-boxed e-con e-parent\" data-id=\"7663240a\" data-element_type=\"container\" data-e-type=\"container\">\n\t\t\t\t\t<div class=\"e-con-inner\">\n\t\t\t\t<div class=\"elementor-element elementor-element-2a3e2997 elementor-widget elementor-widget-text-editor\" data-id=\"2a3e2997\" data-element_type=\"widget\" data-e-type=\"widget\" data-widget_type=\"text-editor.default\">\n\t\t\t\t<div class=\"elementor-widget-container\">\n\t\t\t\t\t\t\t\t\t<p>The consultancy aims to support the development of the Dominican Republic's updated Nationally Determined Contribution (NDC) 3.0 by addressing three main components: analyzing the national mitigation potential to identify and improve climate mitigation options, updating adaptation measures to accelerate implementation by integrating cross-cutting issues such as gender and inclusion, and proposing transparency content for the updated NDC. This involves collecting and analyzing existing data, consulting with stakeholders, defining sectoral targets for 2030 and 2035, creating detailed implementation roadmaps, and preparing communication materials for diverse audiences.<br \/><br \/><strong>Project Title<\/strong>Consultancy to support the preparation of the Dominican Republic's NDC 3.0<br \/><strong>Typology<\/strong>: Climate Strategy &amp; Analysis:<br \/><strong>Region:<\/strong> Latin America and the Caribbean<br \/><strong>Country:<\/strong> Dominican Republic<br \/><strong>Customer:<\/strong> IDB<br \/><strong>Period:<\/strong> 15\/02\/2025-ongoing<br \/><br \/><strong>Activities performed:<\/strong> <br \/>\u2013 Provided leadership and technical guidance to the Project Coordinator, based on experience in implementing climate transparency mechanisms in other countries.<br \/>\u2013 He led processes related to climate transparency, MRV and M&amp;E, based on knowledge of international transparency frameworks and experience in developing national reporting systems, analyzing climate data and preparing progress reports.<br \/>\u2013 Coordinated with key stakeholders in the public and private sectors, ensuring data integrity and quality throughout implementation.<br \/>\u2013 Support activities related to GHG emissions estimates and mitigation scenario analysis in collaboration with the mitigation expert.<br \/>\u2013 Led Activity 7 and related tasks, including the development of methodologies and materials for workshops related to transparency.<\/p>\t\t\t\t\t\t\t\t<\/div>\n\t\t\t\t<\/div>\n\t\t\t\t\t<\/div>\n\t\t\t\t<\/div>\n\t\t\t\t<\/div>","protected":false},"excerpt":{"rendered":"<p>La consultor\u00eda tiene como objetivo apoyar el desarrollo de la NDC 3.0 actualizada de la Rep\u00fablica Dominicana abordando tres componentes principales: analizar el potencial nacional de mitigaci\u00f3n para identificar y mejorar las opciones de mitigaci\u00f3n clim\u00e1tica, actualizar las medidas de adaptaci\u00f3n para acelerar la implementaci\u00f3n integrando temas transversales como g\u00e9nero e inclusi\u00f3n, y proponer contenido&hellip;&nbsp;<\/p>","protected":false},"author":1,"featured_media":595,"comment_status":"open","ping_status":"open","sticky":false,"template":"","format":"standard","meta":{"_acf_changed":false,"neve_meta_sidebar":"","neve_meta_container":"","neve_meta_enable_content_width":"off","neve_meta_content_width":70,"neve_meta_title_alignment":"","neve_meta_author_avatar":"","neve_post_elements_order":"","neve_meta_disable_header":"","neve_meta_disable_footer":"","neve_meta_disable_title":"","footnotes":""},"categories":[14],"tags":[42],"class_list":["post-594","post","type-post","status-publish","format-standard","has-post-thumbnail","hentry","category-mitigacion","tag-republica-dominicana"],"acf":[],"yoast_head":"<!-- This site is optimized with the Yoast SEO plugin v27.4 - https:\/\/yoast.com\/product\/yoast-seo-wordpress\/ -->\n<title>Desarrollo de la NDC 3.1 de la Rep\u00fablica Dominicana - Climate Change Atelier<\/title>\n<meta name=\"robots\" content=\"index, follow, max-snippet:-1, max-image-preview:large, max-video-preview:-1\" \/>\n<link rel=\"canonical\" href=\"https:\/\/www.ccatelier.es\/en\/desarrollo-de-la-ndc-3-0-de-la-republica-dominicana\/\" \/>\n<meta property=\"og:locale\" content=\"en_GB\" \/>\n<meta property=\"og:type\" content=\"article\" \/>\n<meta property=\"og:title\" content=\"Desarrollo de la NDC 3.1 de la Rep\u00fablica Dominicana - Climate Change Atelier\" \/>\n<meta property=\"og:description\" content=\"La consultor\u00eda tiene como objetivo apoyar el desarrollo de la NDC 3.0 actualizada de la Rep\u00fablica Dominicana abordando tres componentes principales: analizar el potencial nacional de mitigaci\u00f3n para identificar y mejorar las opciones de mitigaci\u00f3n clim\u00e1tica, actualizar las medidas de adaptaci\u00f3n para acelerar la implementaci\u00f3n integrando temas transversales como g\u00e9nero e inclusi\u00f3n, y proponer contenido&hellip;&nbsp;\" \/>\n<meta property=\"og:url\" content=\"https:\/\/www.ccatelier.es\/en\/desarrollo-de-la-ndc-3-0-de-la-republica-dominicana\/\" \/>\n<meta property=\"og:site_name\" content=\"Climate Change Atelier\" \/>\n<meta property=\"article:published_time\" content=\"2025-07-24T13:13:29+00:00\" \/>\n<meta property=\"article:modified_time\" content=\"2026-02-19T05:02:56+00:00\" \/>\n<meta property=\"og:image\" content=\"https:\/\/www.ccatelier.es\/wp-content\/uploads\/2025\/07\/republica-dominicana.jpg\" \/>\n\t<meta property=\"og:image:width\" content=\"1920\" \/>\n\t<meta property=\"og:image:height\" content=\"1080\" \/>\n\t<meta property=\"og:image:type\" content=\"image\/jpeg\" \/>\n<meta name=\"author\" content=\"admin\" \/>\n<meta name=\"twitter:card\" content=\"summary_large_image\" \/>\n<meta name=\"twitter:label1\" content=\"Written by\" \/>\n\t<meta name=\"twitter:data1\" content=\"admin\" \/>\n\t<meta name=\"twitter:label2\" content=\"Estimated reading time\" \/>\n\t<meta name=\"twitter:data2\" content=\"2 minutes\" \/>\n<script type=\"application\/ld+json\" class=\"yoast-schema-graph\">{\"@context\":\"https:\\\/\\\/schema.org\",\"@graph\":[{\"@type\":\"Article\",\"@id\":\"https:\\\/\\\/www.ccatelier.es\\\/desarrollo-de-la-ndc-3-0-de-la-republica-dominicana\\\/#article\",\"isPartOf\":{\"@id\":\"https:\\\/\\\/www.ccatelier.es\\\/desarrollo-de-la-ndc-3-0-de-la-republica-dominicana\\\/\"},\"author\":{\"name\":\"admin\",\"@id\":\"https:\\\/\\\/www.ccatelier.es\\\/#\\\/schema\\\/person\\\/468ef15b7071978511257f3cb6a37fd7\"},\"headline\":\"Desarrollo de la NDC 3.1 de la Rep\u00fablica Dominicana\",\"datePublished\":\"2025-07-24T13:13:29+00:00\",\"dateModified\":\"2026-02-19T05:02:56+00:00\",\"mainEntityOfPage\":{\"@id\":\"https:\\\/\\\/www.ccatelier.es\\\/desarrollo-de-la-ndc-3-0-de-la-republica-dominicana\\\/\"},\"wordCount\":309,\"commentCount\":0,\"image\":{\"@id\":\"https:\\\/\\\/www.ccatelier.es\\\/desarrollo-de-la-ndc-3-0-de-la-republica-dominicana\\\/#primaryimage\"},\"thumbnailUrl\":\"https:\\\/\\\/www.ccatelier.es\\\/wp-content\\\/uploads\\\/2025\\\/07\\\/republica-dominicana.jpg\",\"keywords\":[\"Republica Dominicana\"],\"articleSection\":[\"Mitigaci\u00f3n y revisiones t\u00e9cnicas\"],\"inLanguage\":\"en-GB\",\"potentialAction\":[{\"@type\":\"CommentAction\",\"name\":\"Comment\",\"target\":[\"https:\\\/\\\/www.ccatelier.es\\\/desarrollo-de-la-ndc-3-0-de-la-republica-dominicana\\\/#respond\"]}]},{\"@type\":\"WebPage\",\"@id\":\"https:\\\/\\\/www.ccatelier.es\\\/desarrollo-de-la-ndc-3-0-de-la-republica-dominicana\\\/\",\"url\":\"https:\\\/\\\/www.ccatelier.es\\\/desarrollo-de-la-ndc-3-0-de-la-republica-dominicana\\\/\",\"name\":\"Desarrollo de la NDC 3.1 de la Rep\u00fablica Dominicana - Climate Change Atelier\",\"isPartOf\":{\"@id\":\"https:\\\/\\\/www.ccatelier.es\\\/#website\"},\"primaryImageOfPage\":{\"@id\":\"https:\\\/\\\/www.ccatelier.es\\\/desarrollo-de-la-ndc-3-0-de-la-republica-dominicana\\\/#primaryimage\"},\"image\":{\"@id\":\"https:\\\/\\\/www.ccatelier.es\\\/desarrollo-de-la-ndc-3-0-de-la-republica-dominicana\\\/#primaryimage\"},\"thumbnailUrl\":\"https:\\\/\\\/www.ccatelier.es\\\/wp-content\\\/uploads\\\/2025\\\/07\\\/republica-dominicana.jpg\",\"datePublished\":\"2025-07-24T13:13:29+00:00\",\"dateModified\":\"2026-02-19T05:02:56+00:00\",\"author\":{\"@id\":\"https:\\\/\\\/www.ccatelier.es\\\/#\\\/schema\\\/person\\\/468ef15b7071978511257f3cb6a37fd7\"},\"breadcrumb\":{\"@id\":\"https:\\\/\\\/www.ccatelier.es\\\/desarrollo-de-la-ndc-3-0-de-la-republica-dominicana\\\/#breadcrumb\"},\"inLanguage\":\"en-GB\",\"potentialAction\":[{\"@type\":\"ReadAction\",\"target\":[\"https:\\\/\\\/www.ccatelier.es\\\/desarrollo-de-la-ndc-3-0-de-la-republica-dominicana\\\/\"]}]},{\"@type\":\"ImageObject\",\"inLanguage\":\"en-GB\",\"@id\":\"https:\\\/\\\/www.ccatelier.es\\\/desarrollo-de-la-ndc-3-0-de-la-republica-dominicana\\\/#primaryimage\",\"url\":\"https:\\\/\\\/www.ccatelier.es\\\/wp-content\\\/uploads\\\/2025\\\/07\\\/republica-dominicana.jpg\",\"contentUrl\":\"https:\\\/\\\/www.ccatelier.es\\\/wp-content\\\/uploads\\\/2025\\\/07\\\/republica-dominicana.jpg\",\"width\":1920,\"height\":1080},{\"@type\":\"BreadcrumbList\",\"@id\":\"https:\\\/\\\/www.ccatelier.es\\\/desarrollo-de-la-ndc-3-0-de-la-republica-dominicana\\\/#breadcrumb\",\"itemListElement\":[{\"@type\":\"ListItem\",\"position\":1,\"name\":\"Portada\",\"item\":\"https:\\\/\\\/www.ccatelier.es\\\/\"},{\"@type\":\"ListItem\",\"position\":2,\"name\":\"Desarrollo de la NDC 3.1 de la Rep\u00fablica Dominicana\"}]},{\"@type\":\"WebSite\",\"@id\":\"https:\\\/\\\/www.ccatelier.es\\\/#website\",\"url\":\"https:\\\/\\\/www.ccatelier.es\\\/\",\"name\":\"Climate Change Atelier\",\"description\":\"Consultora especializada en cambio clim\u00e1tico, transparencia, NDCs, inventarios GEI y financiamiento clim\u00e1tico. Experiencia internacional y enfoque t\u00e9cnico adaptado.\",\"potentialAction\":[{\"@type\":\"SearchAction\",\"target\":{\"@type\":\"EntryPoint\",\"urlTemplate\":\"https:\\\/\\\/www.ccatelier.es\\\/?s={search_term_string}\"},\"query-input\":{\"@type\":\"PropertyValueSpecification\",\"valueRequired\":true,\"valueName\":\"search_term_string\"}}],\"inLanguage\":\"en-GB\"},{\"@type\":\"Person\",\"@id\":\"https:\\\/\\\/www.ccatelier.es\\\/#\\\/schema\\\/person\\\/468ef15b7071978511257f3cb6a37fd7\",\"name\":\"admin\",\"image\":{\"@type\":\"ImageObject\",\"inLanguage\":\"en-GB\",\"@id\":\"https:\\\/\\\/secure.gravatar.com\\\/avatar\\\/5e5d037f5eb89be41a2c1967d5c5b7113f430db59ccee33ae492b86c0847ab0e?s=96&d=mm&r=g\",\"url\":\"https:\\\/\\\/secure.gravatar.com\\\/avatar\\\/5e5d037f5eb89be41a2c1967d5c5b7113f430db59ccee33ae492b86c0847ab0e?s=96&d=mm&r=g\",\"contentUrl\":\"https:\\\/\\\/secure.gravatar.com\\\/avatar\\\/5e5d037f5eb89be41a2c1967d5c5b7113f430db59ccee33ae492b86c0847ab0e?s=96&d=mm&r=g\",\"caption\":\"admin\"},\"sameAs\":[\"https:\\\/\\\/www.ccatelier.es\"],\"url\":\"https:\\\/\\\/www.ccatelier.es\\\/en\\\/author\\\/admin\\\/\"}]}<\/script>\n<!-- \/ Yoast SEO plugin. -->","yoast_head_json":{"title":"Desarrollo de la NDC 3.1 de la Rep\u00fablica Dominicana - Climate Change Atelier","robots":{"index":"index","follow":"follow","max-snippet":"max-snippet:-1","max-image-preview":"max-image-preview:large","max-video-preview":"max-video-preview:-1"},"canonical":"https:\/\/www.ccatelier.es\/en\/desarrollo-de-la-ndc-3-0-de-la-republica-dominicana\/","og_locale":"en_GB","og_type":"article","og_title":"Desarrollo de la NDC 3.1 de la Rep\u00fablica Dominicana - Climate Change Atelier","og_description":"La consultor\u00eda tiene como objetivo apoyar el desarrollo de la NDC 3.0 actualizada de la Rep\u00fablica Dominicana abordando tres componentes principales: analizar el potencial nacional de mitigaci\u00f3n para identificar y mejorar las opciones de mitigaci\u00f3n clim\u00e1tica, actualizar las medidas de adaptaci\u00f3n para acelerar la implementaci\u00f3n integrando temas transversales como g\u00e9nero e inclusi\u00f3n, y proponer contenido&hellip;&nbsp;","og_url":"https:\/\/www.ccatelier.es\/en\/desarrollo-de-la-ndc-3-0-de-la-republica-dominicana\/","og_site_name":"Climate Change Atelier","article_published_time":"2025-07-24T13:13:29+00:00","article_modified_time":"2026-02-19T05:02:56+00:00","og_image":[{"width":1920,"height":1080,"url":"https:\/\/www.ccatelier.es\/wp-content\/uploads\/2025\/07\/republica-dominicana.jpg","type":"image\/jpeg"}],"author":"admin","twitter_card":"summary_large_image","twitter_misc":{"Written by":"admin","Estimated reading time":"2 minutes"},"schema":{"@context":"https:\/\/schema.org","@graph":[{"@type":"Article","@id":"https:\/\/www.ccatelier.es\/desarrollo-de-la-ndc-3-0-de-la-republica-dominicana\/#article","isPartOf":{"@id":"https:\/\/www.ccatelier.es\/desarrollo-de-la-ndc-3-0-de-la-republica-dominicana\/"},"author":{"name":"admin","@id":"https:\/\/www.ccatelier.es\/#\/schema\/person\/468ef15b7071978511257f3cb6a37fd7"},"headline":"Desarrollo de la NDC 3.1 de la Rep\u00fablica Dominicana","datePublished":"2025-07-24T13:13:29+00:00","dateModified":"2026-02-19T05:02:56+00:00","mainEntityOfPage":{"@id":"https:\/\/www.ccatelier.es\/desarrollo-de-la-ndc-3-0-de-la-republica-dominicana\/"},"wordCount":309,"commentCount":0,"image":{"@id":"https:\/\/www.ccatelier.es\/desarrollo-de-la-ndc-3-0-de-la-republica-dominicana\/#primaryimage"},"thumbnailUrl":"https:\/\/www.ccatelier.es\/wp-content\/uploads\/2025\/07\/republica-dominicana.jpg","keywords":["Republica Dominicana"],"articleSection":["Mitigaci\u00f3n y revisiones t\u00e9cnicas"],"inLanguage":"en-GB","potentialAction":[{"@type":"CommentAction","name":"Comment","target":["https:\/\/www.ccatelier.es\/desarrollo-de-la-ndc-3-0-de-la-republica-dominicana\/#respond"]}]},{"@type":"WebPage","@id":"https:\/\/www.ccatelier.es\/desarrollo-de-la-ndc-3-0-de-la-republica-dominicana\/","url":"https:\/\/www.ccatelier.es\/desarrollo-de-la-ndc-3-0-de-la-republica-dominicana\/","name":"Desarrollo de la NDC 3.1 de la Rep\u00fablica Dominicana - Climate Change Atelier","isPartOf":{"@id":"https:\/\/www.ccatelier.es\/#website"},"primaryImageOfPage":{"@id":"https:\/\/www.ccatelier.es\/desarrollo-de-la-ndc-3-0-de-la-republica-dominicana\/#primaryimage"},"image":{"@id":"https:\/\/www.ccatelier.es\/desarrollo-de-la-ndc-3-0-de-la-republica-dominicana\/#primaryimage"},"thumbnailUrl":"https:\/\/www.ccatelier.es\/wp-content\/uploads\/2025\/07\/republica-dominicana.jpg","datePublished":"2025-07-24T13:13:29+00:00","dateModified":"2026-02-19T05:02:56+00:00","author":{"@id":"https:\/\/www.ccatelier.es\/#\/schema\/person\/468ef15b7071978511257f3cb6a37fd7"},"breadcrumb":{"@id":"https:\/\/www.ccatelier.es\/desarrollo-de-la-ndc-3-0-de-la-republica-dominicana\/#breadcrumb"},"inLanguage":"en-GB","potentialAction":[{"@type":"ReadAction","target":["https:\/\/www.ccatelier.es\/desarrollo-de-la-ndc-3-0-de-la-republica-dominicana\/"]}]},{"@type":"ImageObject","inLanguage":"en-GB","@id":"https:\/\/www.ccatelier.es\/desarrollo-de-la-ndc-3-0-de-la-republica-dominicana\/#primaryimage","url":"https:\/\/www.ccatelier.es\/wp-content\/uploads\/2025\/07\/republica-dominicana.jpg","contentUrl":"https:\/\/www.ccatelier.es\/wp-content\/uploads\/2025\/07\/republica-dominicana.jpg","width":1920,"height":1080},{"@type":"BreadcrumbList","@id":"https:\/\/www.ccatelier.es\/desarrollo-de-la-ndc-3-0-de-la-republica-dominicana\/#breadcrumb","itemListElement":[{"@type":"ListItem","position":1,"name":"Portada","item":"https:\/\/www.ccatelier.es\/"},{"@type":"ListItem","position":2,"name":"Desarrollo de la NDC 3.1 de la Rep\u00fablica Dominicana"}]},{"@type":"WebSite","@id":"https:\/\/www.ccatelier.es\/#website","url":"https:\/\/www.ccatelier.es\/","name":"Climate Change Atelier","description":"Consultora especializada en cambio clim\u00e1tico, transparencia, NDCs, inventarios GEI y financiamiento clim\u00e1tico. Experiencia internacional y enfoque t\u00e9cnico adaptado.","potentialAction":[{"@type":"SearchAction","target":{"@type":"EntryPoint","urlTemplate":"https:\/\/www.ccatelier.es\/?s={search_term_string}"},"query-input":{"@type":"PropertyValueSpecification","valueRequired":true,"valueName":"search_term_string"}}],"inLanguage":"en-GB"},{"@type":"Person","@id":"https:\/\/www.ccatelier.es\/#\/schema\/person\/468ef15b7071978511257f3cb6a37fd7","name":"admin","image":{"@type":"ImageObject","inLanguage":"en-GB","@id":"https:\/\/secure.gravatar.com\/avatar\/5e5d037f5eb89be41a2c1967d5c5b7113f430db59ccee33ae492b86c0847ab0e?s=96&d=mm&r=g","url":"https:\/\/secure.gravatar.com\/avatar\/5e5d037f5eb89be41a2c1967d5c5b7113f430db59ccee33ae492b86c0847ab0e?s=96&d=mm&r=g","contentUrl":"https:\/\/secure.gravatar.com\/avatar\/5e5d037f5eb89be41a2c1967d5c5b7113f430db59ccee33ae492b86c0847ab0e?s=96&d=mm&r=g","caption":"admin"},"sameAs":["https:\/\/www.ccatelier.es"],"url":"https:\/\/www.ccatelier.es\/en\/author\/admin\/"}]}},"_links":{"self":[{"href":"https:\/\/www.ccatelier.es\/en\/wp-json\/wp\/v2\/posts\/594","targetHints":{"allow":["GET"]}}],"collection":[{"href":"https:\/\/www.ccatelier.es\/en\/wp-json\/wp\/v2\/posts"}],"about":[{"href":"https:\/\/www.ccatelier.es\/en\/wp-json\/wp\/v2\/types\/post"}],"author":[{"embeddable":true,"href":"https:\/\/www.ccatelier.es\/en\/wp-json\/wp\/v2\/users\/1"}],"replies":[{"embeddable":true,"href":"https:\/\/www.ccatelier.es\/en\/wp-json\/wp\/v2\/comments?post=594"}],"version-history":[{"count":9,"href":"https:\/\/www.ccatelier.es\/en\/wp-json\/wp\/v2\/posts\/594\/revisions"}],"predecessor-version":[{"id":1587,"href":"https:\/\/www.ccatelier.es\/en\/wp-json\/wp\/v2\/posts\/594\/revisions\/1587"}],"wp:featuredmedia":[{"embeddable":true,"href":"https:\/\/www.ccatelier.es\/en\/wp-json\/wp\/v2\/media\/595"}],"wp:attachment":[{"href":"https:\/\/www.ccatelier.es\/en\/wp-json\/wp\/v2\/media?parent=594"}],"wp:term":[{"taxonomy":"category","embeddable":true,"href":"https:\/\/www.ccatelier.es\/en\/wp-json\/wp\/v2\/categories?post=594"},{"taxonomy":"post_tag","embeddable":true,"href":"https:\/\/www.ccatelier.es\/en\/wp-json\/wp\/v2\/tags?post=594"}],"curies":[{"name":"wp","href":"https:\/\/api.w.org\/{rel}","templated":true}]}}