{"id":579,"date":"2025-07-24T13:06:58","date_gmt":"2025-07-24T13:06:58","guid":{"rendered":"https:\/\/www.ccatelier.es\/?p=579"},"modified":"2026-02-19T06:07:40","modified_gmt":"2026-02-19T06:07:40","slug":"desarrollar-el-plan-de-asociacion-ndc-y-su-estrategia-de-implementacion-en-honduras","status":"publish","type":"post","link":"https:\/\/www.ccatelier.es\/en\/desarrollar-el-plan-de-asociacion-ndc-y-su-estrategia-de-implementacion-en-honduras\/","title":{"rendered":"Desarrollar el Plan de Asociaci\u00f3n del NDC y su Estrategia de Implementaci\u00f3n en Honduras"},"content":{"rendered":"<div data-elementor-type=\"wp-post\" data-elementor-id=\"579\" class=\"elementor elementor-579\" data-elementor-post-type=\"post\">\n\t\t\t\t<div class=\"elementor-element elementor-element-1f49563b e-flex e-con-boxed e-con e-parent\" data-id=\"1f49563b\" data-element_type=\"container\" data-e-type=\"container\">\n\t\t\t\t\t<div class=\"e-con-inner\">\n\t\t\t\t<div class=\"elementor-element elementor-element-9124b87 elementor-widget elementor-widget-text-editor\" data-id=\"9124b87\" data-element_type=\"widget\" data-e-type=\"widget\" data-widget_type=\"text-editor.default\">\n\t\t\t\t<div class=\"elementor-widget-container\">\n\t\t\t\t\t\t\t\t\t<p>Este proyecto apoy\u00f3 a la Direcci\u00f3n Nacional de Cambio Clim\u00e1tico (DNCC) de SERNA, en el fortalecimiento de la coordinaci\u00f3n estrat\u00e9gica, el seguimiento y la implementaci\u00f3n de su Contribuci\u00f3n Determinada a Nivel Nacional (NDC). La tarea se centr\u00f3 en traducir la ambici\u00f3n aumentada del NDC actualizado 2021 en un Plan de Asociaci\u00f3n coherente y operativo, alineado con la metodolog\u00eda de la Asociaci\u00f3n NDC, mientras simult\u00e1neamente preparaba al pa\u00eds para la tercera actualizaci\u00f3n del NDC prevista para 2025. Un componente central del trabajo fue la evaluaci\u00f3n diagn\u00f3stica del anterior Plan de Asociaci\u00f3n (2018\u20132020), identificando lecciones aprendidas, cuellos de botella en la implementaci\u00f3n y oportunidades para fortalecer el seguimiento y la presentaci\u00f3n de informes conforme al ETF y la legislaci\u00f3n nacional sobre el clima. Sobre la base de esta evaluaci\u00f3n, el proyecto present\u00f3 un nuevo Plan de Asociaci\u00f3n del NDC para el periodo 2024\u20132026, dise\u00f1ado para servir como hoja de ruta estrat\u00e9gica para movilizar apoyo t\u00e9cnico y financiero, mejorar la coordinaci\u00f3n interinstitucional y apoyar la implementaci\u00f3n y seguimiento de las acciones del NDC en los sectores prioritarios.<br \/><br \/><strong>Project Title<\/strong>: Desarrollar el Plan de Asociaci\u00f3n del NDC y su Estrategia de Implementaci\u00f3n en Honduras<br \/><strong>Typology<\/strong>: Climate Strategy &amp; Analysis:<br \/><strong>Region:<\/strong> Latin America and the Caribbean<br \/><strong>Country:<\/strong> Honduras<br \/><strong>Customer:<\/strong> UNDP<br \/><strong>Period:<\/strong> 13\/05\/2024-09\/10\/2024<br \/><br \/><strong>Activities performed:<\/strong> <br \/>&#8211; Evalu\u00f3 los resultados, el progreso en la implementaci\u00f3n y las lecciones aprendidas del Plan de Asociaci\u00f3n 2018\u20132020 para identificar brechas prioritarias y necesidades estrat\u00e9gicas.<br \/>&#8211; Desarroll\u00f3 el Plan de Asociaci\u00f3n del NDC para Honduras 2024\u20132026 de acuerdo con la metodolog\u00eda de la Asociaci\u00f3n del NDC y las prioridades pol\u00edticas nacionales.<br \/>&#8211; Dise\u00f1\u00f3 los arreglos de monitorizaci\u00f3n para el nuevo Plan de Asociaci\u00f3n, incluyendo v\u00ednculos con sistemas nacionales de MRV y M&amp;E y la plataforma del Plan de Asociaci\u00f3n en L\u00ednea.<br \/>&#8211; Apoy\u00f3 la definici\u00f3n de v\u00edas de implementaci\u00f3n y mecanismos de coordinaci\u00f3n para operacionalizar el Plan de Asociaci\u00f3n y movilizar apoyo internacional.<br \/><br \/><\/p>\t\t\t\t\t\t\t\t<\/div>\n\t\t\t\t<\/div>\n\t\t\t\t\t<\/div>\n\t\t\t\t<\/div>\n\t\t\t\t<\/div>","protected":false},"excerpt":{"rendered":"<p>Este proyecto apoy\u00f3 a la Direcci\u00f3n Nacional de Cambio Clim\u00e1tico (DNCC) de SERNA, en el fortalecimiento de la coordinaci\u00f3n estrat\u00e9gica, el seguimiento y la implementaci\u00f3n de su Contribuci\u00f3n Determinada a Nivel Nacional (NDC). La tarea se centr\u00f3 en traducir la ambici\u00f3n aumentada del NDC actualizado 2021 en un Plan de Asociaci\u00f3n coherente y operativo, alineado&hellip;&nbsp;<\/p>","protected":false},"author":1,"featured_media":580,"comment_status":"open","ping_status":"open","sticky":false,"template":"","format":"standard","meta":{"_acf_changed":false,"neve_meta_sidebar":"","neve_meta_container":"","neve_meta_enable_content_width":"off","neve_meta_content_width":70,"neve_meta_title_alignment":"","neve_meta_author_avatar":"","neve_post_elements_order":"","neve_meta_disable_header":"","neve_meta_disable_footer":"","neve_meta_disable_title":"","footnotes":""},"categories":[15],"tags":[51],"class_list":["post-579","post","type-post","status-publish","format-standard","has-post-thumbnail","hentry","category-transparencia-climatica-y-reporte-internacional","tag-honduras"],"acf":[],"yoast_head":"<!-- This site is optimized with the Yoast SEO plugin v27.4 - https:\/\/yoast.com\/product\/yoast-seo-wordpress\/ -->\n<title>Desarrollar el Plan de Asociaci\u00f3n del NDC y su Estrategia de Implementaci\u00f3n en Honduras - Climate Change Atelier<\/title>\n<meta name=\"robots\" content=\"index, follow, max-snippet:-1, max-image-preview:large, max-video-preview:-1\" \/>\n<link rel=\"canonical\" href=\"https:\/\/www.ccatelier.es\/en\/desarrollar-el-plan-de-asociacion-ndc-y-su-estrategia-de-implementacion-en-honduras\/\" \/>\n<meta property=\"og:locale\" content=\"en_GB\" \/>\n<meta property=\"og:type\" content=\"article\" \/>\n<meta property=\"og:title\" content=\"Desarrollar el Plan de Asociaci\u00f3n del NDC y su Estrategia de Implementaci\u00f3n en Honduras - Climate Change Atelier\" \/>\n<meta property=\"og:description\" content=\"Este proyecto apoy\u00f3 a la Direcci\u00f3n Nacional de Cambio Clim\u00e1tico (DNCC) de SERNA, en el fortalecimiento de la coordinaci\u00f3n estrat\u00e9gica, el seguimiento y la implementaci\u00f3n de su Contribuci\u00f3n Determinada a Nivel Nacional (NDC). La tarea se centr\u00f3 en traducir la ambici\u00f3n aumentada del NDC actualizado 2021 en un Plan de Asociaci\u00f3n coherente y operativo, alineado&hellip;&nbsp;\" \/>\n<meta property=\"og:url\" content=\"https:\/\/www.ccatelier.es\/en\/desarrollar-el-plan-de-asociacion-ndc-y-su-estrategia-de-implementacion-en-honduras\/\" \/>\n<meta property=\"og:site_name\" content=\"Climate Change Atelier\" \/>\n<meta property=\"article:published_time\" content=\"2025-07-24T13:06:58+00:00\" \/>\n<meta property=\"article:modified_time\" content=\"2026-02-19T06:07:40+00:00\" \/>\n<meta property=\"og:image\" content=\"https:\/\/www.ccatelier.es\/wp-content\/uploads\/2025\/07\/honduras-2.jpg\" \/>\n\t<meta property=\"og:image:width\" content=\"1280\" \/>\n\t<meta property=\"og:image:height\" content=\"960\" \/>\n\t<meta property=\"og:image:type\" content=\"image\/jpeg\" \/>\n<meta name=\"author\" content=\"admin\" \/>\n<meta name=\"twitter:card\" content=\"summary_large_image\" \/>\n<meta name=\"twitter:label1\" content=\"Written by\" \/>\n\t<meta name=\"twitter:data1\" content=\"admin\" \/>\n\t<meta name=\"twitter:label2\" content=\"Estimated reading time\" \/>\n\t<meta name=\"twitter:data2\" content=\"2 minutes\" \/>\n<script type=\"application\/ld+json\" class=\"yoast-schema-graph\">{\"@context\":\"https:\\\/\\\/schema.org\",\"@graph\":[{\"@type\":\"Article\",\"@id\":\"https:\\\/\\\/www.ccatelier.es\\\/desarrollar-el-plan-de-asociacion-ndc-y-su-estrategia-de-implementacion-en-honduras\\\/#article\",\"isPartOf\":{\"@id\":\"https:\\\/\\\/www.ccatelier.es\\\/desarrollar-el-plan-de-asociacion-ndc-y-su-estrategia-de-implementacion-en-honduras\\\/\"},\"author\":{\"name\":\"admin\",\"@id\":\"https:\\\/\\\/www.ccatelier.es\\\/#\\\/schema\\\/person\\\/468ef15b7071978511257f3cb6a37fd7\"},\"headline\":\"Desarrollar el Plan de Asociaci\u00f3n del NDC y su Estrategia de Implementaci\u00f3n en Honduras\",\"datePublished\":\"2025-07-24T13:06:58+00:00\",\"dateModified\":\"2026-02-19T06:07:40+00:00\",\"mainEntityOfPage\":{\"@id\":\"https:\\\/\\\/www.ccatelier.es\\\/desarrollar-el-plan-de-asociacion-ndc-y-su-estrategia-de-implementacion-en-honduras\\\/\"},\"wordCount\":374,\"commentCount\":0,\"image\":{\"@id\":\"https:\\\/\\\/www.ccatelier.es\\\/desarrollar-el-plan-de-asociacion-ndc-y-su-estrategia-de-implementacion-en-honduras\\\/#primaryimage\"},\"thumbnailUrl\":\"https:\\\/\\\/www.ccatelier.es\\\/wp-content\\\/uploads\\\/2025\\\/07\\\/honduras-2.jpg\",\"keywords\":[\"Honduras\"],\"articleSection\":[\"Transparencia y sistemas de reporte\"],\"inLanguage\":\"en-GB\",\"potentialAction\":[{\"@type\":\"CommentAction\",\"name\":\"Comment\",\"target\":[\"https:\\\/\\\/www.ccatelier.es\\\/desarrollar-el-plan-de-asociacion-ndc-y-su-estrategia-de-implementacion-en-honduras\\\/#respond\"]}]},{\"@type\":\"WebPage\",\"@id\":\"https:\\\/\\\/www.ccatelier.es\\\/desarrollar-el-plan-de-asociacion-ndc-y-su-estrategia-de-implementacion-en-honduras\\\/\",\"url\":\"https:\\\/\\\/www.ccatelier.es\\\/desarrollar-el-plan-de-asociacion-ndc-y-su-estrategia-de-implementacion-en-honduras\\\/\",\"name\":\"Desarrollar el Plan de Asociaci\u00f3n del NDC y su Estrategia de Implementaci\u00f3n en Honduras - Climate Change Atelier\",\"isPartOf\":{\"@id\":\"https:\\\/\\\/www.ccatelier.es\\\/#website\"},\"primaryImageOfPage\":{\"@id\":\"https:\\\/\\\/www.ccatelier.es\\\/desarrollar-el-plan-de-asociacion-ndc-y-su-estrategia-de-implementacion-en-honduras\\\/#primaryimage\"},\"image\":{\"@id\":\"https:\\\/\\\/www.ccatelier.es\\\/desarrollar-el-plan-de-asociacion-ndc-y-su-estrategia-de-implementacion-en-honduras\\\/#primaryimage\"},\"thumbnailUrl\":\"https:\\\/\\\/www.ccatelier.es\\\/wp-content\\\/uploads\\\/2025\\\/07\\\/honduras-2.jpg\",\"datePublished\":\"2025-07-24T13:06:58+00:00\",\"dateModified\":\"2026-02-19T06:07:40+00:00\",\"author\":{\"@id\":\"https:\\\/\\\/www.ccatelier.es\\\/#\\\/schema\\\/person\\\/468ef15b7071978511257f3cb6a37fd7\"},\"breadcrumb\":{\"@id\":\"https:\\\/\\\/www.ccatelier.es\\\/desarrollar-el-plan-de-asociacion-ndc-y-su-estrategia-de-implementacion-en-honduras\\\/#breadcrumb\"},\"inLanguage\":\"en-GB\",\"potentialAction\":[{\"@type\":\"ReadAction\",\"target\":[\"https:\\\/\\\/www.ccatelier.es\\\/desarrollar-el-plan-de-asociacion-ndc-y-su-estrategia-de-implementacion-en-honduras\\\/\"]}]},{\"@type\":\"ImageObject\",\"inLanguage\":\"en-GB\",\"@id\":\"https:\\\/\\\/www.ccatelier.es\\\/desarrollar-el-plan-de-asociacion-ndc-y-su-estrategia-de-implementacion-en-honduras\\\/#primaryimage\",\"url\":\"https:\\\/\\\/www.ccatelier.es\\\/wp-content\\\/uploads\\\/2025\\\/07\\\/honduras-2.jpg\",\"contentUrl\":\"https:\\\/\\\/www.ccatelier.es\\\/wp-content\\\/uploads\\\/2025\\\/07\\\/honduras-2.jpg\",\"width\":1280,\"height\":960},{\"@type\":\"BreadcrumbList\",\"@id\":\"https:\\\/\\\/www.ccatelier.es\\\/desarrollar-el-plan-de-asociacion-ndc-y-su-estrategia-de-implementacion-en-honduras\\\/#breadcrumb\",\"itemListElement\":[{\"@type\":\"ListItem\",\"position\":1,\"name\":\"Portada\",\"item\":\"https:\\\/\\\/www.ccatelier.es\\\/\"},{\"@type\":\"ListItem\",\"position\":2,\"name\":\"Desarrollar el Plan de Asociaci\u00f3n del NDC y su Estrategia de Implementaci\u00f3n en Honduras\"}]},{\"@type\":\"WebSite\",\"@id\":\"https:\\\/\\\/www.ccatelier.es\\\/#website\",\"url\":\"https:\\\/\\\/www.ccatelier.es\\\/\",\"name\":\"Climate Change Atelier\",\"description\":\"Consultora especializada en cambio clim\u00e1tico, transparencia, NDCs, inventarios GEI y financiamiento clim\u00e1tico. Experiencia internacional y enfoque t\u00e9cnico adaptado.\",\"potentialAction\":[{\"@type\":\"SearchAction\",\"target\":{\"@type\":\"EntryPoint\",\"urlTemplate\":\"https:\\\/\\\/www.ccatelier.es\\\/?s={search_term_string}\"},\"query-input\":{\"@type\":\"PropertyValueSpecification\",\"valueRequired\":true,\"valueName\":\"search_term_string\"}}],\"inLanguage\":\"en-GB\"},{\"@type\":\"Person\",\"@id\":\"https:\\\/\\\/www.ccatelier.es\\\/#\\\/schema\\\/person\\\/468ef15b7071978511257f3cb6a37fd7\",\"name\":\"admin\",\"image\":{\"@type\":\"ImageObject\",\"inLanguage\":\"en-GB\",\"@id\":\"https:\\\/\\\/secure.gravatar.com\\\/avatar\\\/5e5d037f5eb89be41a2c1967d5c5b7113f430db59ccee33ae492b86c0847ab0e?s=96&d=mm&r=g\",\"url\":\"https:\\\/\\\/secure.gravatar.com\\\/avatar\\\/5e5d037f5eb89be41a2c1967d5c5b7113f430db59ccee33ae492b86c0847ab0e?s=96&d=mm&r=g\",\"contentUrl\":\"https:\\\/\\\/secure.gravatar.com\\\/avatar\\\/5e5d037f5eb89be41a2c1967d5c5b7113f430db59ccee33ae492b86c0847ab0e?s=96&d=mm&r=g\",\"caption\":\"admin\"},\"sameAs\":[\"https:\\\/\\\/www.ccatelier.es\"],\"url\":\"https:\\\/\\\/www.ccatelier.es\\\/en\\\/author\\\/admin\\\/\"}]}<\/script>\n<!-- \/ Yoast SEO plugin. -->","yoast_head_json":{"title":"Desarrollar el Plan de Asociaci\u00f3n del NDC y su Estrategia de Implementaci\u00f3n en Honduras - Climate Change Atelier","robots":{"index":"index","follow":"follow","max-snippet":"max-snippet:-1","max-image-preview":"max-image-preview:large","max-video-preview":"max-video-preview:-1"},"canonical":"https:\/\/www.ccatelier.es\/en\/desarrollar-el-plan-de-asociacion-ndc-y-su-estrategia-de-implementacion-en-honduras\/","og_locale":"en_GB","og_type":"article","og_title":"Desarrollar el Plan de Asociaci\u00f3n del NDC y su Estrategia de Implementaci\u00f3n en Honduras - Climate Change Atelier","og_description":"Este proyecto apoy\u00f3 a la Direcci\u00f3n Nacional de Cambio Clim\u00e1tico (DNCC) de SERNA, en el fortalecimiento de la coordinaci\u00f3n estrat\u00e9gica, el seguimiento y la implementaci\u00f3n de su Contribuci\u00f3n Determinada a Nivel Nacional (NDC). La tarea se centr\u00f3 en traducir la ambici\u00f3n aumentada del NDC actualizado 2021 en un Plan de Asociaci\u00f3n coherente y operativo, alineado&hellip;&nbsp;","og_url":"https:\/\/www.ccatelier.es\/en\/desarrollar-el-plan-de-asociacion-ndc-y-su-estrategia-de-implementacion-en-honduras\/","og_site_name":"Climate Change Atelier","article_published_time":"2025-07-24T13:06:58+00:00","article_modified_time":"2026-02-19T06:07:40+00:00","og_image":[{"width":1280,"height":960,"url":"https:\/\/www.ccatelier.es\/wp-content\/uploads\/2025\/07\/honduras-2.jpg","type":"image\/jpeg"}],"author":"admin","twitter_card":"summary_large_image","twitter_misc":{"Written by":"admin","Estimated reading time":"2 minutes"},"schema":{"@context":"https:\/\/schema.org","@graph":[{"@type":"Article","@id":"https:\/\/www.ccatelier.es\/desarrollar-el-plan-de-asociacion-ndc-y-su-estrategia-de-implementacion-en-honduras\/#article","isPartOf":{"@id":"https:\/\/www.ccatelier.es\/desarrollar-el-plan-de-asociacion-ndc-y-su-estrategia-de-implementacion-en-honduras\/"},"author":{"name":"admin","@id":"https:\/\/www.ccatelier.es\/#\/schema\/person\/468ef15b7071978511257f3cb6a37fd7"},"headline":"Desarrollar el Plan de Asociaci\u00f3n del NDC y su Estrategia de Implementaci\u00f3n en Honduras","datePublished":"2025-07-24T13:06:58+00:00","dateModified":"2026-02-19T06:07:40+00:00","mainEntityOfPage":{"@id":"https:\/\/www.ccatelier.es\/desarrollar-el-plan-de-asociacion-ndc-y-su-estrategia-de-implementacion-en-honduras\/"},"wordCount":374,"commentCount":0,"image":{"@id":"https:\/\/www.ccatelier.es\/desarrollar-el-plan-de-asociacion-ndc-y-su-estrategia-de-implementacion-en-honduras\/#primaryimage"},"thumbnailUrl":"https:\/\/www.ccatelier.es\/wp-content\/uploads\/2025\/07\/honduras-2.jpg","keywords":["Honduras"],"articleSection":["Transparencia y sistemas de reporte"],"inLanguage":"en-GB","potentialAction":[{"@type":"CommentAction","name":"Comment","target":["https:\/\/www.ccatelier.es\/desarrollar-el-plan-de-asociacion-ndc-y-su-estrategia-de-implementacion-en-honduras\/#respond"]}]},{"@type":"WebPage","@id":"https:\/\/www.ccatelier.es\/desarrollar-el-plan-de-asociacion-ndc-y-su-estrategia-de-implementacion-en-honduras\/","url":"https:\/\/www.ccatelier.es\/desarrollar-el-plan-de-asociacion-ndc-y-su-estrategia-de-implementacion-en-honduras\/","name":"Desarrollar el Plan de Asociaci\u00f3n del NDC y su Estrategia de Implementaci\u00f3n en Honduras - Climate Change Atelier","isPartOf":{"@id":"https:\/\/www.ccatelier.es\/#website"},"primaryImageOfPage":{"@id":"https:\/\/www.ccatelier.es\/desarrollar-el-plan-de-asociacion-ndc-y-su-estrategia-de-implementacion-en-honduras\/#primaryimage"},"image":{"@id":"https:\/\/www.ccatelier.es\/desarrollar-el-plan-de-asociacion-ndc-y-su-estrategia-de-implementacion-en-honduras\/#primaryimage"},"thumbnailUrl":"https:\/\/www.ccatelier.es\/wp-content\/uploads\/2025\/07\/honduras-2.jpg","datePublished":"2025-07-24T13:06:58+00:00","dateModified":"2026-02-19T06:07:40+00:00","author":{"@id":"https:\/\/www.ccatelier.es\/#\/schema\/person\/468ef15b7071978511257f3cb6a37fd7"},"breadcrumb":{"@id":"https:\/\/www.ccatelier.es\/desarrollar-el-plan-de-asociacion-ndc-y-su-estrategia-de-implementacion-en-honduras\/#breadcrumb"},"inLanguage":"en-GB","potentialAction":[{"@type":"ReadAction","target":["https:\/\/www.ccatelier.es\/desarrollar-el-plan-de-asociacion-ndc-y-su-estrategia-de-implementacion-en-honduras\/"]}]},{"@type":"ImageObject","inLanguage":"en-GB","@id":"https:\/\/www.ccatelier.es\/desarrollar-el-plan-de-asociacion-ndc-y-su-estrategia-de-implementacion-en-honduras\/#primaryimage","url":"https:\/\/www.ccatelier.es\/wp-content\/uploads\/2025\/07\/honduras-2.jpg","contentUrl":"https:\/\/www.ccatelier.es\/wp-content\/uploads\/2025\/07\/honduras-2.jpg","width":1280,"height":960},{"@type":"BreadcrumbList","@id":"https:\/\/www.ccatelier.es\/desarrollar-el-plan-de-asociacion-ndc-y-su-estrategia-de-implementacion-en-honduras\/#breadcrumb","itemListElement":[{"@type":"ListItem","position":1,"name":"Portada","item":"https:\/\/www.ccatelier.es\/"},{"@type":"ListItem","position":2,"name":"Desarrollar el Plan de Asociaci\u00f3n del NDC y su Estrategia de Implementaci\u00f3n en Honduras"}]},{"@type":"WebSite","@id":"https:\/\/www.ccatelier.es\/#website","url":"https:\/\/www.ccatelier.es\/","name":"Climate Change Atelier","description":"Consultora especializada en cambio clim\u00e1tico, transparencia, NDCs, inventarios GEI y financiamiento clim\u00e1tico. Experiencia internacional y enfoque t\u00e9cnico adaptado.","potentialAction":[{"@type":"SearchAction","target":{"@type":"EntryPoint","urlTemplate":"https:\/\/www.ccatelier.es\/?s={search_term_string}"},"query-input":{"@type":"PropertyValueSpecification","valueRequired":true,"valueName":"search_term_string"}}],"inLanguage":"en-GB"},{"@type":"Person","@id":"https:\/\/www.ccatelier.es\/#\/schema\/person\/468ef15b7071978511257f3cb6a37fd7","name":"admin","image":{"@type":"ImageObject","inLanguage":"en-GB","@id":"https:\/\/secure.gravatar.com\/avatar\/5e5d037f5eb89be41a2c1967d5c5b7113f430db59ccee33ae492b86c0847ab0e?s=96&d=mm&r=g","url":"https:\/\/secure.gravatar.com\/avatar\/5e5d037f5eb89be41a2c1967d5c5b7113f430db59ccee33ae492b86c0847ab0e?s=96&d=mm&r=g","contentUrl":"https:\/\/secure.gravatar.com\/avatar\/5e5d037f5eb89be41a2c1967d5c5b7113f430db59ccee33ae492b86c0847ab0e?s=96&d=mm&r=g","caption":"admin"},"sameAs":["https:\/\/www.ccatelier.es"],"url":"https:\/\/www.ccatelier.es\/en\/author\/admin\/"}]}},"_links":{"self":[{"href":"https:\/\/www.ccatelier.es\/en\/wp-json\/wp\/v2\/posts\/579","targetHints":{"allow":["GET"]}}],"collection":[{"href":"https:\/\/www.ccatelier.es\/en\/wp-json\/wp\/v2\/posts"}],"about":[{"href":"https:\/\/www.ccatelier.es\/en\/wp-json\/wp\/v2\/types\/post"}],"author":[{"embeddable":true,"href":"https:\/\/www.ccatelier.es\/en\/wp-json\/wp\/v2\/users\/1"}],"replies":[{"embeddable":true,"href":"https:\/\/www.ccatelier.es\/en\/wp-json\/wp\/v2\/comments?post=579"}],"version-history":[{"count":10,"href":"https:\/\/www.ccatelier.es\/en\/wp-json\/wp\/v2\/posts\/579\/revisions"}],"predecessor-version":[{"id":1613,"href":"https:\/\/www.ccatelier.es\/en\/wp-json\/wp\/v2\/posts\/579\/revisions\/1613"}],"wp:featuredmedia":[{"embeddable":true,"href":"https:\/\/www.ccatelier.es\/en\/wp-json\/wp\/v2\/media\/580"}],"wp:attachment":[{"href":"https:\/\/www.ccatelier.es\/en\/wp-json\/wp\/v2\/media?parent=579"}],"wp:term":[{"taxonomy":"category","embeddable":true,"href":"https:\/\/www.ccatelier.es\/en\/wp-json\/wp\/v2\/categories?post=579"},{"taxonomy":"post_tag","embeddable":true,"href":"https:\/\/www.ccatelier.es\/en\/wp-json\/wp\/v2\/tags?post=579"}],"curies":[{"name":"wp","href":"https:\/\/api.w.org\/{rel}","templated":true}]}}