{"id":573,"date":"2025-07-24T13:05:07","date_gmt":"2025-07-24T13:05:07","guid":{"rendered":"https:\/\/www.ccatelier.es\/?p=573"},"modified":"2026-02-19T06:20:07","modified_gmt":"2026-02-19T06:20:07","slug":"creacion-de-capacidad-institucional-para-la-evaluacion-de-las-reservas-de-carbono-en-el-sector-utcuts-y-la-vigilancia-de-los-bosques-en-mauricio","status":"publish","type":"post","link":"https:\/\/www.ccatelier.es\/en\/creacion-de-capacidad-institucional-para-la-evaluacion-de-las-reservas-de-carbono-en-el-sector-utcuts-y-la-vigilancia-de-los-bosques-en-mauricio\/","title":{"rendered":"Fortalecimiento institucional de capacidades para la evaluaci\u00f3n de reservas de carbono en el sector LULUCF y el monitoreo de bosques en Mauricio"},"content":{"rendered":"<div data-elementor-type=\"wp-post\" data-elementor-id=\"573\" class=\"elementor elementor-573\" data-elementor-post-type=\"post\">\n\t\t\t\t<div class=\"elementor-element elementor-element-5e8992c0 e-flex e-con-boxed e-con e-parent\" data-id=\"5e8992c0\" data-element_type=\"container\" data-e-type=\"container\">\n\t\t\t\t\t<div class=\"e-con-inner\">\n\t\t\t\t<div class=\"elementor-element elementor-element-4e571336 elementor-widget elementor-widget-text-editor\" data-id=\"4e571336\" data-element_type=\"widget\" data-e-type=\"widget\" data-widget_type=\"text-editor.default\">\n\t\t\t\t<div class=\"elementor-widget-container\">\n\t\t\t\t\t\t\t\t\t<p>El proyecto apoya a la Rep\u00fablica de Mauricio en el fortalecimiento de las capacidades institucionales y t\u00e9cnicas para medir, informar y monitorizar las emisiones y extracciones de GEI espec\u00edficamente de los bosques nativos restantes del pa\u00eds, que est\u00e1n en peligro cr\u00edtico. El trabajo se centra en mejorar las estimaciones de las reservas de carbono y el secuestro bajo diferentes escenarios de protecci\u00f3n y gesti\u00f3n, evaluando posibles resultados futuros seg\u00fan el grado de las acciones de conservaci\u00f3n y restauraci\u00f3n. El proyecto desarrolla herramientas, metodolog\u00edas y protocolos de monitorizaci\u00f3n personalizados, al tiempo que mejora la capacidad t\u00e9cnica mediante formaci\u00f3n espec\u00edfica y la participaci\u00f3n de los interesados. Esto contribuye a los compromisos de Mauricio bajo la CMNUCC y a la gesti\u00f3n sostenible de sus bosques nativos.<br \/><br \/><strong>Project Title<\/strong>: Desarrollo institucional de capacidades para la evaluaci\u00f3n continua in situ de las reservas de carbono en el sector LULUCF y el monitoreo de bosques diferenciando entre tipos de bosques en Mauricio<br \/><strong>Typology<\/strong>: Mitigation &amp; Technical Reviews<br \/><strong>Region:<\/strong> \u00c1frica<br \/><strong>Country:<\/strong> Mauricio<br \/><strong>Customer:<\/strong> EUROPEAID<br \/><strong>Period:<\/strong> 01\/07\/2024-10\/01\/2025<br \/><br \/><strong>Activities performed:<\/strong> <br \/>&#8211; Liderar la evaluaci\u00f3n de las brechas de capacidad institucional y las necesidades de datos para estimar GEI en \u00e1reas de bosque nativo.<br \/>&#8211; Revisar y analizar datos y metodolog\u00edas nacionales para mejorar la precisi\u00f3n y completitud de las estimaciones de stock de carbono y de secuestro para los bosques nativos restantes.<br \/>&#8211; Estimar las emisiones actuales y proyectadas de GEI y las eliminaciones de bosques nativos bajo diferentes escenarios de protecci\u00f3n y gesti\u00f3n utilizando directrices del IPCC e investigaciones nacionales.<br \/>&#8211; Desarrollar herramientas de modelizaci\u00f3n personalizadas, bases de datos y protocolos para monitorizar las reservas de carbono de los bosques nativos y los beneficios de la restauraci\u00f3n.<br \/>&#8211; Dise\u00f1ar e impartir programas de formaci\u00f3n para el personal t\u00e9cnico sobre evaluaci\u00f3n de carbono forestal, t\u00e9cnicas de MRV y proyecciones basadas en escenarios.<br \/>&#8211; Proporcionar orientaci\u00f3n t\u00e9cnica para integrar los resultados de los proyectos en la informaci\u00f3n nacional y en las futuras estrategias de conservaci\u00f3n.<\/p>\t\t\t\t\t\t\t\t<\/div>\n\t\t\t\t<\/div>\n\t\t\t\t\t<\/div>\n\t\t\t\t<\/div>\n\t\t\t\t<\/div>","protected":false},"excerpt":{"rendered":"<p>El proyecto apoya a la Rep\u00fablica de Mauricio en el fortalecimiento de las capacidades institucionales y t\u00e9cnicas para medir, informar y monitorizar las emisiones y extracciones de GEI espec\u00edficamente de los bosques nativos restantes del pa\u00eds, que est\u00e1n en peligro cr\u00edtico. El trabajo se centra en mejorar las estimaciones de las reservas de carbono y&hellip;&nbsp;<\/p>","protected":false},"author":1,"featured_media":1107,"comment_status":"open","ping_status":"open","sticky":false,"template":"","format":"standard","meta":{"_acf_changed":false,"neve_meta_sidebar":"","neve_meta_container":"","neve_meta_enable_content_width":"off","neve_meta_content_width":70,"neve_meta_title_alignment":"","neve_meta_author_avatar":"","neve_post_elements_order":"","neve_meta_disable_header":"","neve_meta_disable_footer":"","neve_meta_disable_title":"","footnotes":""},"categories":[16],"tags":[60],"class_list":["post-573","post","type-post","status-publish","format-standard","has-post-thumbnail","hentry","category-fortalecimiento-de-capacidades","tag-mauricio"],"acf":[],"yoast_head":"<!-- This site is optimized with the Yoast SEO plugin v27.4 - https:\/\/yoast.com\/product\/yoast-seo-wordpress\/ -->\n<title>Fortalecimiento institucional de capacidades para la evaluaci\u00f3n de reservas de carbono en el sector LULUCF y el monitoreo de bosques en Mauricio - Climate Change Atelier<\/title>\n<meta name=\"robots\" content=\"index, follow, max-snippet:-1, max-image-preview:large, max-video-preview:-1\" \/>\n<link rel=\"canonical\" href=\"https:\/\/www.ccatelier.es\/en\/creacion-de-capacidad-institucional-para-la-evaluacion-de-las-reservas-de-carbono-en-el-sector-utcuts-y-la-vigilancia-de-los-bosques-en-mauricio\/\" \/>\n<meta property=\"og:locale\" content=\"en_GB\" \/>\n<meta property=\"og:type\" content=\"article\" \/>\n<meta property=\"og:title\" content=\"Fortalecimiento institucional de capacidades para la evaluaci\u00f3n de reservas de carbono en el sector LULUCF y el monitoreo de bosques en Mauricio - Climate Change Atelier\" \/>\n<meta property=\"og:description\" content=\"El proyecto apoya a la Rep\u00fablica de Mauricio en el fortalecimiento de las capacidades institucionales y t\u00e9cnicas para medir, informar y monitorizar las emisiones y extracciones de GEI espec\u00edficamente de los bosques nativos restantes del pa\u00eds, que est\u00e1n en peligro cr\u00edtico. El trabajo se centra en mejorar las estimaciones de las reservas de carbono y&hellip;&nbsp;\" \/>\n<meta property=\"og:url\" content=\"https:\/\/www.ccatelier.es\/en\/creacion-de-capacidad-institucional-para-la-evaluacion-de-las-reservas-de-carbono-en-el-sector-utcuts-y-la-vigilancia-de-los-bosques-en-mauricio\/\" \/>\n<meta property=\"og:site_name\" content=\"Climate Change Atelier\" \/>\n<meta property=\"article:published_time\" content=\"2025-07-24T13:05:07+00:00\" \/>\n<meta property=\"article:modified_time\" content=\"2026-02-19T06:20:07+00:00\" \/>\n<meta property=\"og:image\" content=\"https:\/\/www.ccatelier.es\/wp-content\/uploads\/2025\/07\/cataratas-alexandra-en-isla-mauricio.jpeg\" \/>\n\t<meta property=\"og:image:width\" content=\"1200\" \/>\n\t<meta property=\"og:image:height\" content=\"690\" \/>\n\t<meta property=\"og:image:type\" content=\"image\/jpeg\" \/>\n<meta name=\"author\" content=\"admin\" \/>\n<meta name=\"twitter:card\" content=\"summary_large_image\" \/>\n<meta name=\"twitter:label1\" content=\"Written by\" \/>\n\t<meta name=\"twitter:data1\" content=\"admin\" \/>\n\t<meta name=\"twitter:label2\" content=\"Estimated reading time\" \/>\n\t<meta name=\"twitter:data2\" content=\"2 minutes\" \/>\n<script type=\"application\/ld+json\" class=\"yoast-schema-graph\">{\"@context\":\"https:\\\/\\\/schema.org\",\"@graph\":[{\"@type\":\"Article\",\"@id\":\"https:\\\/\\\/www.ccatelier.es\\\/creacion-de-capacidad-institucional-para-la-evaluacion-de-las-reservas-de-carbono-en-el-sector-utcuts-y-la-vigilancia-de-los-bosques-en-mauricio\\\/#article\",\"isPartOf\":{\"@id\":\"https:\\\/\\\/www.ccatelier.es\\\/creacion-de-capacidad-institucional-para-la-evaluacion-de-las-reservas-de-carbono-en-el-sector-utcuts-y-la-vigilancia-de-los-bosques-en-mauricio\\\/\"},\"author\":{\"name\":\"admin\",\"@id\":\"https:\\\/\\\/www.ccatelier.es\\\/#\\\/schema\\\/person\\\/468ef15b7071978511257f3cb6a37fd7\"},\"headline\":\"Fortalecimiento institucional de capacidades para la evaluaci\u00f3n de reservas de carbono en el sector LULUCF y el monitoreo de bosques en Mauricio\",\"datePublished\":\"2025-07-24T13:05:07+00:00\",\"dateModified\":\"2026-02-19T06:20:07+00:00\",\"mainEntityOfPage\":{\"@id\":\"https:\\\/\\\/www.ccatelier.es\\\/creacion-de-capacidad-institucional-para-la-evaluacion-de-las-reservas-de-carbono-en-el-sector-utcuts-y-la-vigilancia-de-los-bosques-en-mauricio\\\/\"},\"wordCount\":387,\"commentCount\":0,\"image\":{\"@id\":\"https:\\\/\\\/www.ccatelier.es\\\/creacion-de-capacidad-institucional-para-la-evaluacion-de-las-reservas-de-carbono-en-el-sector-utcuts-y-la-vigilancia-de-los-bosques-en-mauricio\\\/#primaryimage\"},\"thumbnailUrl\":\"https:\\\/\\\/www.ccatelier.es\\\/wp-content\\\/uploads\\\/2025\\\/07\\\/cataratas-alexandra-en-isla-mauricio.jpeg\",\"keywords\":[\"Mauricio\"],\"articleSection\":[\"Fortalecimiento de capacidades\"],\"inLanguage\":\"en-GB\",\"potentialAction\":[{\"@type\":\"CommentAction\",\"name\":\"Comment\",\"target\":[\"https:\\\/\\\/www.ccatelier.es\\\/creacion-de-capacidad-institucional-para-la-evaluacion-de-las-reservas-de-carbono-en-el-sector-utcuts-y-la-vigilancia-de-los-bosques-en-mauricio\\\/#respond\"]}]},{\"@type\":\"WebPage\",\"@id\":\"https:\\\/\\\/www.ccatelier.es\\\/creacion-de-capacidad-institucional-para-la-evaluacion-de-las-reservas-de-carbono-en-el-sector-utcuts-y-la-vigilancia-de-los-bosques-en-mauricio\\\/\",\"url\":\"https:\\\/\\\/www.ccatelier.es\\\/creacion-de-capacidad-institucional-para-la-evaluacion-de-las-reservas-de-carbono-en-el-sector-utcuts-y-la-vigilancia-de-los-bosques-en-mauricio\\\/\",\"name\":\"Fortalecimiento institucional de capacidades para la evaluaci\u00f3n de reservas de carbono en el sector LULUCF y el monitoreo de bosques en Mauricio - Climate Change Atelier\",\"isPartOf\":{\"@id\":\"https:\\\/\\\/www.ccatelier.es\\\/#website\"},\"primaryImageOfPage\":{\"@id\":\"https:\\\/\\\/www.ccatelier.es\\\/creacion-de-capacidad-institucional-para-la-evaluacion-de-las-reservas-de-carbono-en-el-sector-utcuts-y-la-vigilancia-de-los-bosques-en-mauricio\\\/#primaryimage\"},\"image\":{\"@id\":\"https:\\\/\\\/www.ccatelier.es\\\/creacion-de-capacidad-institucional-para-la-evaluacion-de-las-reservas-de-carbono-en-el-sector-utcuts-y-la-vigilancia-de-los-bosques-en-mauricio\\\/#primaryimage\"},\"thumbnailUrl\":\"https:\\\/\\\/www.ccatelier.es\\\/wp-content\\\/uploads\\\/2025\\\/07\\\/cataratas-alexandra-en-isla-mauricio.jpeg\",\"datePublished\":\"2025-07-24T13:05:07+00:00\",\"dateModified\":\"2026-02-19T06:20:07+00:00\",\"author\":{\"@id\":\"https:\\\/\\\/www.ccatelier.es\\\/#\\\/schema\\\/person\\\/468ef15b7071978511257f3cb6a37fd7\"},\"breadcrumb\":{\"@id\":\"https:\\\/\\\/www.ccatelier.es\\\/creacion-de-capacidad-institucional-para-la-evaluacion-de-las-reservas-de-carbono-en-el-sector-utcuts-y-la-vigilancia-de-los-bosques-en-mauricio\\\/#breadcrumb\"},\"inLanguage\":\"en-GB\",\"potentialAction\":[{\"@type\":\"ReadAction\",\"target\":[\"https:\\\/\\\/www.ccatelier.es\\\/creacion-de-capacidad-institucional-para-la-evaluacion-de-las-reservas-de-carbono-en-el-sector-utcuts-y-la-vigilancia-de-los-bosques-en-mauricio\\\/\"]}]},{\"@type\":\"ImageObject\",\"inLanguage\":\"en-GB\",\"@id\":\"https:\\\/\\\/www.ccatelier.es\\\/creacion-de-capacidad-institucional-para-la-evaluacion-de-las-reservas-de-carbono-en-el-sector-utcuts-y-la-vigilancia-de-los-bosques-en-mauricio\\\/#primaryimage\",\"url\":\"https:\\\/\\\/www.ccatelier.es\\\/wp-content\\\/uploads\\\/2025\\\/07\\\/cataratas-alexandra-en-isla-mauricio.jpeg\",\"contentUrl\":\"https:\\\/\\\/www.ccatelier.es\\\/wp-content\\\/uploads\\\/2025\\\/07\\\/cataratas-alexandra-en-isla-mauricio.jpeg\",\"width\":1200,\"height\":690},{\"@type\":\"BreadcrumbList\",\"@id\":\"https:\\\/\\\/www.ccatelier.es\\\/creacion-de-capacidad-institucional-para-la-evaluacion-de-las-reservas-de-carbono-en-el-sector-utcuts-y-la-vigilancia-de-los-bosques-en-mauricio\\\/#breadcrumb\",\"itemListElement\":[{\"@type\":\"ListItem\",\"position\":1,\"name\":\"Portada\",\"item\":\"https:\\\/\\\/www.ccatelier.es\\\/\"},{\"@type\":\"ListItem\",\"position\":2,\"name\":\"Fortalecimiento institucional de capacidades para la evaluaci\u00f3n de reservas de carbono en el sector LULUCF y el monitoreo de bosques en Mauricio\"}]},{\"@type\":\"WebSite\",\"@id\":\"https:\\\/\\\/www.ccatelier.es\\\/#website\",\"url\":\"https:\\\/\\\/www.ccatelier.es\\\/\",\"name\":\"Climate Change Atelier\",\"description\":\"Consultora especializada en cambio clim\u00e1tico, transparencia, NDCs, inventarios GEI y financiamiento clim\u00e1tico. Experiencia internacional y enfoque t\u00e9cnico adaptado.\",\"potentialAction\":[{\"@type\":\"SearchAction\",\"target\":{\"@type\":\"EntryPoint\",\"urlTemplate\":\"https:\\\/\\\/www.ccatelier.es\\\/?s={search_term_string}\"},\"query-input\":{\"@type\":\"PropertyValueSpecification\",\"valueRequired\":true,\"valueName\":\"search_term_string\"}}],\"inLanguage\":\"en-GB\"},{\"@type\":\"Person\",\"@id\":\"https:\\\/\\\/www.ccatelier.es\\\/#\\\/schema\\\/person\\\/468ef15b7071978511257f3cb6a37fd7\",\"name\":\"admin\",\"image\":{\"@type\":\"ImageObject\",\"inLanguage\":\"en-GB\",\"@id\":\"https:\\\/\\\/secure.gravatar.com\\\/avatar\\\/5e5d037f5eb89be41a2c1967d5c5b7113f430db59ccee33ae492b86c0847ab0e?s=96&d=mm&r=g\",\"url\":\"https:\\\/\\\/secure.gravatar.com\\\/avatar\\\/5e5d037f5eb89be41a2c1967d5c5b7113f430db59ccee33ae492b86c0847ab0e?s=96&d=mm&r=g\",\"contentUrl\":\"https:\\\/\\\/secure.gravatar.com\\\/avatar\\\/5e5d037f5eb89be41a2c1967d5c5b7113f430db59ccee33ae492b86c0847ab0e?s=96&d=mm&r=g\",\"caption\":\"admin\"},\"sameAs\":[\"https:\\\/\\\/www.ccatelier.es\"],\"url\":\"https:\\\/\\\/www.ccatelier.es\\\/en\\\/author\\\/admin\\\/\"}]}<\/script>\n<!-- \/ Yoast SEO plugin. -->","yoast_head_json":{"title":"Fortalecimiento institucional de capacidades para la evaluaci\u00f3n de reservas de carbono en el sector LULUCF y el monitoreo de bosques en Mauricio - Climate Change Atelier","robots":{"index":"index","follow":"follow","max-snippet":"max-snippet:-1","max-image-preview":"max-image-preview:large","max-video-preview":"max-video-preview:-1"},"canonical":"https:\/\/www.ccatelier.es\/en\/creacion-de-capacidad-institucional-para-la-evaluacion-de-las-reservas-de-carbono-en-el-sector-utcuts-y-la-vigilancia-de-los-bosques-en-mauricio\/","og_locale":"en_GB","og_type":"article","og_title":"Fortalecimiento institucional de capacidades para la evaluaci\u00f3n de reservas de carbono en el sector LULUCF y el monitoreo de bosques en Mauricio - Climate Change Atelier","og_description":"El proyecto apoya a la Rep\u00fablica de Mauricio en el fortalecimiento de las capacidades institucionales y t\u00e9cnicas para medir, informar y monitorizar las emisiones y extracciones de GEI espec\u00edficamente de los bosques nativos restantes del pa\u00eds, que est\u00e1n en peligro cr\u00edtico. El trabajo se centra en mejorar las estimaciones de las reservas de carbono y&hellip;&nbsp;","og_url":"https:\/\/www.ccatelier.es\/en\/creacion-de-capacidad-institucional-para-la-evaluacion-de-las-reservas-de-carbono-en-el-sector-utcuts-y-la-vigilancia-de-los-bosques-en-mauricio\/","og_site_name":"Climate Change Atelier","article_published_time":"2025-07-24T13:05:07+00:00","article_modified_time":"2026-02-19T06:20:07+00:00","og_image":[{"width":1200,"height":690,"url":"https:\/\/www.ccatelier.es\/wp-content\/uploads\/2025\/07\/cataratas-alexandra-en-isla-mauricio.jpeg","type":"image\/jpeg"}],"author":"admin","twitter_card":"summary_large_image","twitter_misc":{"Written by":"admin","Estimated reading time":"2 minutes"},"schema":{"@context":"https:\/\/schema.org","@graph":[{"@type":"Article","@id":"https:\/\/www.ccatelier.es\/creacion-de-capacidad-institucional-para-la-evaluacion-de-las-reservas-de-carbono-en-el-sector-utcuts-y-la-vigilancia-de-los-bosques-en-mauricio\/#article","isPartOf":{"@id":"https:\/\/www.ccatelier.es\/creacion-de-capacidad-institucional-para-la-evaluacion-de-las-reservas-de-carbono-en-el-sector-utcuts-y-la-vigilancia-de-los-bosques-en-mauricio\/"},"author":{"name":"admin","@id":"https:\/\/www.ccatelier.es\/#\/schema\/person\/468ef15b7071978511257f3cb6a37fd7"},"headline":"Fortalecimiento institucional de capacidades para la evaluaci\u00f3n de reservas de carbono en el sector LULUCF y el monitoreo de bosques en Mauricio","datePublished":"2025-07-24T13:05:07+00:00","dateModified":"2026-02-19T06:20:07+00:00","mainEntityOfPage":{"@id":"https:\/\/www.ccatelier.es\/creacion-de-capacidad-institucional-para-la-evaluacion-de-las-reservas-de-carbono-en-el-sector-utcuts-y-la-vigilancia-de-los-bosques-en-mauricio\/"},"wordCount":387,"commentCount":0,"image":{"@id":"https:\/\/www.ccatelier.es\/creacion-de-capacidad-institucional-para-la-evaluacion-de-las-reservas-de-carbono-en-el-sector-utcuts-y-la-vigilancia-de-los-bosques-en-mauricio\/#primaryimage"},"thumbnailUrl":"https:\/\/www.ccatelier.es\/wp-content\/uploads\/2025\/07\/cataratas-alexandra-en-isla-mauricio.jpeg","keywords":["Mauricio"],"articleSection":["Fortalecimiento de capacidades"],"inLanguage":"en-GB","potentialAction":[{"@type":"CommentAction","name":"Comment","target":["https:\/\/www.ccatelier.es\/creacion-de-capacidad-institucional-para-la-evaluacion-de-las-reservas-de-carbono-en-el-sector-utcuts-y-la-vigilancia-de-los-bosques-en-mauricio\/#respond"]}]},{"@type":"WebPage","@id":"https:\/\/www.ccatelier.es\/creacion-de-capacidad-institucional-para-la-evaluacion-de-las-reservas-de-carbono-en-el-sector-utcuts-y-la-vigilancia-de-los-bosques-en-mauricio\/","url":"https:\/\/www.ccatelier.es\/creacion-de-capacidad-institucional-para-la-evaluacion-de-las-reservas-de-carbono-en-el-sector-utcuts-y-la-vigilancia-de-los-bosques-en-mauricio\/","name":"Fortalecimiento institucional de capacidades para la evaluaci\u00f3n de reservas de carbono en el sector LULUCF y el monitoreo de bosques en Mauricio - Climate Change Atelier","isPartOf":{"@id":"https:\/\/www.ccatelier.es\/#website"},"primaryImageOfPage":{"@id":"https:\/\/www.ccatelier.es\/creacion-de-capacidad-institucional-para-la-evaluacion-de-las-reservas-de-carbono-en-el-sector-utcuts-y-la-vigilancia-de-los-bosques-en-mauricio\/#primaryimage"},"image":{"@id":"https:\/\/www.ccatelier.es\/creacion-de-capacidad-institucional-para-la-evaluacion-de-las-reservas-de-carbono-en-el-sector-utcuts-y-la-vigilancia-de-los-bosques-en-mauricio\/#primaryimage"},"thumbnailUrl":"https:\/\/www.ccatelier.es\/wp-content\/uploads\/2025\/07\/cataratas-alexandra-en-isla-mauricio.jpeg","datePublished":"2025-07-24T13:05:07+00:00","dateModified":"2026-02-19T06:20:07+00:00","author":{"@id":"https:\/\/www.ccatelier.es\/#\/schema\/person\/468ef15b7071978511257f3cb6a37fd7"},"breadcrumb":{"@id":"https:\/\/www.ccatelier.es\/creacion-de-capacidad-institucional-para-la-evaluacion-de-las-reservas-de-carbono-en-el-sector-utcuts-y-la-vigilancia-de-los-bosques-en-mauricio\/#breadcrumb"},"inLanguage":"en-GB","potentialAction":[{"@type":"ReadAction","target":["https:\/\/www.ccatelier.es\/creacion-de-capacidad-institucional-para-la-evaluacion-de-las-reservas-de-carbono-en-el-sector-utcuts-y-la-vigilancia-de-los-bosques-en-mauricio\/"]}]},{"@type":"ImageObject","inLanguage":"en-GB","@id":"https:\/\/www.ccatelier.es\/creacion-de-capacidad-institucional-para-la-evaluacion-de-las-reservas-de-carbono-en-el-sector-utcuts-y-la-vigilancia-de-los-bosques-en-mauricio\/#primaryimage","url":"https:\/\/www.ccatelier.es\/wp-content\/uploads\/2025\/07\/cataratas-alexandra-en-isla-mauricio.jpeg","contentUrl":"https:\/\/www.ccatelier.es\/wp-content\/uploads\/2025\/07\/cataratas-alexandra-en-isla-mauricio.jpeg","width":1200,"height":690},{"@type":"BreadcrumbList","@id":"https:\/\/www.ccatelier.es\/creacion-de-capacidad-institucional-para-la-evaluacion-de-las-reservas-de-carbono-en-el-sector-utcuts-y-la-vigilancia-de-los-bosques-en-mauricio\/#breadcrumb","itemListElement":[{"@type":"ListItem","position":1,"name":"Portada","item":"https:\/\/www.ccatelier.es\/"},{"@type":"ListItem","position":2,"name":"Fortalecimiento institucional de capacidades para la evaluaci\u00f3n de reservas de carbono en el sector LULUCF y el monitoreo de bosques en Mauricio"}]},{"@type":"WebSite","@id":"https:\/\/www.ccatelier.es\/#website","url":"https:\/\/www.ccatelier.es\/","name":"Climate Change Atelier","description":"Consultora especializada en cambio clim\u00e1tico, transparencia, NDCs, inventarios GEI y financiamiento clim\u00e1tico. Experiencia internacional y enfoque t\u00e9cnico adaptado.","potentialAction":[{"@type":"SearchAction","target":{"@type":"EntryPoint","urlTemplate":"https:\/\/www.ccatelier.es\/?s={search_term_string}"},"query-input":{"@type":"PropertyValueSpecification","valueRequired":true,"valueName":"search_term_string"}}],"inLanguage":"en-GB"},{"@type":"Person","@id":"https:\/\/www.ccatelier.es\/#\/schema\/person\/468ef15b7071978511257f3cb6a37fd7","name":"admin","image":{"@type":"ImageObject","inLanguage":"en-GB","@id":"https:\/\/secure.gravatar.com\/avatar\/5e5d037f5eb89be41a2c1967d5c5b7113f430db59ccee33ae492b86c0847ab0e?s=96&d=mm&r=g","url":"https:\/\/secure.gravatar.com\/avatar\/5e5d037f5eb89be41a2c1967d5c5b7113f430db59ccee33ae492b86c0847ab0e?s=96&d=mm&r=g","contentUrl":"https:\/\/secure.gravatar.com\/avatar\/5e5d037f5eb89be41a2c1967d5c5b7113f430db59ccee33ae492b86c0847ab0e?s=96&d=mm&r=g","caption":"admin"},"sameAs":["https:\/\/www.ccatelier.es"],"url":"https:\/\/www.ccatelier.es\/en\/author\/admin\/"}]}},"_links":{"self":[{"href":"https:\/\/www.ccatelier.es\/en\/wp-json\/wp\/v2\/posts\/573","targetHints":{"allow":["GET"]}}],"collection":[{"href":"https:\/\/www.ccatelier.es\/en\/wp-json\/wp\/v2\/posts"}],"about":[{"href":"https:\/\/www.ccatelier.es\/en\/wp-json\/wp\/v2\/types\/post"}],"author":[{"embeddable":true,"href":"https:\/\/www.ccatelier.es\/en\/wp-json\/wp\/v2\/users\/1"}],"replies":[{"embeddable":true,"href":"https:\/\/www.ccatelier.es\/en\/wp-json\/wp\/v2\/comments?post=573"}],"version-history":[{"count":9,"href":"https:\/\/www.ccatelier.es\/en\/wp-json\/wp\/v2\/posts\/573\/revisions"}],"predecessor-version":[{"id":1622,"href":"https:\/\/www.ccatelier.es\/en\/wp-json\/wp\/v2\/posts\/573\/revisions\/1622"}],"wp:featuredmedia":[{"embeddable":true,"href":"https:\/\/www.ccatelier.es\/en\/wp-json\/wp\/v2\/media\/1107"}],"wp:attachment":[{"href":"https:\/\/www.ccatelier.es\/en\/wp-json\/wp\/v2\/media?parent=573"}],"wp:term":[{"taxonomy":"category","embeddable":true,"href":"https:\/\/www.ccatelier.es\/en\/wp-json\/wp\/v2\/categories?post=573"},{"taxonomy":"post_tag","embeddable":true,"href":"https:\/\/www.ccatelier.es\/en\/wp-json\/wp\/v2\/tags?post=573"}],"curies":[{"name":"wp","href":"https:\/\/api.w.org\/{rel}","templated":true}]}}