{"id":567,"date":"2025-07-24T12:59:45","date_gmt":"2025-07-24T12:59:45","guid":{"rendered":"https:\/\/www.ccatelier.es\/?p=567"},"modified":"2026-02-19T06:25:49","modified_gmt":"2026-02-19T06:25:49","slug":"actualizacion-y-desarrollo-de-sig-para-el-monitoreo-forestal-y-prevencion-de-incendios-forestales-en-bolivia","status":"publish","type":"post","link":"https:\/\/www.ccatelier.es\/en\/actualizacion-y-desarrollo-de-sig-para-el-monitoreo-forestal-y-prevencion-de-incendios-forestales-en-bolivia\/","title":{"rendered":"An\u00e1lisis de los patrones de deforestaci\u00f3n y recomendaciones de prevenci\u00f3n de incendios forestales para Bolivia"},"content":{"rendered":"<div data-elementor-type=\"wp-post\" data-elementor-id=\"567\" class=\"elementor elementor-567\" data-elementor-post-type=\"post\">\n\t\t\t\t<div class=\"elementor-element elementor-element-42399ac4 e-flex e-con-boxed e-con e-parent\" data-id=\"42399ac4\" data-element_type=\"container\" data-e-type=\"container\">\n\t\t\t\t\t<div class=\"e-con-inner\">\n\t\t\t\t<div class=\"elementor-element elementor-element-6d69f1ff elementor-widget elementor-widget-text-editor\" data-id=\"6d69f1ff\" data-element_type=\"widget\" data-e-type=\"widget\" data-widget_type=\"text-editor.default\">\n\t\t\t\t<div class=\"elementor-widget-container\">\n\t\t\t\t\t\t\t\t\t<p>El proyecto tiene como objetivo apoyar a las autoridades p\u00fablicas en el fortalecimiento del monitoreo forestal, la prevenci\u00f3n de incendios forestales y la estimaci\u00f3n de las emisiones de GEI derivadas del cambio en el uso del suelo. Incluye identificar \u00e1reas de inter\u00e9s para la deforestaci\u00f3n, recopilar datos geoespaciales y mejorar la visualizaci\u00f3n, gesti\u00f3n y accesibilidad de la informaci\u00f3n forestal. El proyecto proporciona recomendaciones para mejorar las capacidades de monitoreo y alerta temprana de incendios forestales, establece mecanismos institucionales para un sistema MRV operativo, realiza una evaluaci\u00f3n de referencia de emisiones y eliminaciones en el sector forestal en las \u00e1reas seleccionadas, desarrolla y aplica un sistema de inventario de gases de efecto invernadero basado en matrices de cambio de uso del suelo y deforestaci\u00f3n, e incluye actividades de formaci\u00f3n y desarrollo de capacidades para las instituciones involucradas en la gesti\u00f3n y la presentaci\u00f3n de informes forestales bajo los marcos nacionales MRV y NDC.<br \/><br \/><strong>Project Title<\/strong>: Actualizaci\u00f3n y desarrollo de SIG para el monitoreo forestal y la prevenci\u00f3n de incendios forestales en Bolivia<br \/><strong>Typology<\/strong>: Mitigation &amp; Technical Reviews<br \/><strong>Region:<\/strong> Latin America and the Caribbean<br \/><strong>Country:<\/strong> Bolivia<br \/><strong>Customer:<\/strong> FIIAPP<br \/><strong>Period:<\/strong> 10\/12\/2023-28\/02\/2025<br \/><br \/><strong>Activities performed:<\/strong> <br \/>&#8211; Apoyar la selecci\u00f3n de \u00e1reas de inter\u00e9s para la deforestaci\u00f3n dentro del pa\u00eds.<br \/>&#8211; Procesar y analizar informaci\u00f3n SIG para su uso en el monitoreo forestal y la MRV.<br \/>&#8211; Desarrollar estimaciones hist\u00f3ricas y proyectadas de referencia de las emisiones de GEI derivadas de la deforestaci\u00f3n en bosques aut\u00f3ctonos.<br \/>&#8211; Identificar posibles causantes de la deforestaci\u00f3n y proporcionar recomendaciones t\u00e9cnicas para abordarlos.<br \/>&#8211; Revisar los acuerdos y acuerdos interinstitucionales existentes relacionados con LULUCF y asesorar sobre mejoras para mejorar la MRV y la notificaci\u00f3n.<\/p>\t\t\t\t\t\t\t\t<\/div>\n\t\t\t\t<\/div>\n\t\t\t\t\t<\/div>\n\t\t\t\t<\/div>\n\t\t\t\t<\/div>","protected":false},"excerpt":{"rendered":"<p>El proyecto tiene como objetivo apoyar a las autoridades p\u00fablicas en el fortalecimiento del monitoreo forestal, la prevenci\u00f3n de incendios forestales y la estimaci\u00f3n de las emisiones de GEI derivadas del cambio en el uso del suelo. Incluye identificar \u00e1reas de inter\u00e9s para la deforestaci\u00f3n, recopilar datos geoespaciales y mejorar la visualizaci\u00f3n, gesti\u00f3n y accesibilidad&hellip;&nbsp;<\/p>","protected":false},"author":1,"featured_media":1129,"comment_status":"open","ping_status":"open","sticky":false,"template":"","format":"standard","meta":{"_acf_changed":false,"neve_meta_sidebar":"","neve_meta_container":"","neve_meta_enable_content_width":"off","neve_meta_content_width":70,"neve_meta_title_alignment":"","neve_meta_author_avatar":"","neve_post_elements_order":"","neve_meta_disable_header":"","neve_meta_disable_footer":"","neve_meta_disable_title":"","footnotes":""},"categories":[15],"tags":[32],"class_list":["post-567","post","type-post","status-publish","format-standard","has-post-thumbnail","hentry","category-transparencia-climatica-y-reporte-internacional","tag-bolivia"],"acf":[],"yoast_head":"<!-- This site is optimized with the Yoast SEO plugin v27.4 - https:\/\/yoast.com\/product\/yoast-seo-wordpress\/ -->\n<title>An\u00e1lisis de los patrones de deforestaci\u00f3n y recomendaciones de prevenci\u00f3n de incendios forestales para Bolivia - Climate Change Atelier<\/title>\n<meta name=\"robots\" content=\"index, follow, max-snippet:-1, max-image-preview:large, max-video-preview:-1\" \/>\n<link rel=\"canonical\" href=\"https:\/\/www.ccatelier.es\/en\/actualizacion-y-desarrollo-de-sig-para-el-monitoreo-forestal-y-prevencion-de-incendios-forestales-en-bolivia\/\" \/>\n<meta property=\"og:locale\" content=\"en_GB\" \/>\n<meta property=\"og:type\" content=\"article\" \/>\n<meta property=\"og:title\" content=\"An\u00e1lisis de los patrones de deforestaci\u00f3n y recomendaciones de prevenci\u00f3n de incendios forestales para Bolivia - Climate Change Atelier\" \/>\n<meta property=\"og:description\" content=\"El proyecto tiene como objetivo apoyar a las autoridades p\u00fablicas en el fortalecimiento del monitoreo forestal, la prevenci\u00f3n de incendios forestales y la estimaci\u00f3n de las emisiones de GEI derivadas del cambio en el uso del suelo. Incluye identificar \u00e1reas de inter\u00e9s para la deforestaci\u00f3n, recopilar datos geoespaciales y mejorar la visualizaci\u00f3n, gesti\u00f3n y accesibilidad&hellip;&nbsp;\" \/>\n<meta property=\"og:url\" content=\"https:\/\/www.ccatelier.es\/en\/actualizacion-y-desarrollo-de-sig-para-el-monitoreo-forestal-y-prevencion-de-incendios-forestales-en-bolivia\/\" \/>\n<meta property=\"og:site_name\" content=\"Climate Change Atelier\" \/>\n<meta property=\"article:published_time\" content=\"2025-07-24T12:59:45+00:00\" \/>\n<meta property=\"article:modified_time\" content=\"2026-02-19T06:25:49+00:00\" \/>\n<meta property=\"og:image\" content=\"https:\/\/www.ccatelier.es\/wp-content\/uploads\/2025\/07\/gtte72_bolivia_110563.jpg\" \/>\n\t<meta property=\"og:image:width\" content=\"400\" \/>\n\t<meta property=\"og:image:height\" content=\"267\" \/>\n\t<meta property=\"og:image:type\" content=\"image\/jpeg\" \/>\n<meta name=\"author\" content=\"admin\" \/>\n<meta name=\"twitter:card\" content=\"summary_large_image\" \/>\n<meta name=\"twitter:label1\" content=\"Written by\" \/>\n\t<meta name=\"twitter:data1\" content=\"admin\" \/>\n\t<meta name=\"twitter:label2\" content=\"Estimated reading time\" \/>\n\t<meta name=\"twitter:data2\" content=\"2 minutes\" \/>\n<script type=\"application\/ld+json\" class=\"yoast-schema-graph\">{\"@context\":\"https:\\\/\\\/schema.org\",\"@graph\":[{\"@type\":\"Article\",\"@id\":\"https:\\\/\\\/www.ccatelier.es\\\/actualizacion-y-desarrollo-de-sig-para-el-monitoreo-forestal-y-prevencion-de-incendios-forestales-en-bolivia\\\/#article\",\"isPartOf\":{\"@id\":\"https:\\\/\\\/www.ccatelier.es\\\/actualizacion-y-desarrollo-de-sig-para-el-monitoreo-forestal-y-prevencion-de-incendios-forestales-en-bolivia\\\/\"},\"author\":{\"name\":\"admin\",\"@id\":\"https:\\\/\\\/www.ccatelier.es\\\/#\\\/schema\\\/person\\\/468ef15b7071978511257f3cb6a37fd7\"},\"headline\":\"An\u00e1lisis de los patrones de deforestaci\u00f3n y recomendaciones de prevenci\u00f3n de incendios forestales para Bolivia\",\"datePublished\":\"2025-07-24T12:59:45+00:00\",\"dateModified\":\"2026-02-19T06:25:49+00:00\",\"mainEntityOfPage\":{\"@id\":\"https:\\\/\\\/www.ccatelier.es\\\/actualizacion-y-desarrollo-de-sig-para-el-monitoreo-forestal-y-prevencion-de-incendios-forestales-en-bolivia\\\/\"},\"wordCount\":324,\"commentCount\":0,\"image\":{\"@id\":\"https:\\\/\\\/www.ccatelier.es\\\/actualizacion-y-desarrollo-de-sig-para-el-monitoreo-forestal-y-prevencion-de-incendios-forestales-en-bolivia\\\/#primaryimage\"},\"thumbnailUrl\":\"https:\\\/\\\/www.ccatelier.es\\\/wp-content\\\/uploads\\\/2025\\\/07\\\/gtte72_bolivia_110563.jpg\",\"keywords\":[\"Bolivia\"],\"articleSection\":[\"Transparencia y sistemas de reporte\"],\"inLanguage\":\"en-GB\",\"potentialAction\":[{\"@type\":\"CommentAction\",\"name\":\"Comment\",\"target\":[\"https:\\\/\\\/www.ccatelier.es\\\/actualizacion-y-desarrollo-de-sig-para-el-monitoreo-forestal-y-prevencion-de-incendios-forestales-en-bolivia\\\/#respond\"]}]},{\"@type\":\"WebPage\",\"@id\":\"https:\\\/\\\/www.ccatelier.es\\\/actualizacion-y-desarrollo-de-sig-para-el-monitoreo-forestal-y-prevencion-de-incendios-forestales-en-bolivia\\\/\",\"url\":\"https:\\\/\\\/www.ccatelier.es\\\/actualizacion-y-desarrollo-de-sig-para-el-monitoreo-forestal-y-prevencion-de-incendios-forestales-en-bolivia\\\/\",\"name\":\"An\u00e1lisis de los patrones de deforestaci\u00f3n y recomendaciones de prevenci\u00f3n de incendios forestales para Bolivia - Climate Change Atelier\",\"isPartOf\":{\"@id\":\"https:\\\/\\\/www.ccatelier.es\\\/#website\"},\"primaryImageOfPage\":{\"@id\":\"https:\\\/\\\/www.ccatelier.es\\\/actualizacion-y-desarrollo-de-sig-para-el-monitoreo-forestal-y-prevencion-de-incendios-forestales-en-bolivia\\\/#primaryimage\"},\"image\":{\"@id\":\"https:\\\/\\\/www.ccatelier.es\\\/actualizacion-y-desarrollo-de-sig-para-el-monitoreo-forestal-y-prevencion-de-incendios-forestales-en-bolivia\\\/#primaryimage\"},\"thumbnailUrl\":\"https:\\\/\\\/www.ccatelier.es\\\/wp-content\\\/uploads\\\/2025\\\/07\\\/gtte72_bolivia_110563.jpg\",\"datePublished\":\"2025-07-24T12:59:45+00:00\",\"dateModified\":\"2026-02-19T06:25:49+00:00\",\"author\":{\"@id\":\"https:\\\/\\\/www.ccatelier.es\\\/#\\\/schema\\\/person\\\/468ef15b7071978511257f3cb6a37fd7\"},\"breadcrumb\":{\"@id\":\"https:\\\/\\\/www.ccatelier.es\\\/actualizacion-y-desarrollo-de-sig-para-el-monitoreo-forestal-y-prevencion-de-incendios-forestales-en-bolivia\\\/#breadcrumb\"},\"inLanguage\":\"en-GB\",\"potentialAction\":[{\"@type\":\"ReadAction\",\"target\":[\"https:\\\/\\\/www.ccatelier.es\\\/actualizacion-y-desarrollo-de-sig-para-el-monitoreo-forestal-y-prevencion-de-incendios-forestales-en-bolivia\\\/\"]}]},{\"@type\":\"ImageObject\",\"inLanguage\":\"en-GB\",\"@id\":\"https:\\\/\\\/www.ccatelier.es\\\/actualizacion-y-desarrollo-de-sig-para-el-monitoreo-forestal-y-prevencion-de-incendios-forestales-en-bolivia\\\/#primaryimage\",\"url\":\"https:\\\/\\\/www.ccatelier.es\\\/wp-content\\\/uploads\\\/2025\\\/07\\\/gtte72_bolivia_110563.jpg\",\"contentUrl\":\"https:\\\/\\\/www.ccatelier.es\\\/wp-content\\\/uploads\\\/2025\\\/07\\\/gtte72_bolivia_110563.jpg\",\"width\":400,\"height\":267,\"caption\":\"Rainforest, Manuripi National Wildlife Reserve, Pando, Bolivia\"},{\"@type\":\"BreadcrumbList\",\"@id\":\"https:\\\/\\\/www.ccatelier.es\\\/actualizacion-y-desarrollo-de-sig-para-el-monitoreo-forestal-y-prevencion-de-incendios-forestales-en-bolivia\\\/#breadcrumb\",\"itemListElement\":[{\"@type\":\"ListItem\",\"position\":1,\"name\":\"Portada\",\"item\":\"https:\\\/\\\/www.ccatelier.es\\\/\"},{\"@type\":\"ListItem\",\"position\":2,\"name\":\"An\u00e1lisis de los patrones de deforestaci\u00f3n y recomendaciones de prevenci\u00f3n de incendios forestales para Bolivia\"}]},{\"@type\":\"WebSite\",\"@id\":\"https:\\\/\\\/www.ccatelier.es\\\/#website\",\"url\":\"https:\\\/\\\/www.ccatelier.es\\\/\",\"name\":\"Climate Change Atelier\",\"description\":\"Consultora especializada en cambio clim\u00e1tico, transparencia, NDCs, inventarios GEI y financiamiento clim\u00e1tico. Experiencia internacional y enfoque t\u00e9cnico adaptado.\",\"potentialAction\":[{\"@type\":\"SearchAction\",\"target\":{\"@type\":\"EntryPoint\",\"urlTemplate\":\"https:\\\/\\\/www.ccatelier.es\\\/?s={search_term_string}\"},\"query-input\":{\"@type\":\"PropertyValueSpecification\",\"valueRequired\":true,\"valueName\":\"search_term_string\"}}],\"inLanguage\":\"en-GB\"},{\"@type\":\"Person\",\"@id\":\"https:\\\/\\\/www.ccatelier.es\\\/#\\\/schema\\\/person\\\/468ef15b7071978511257f3cb6a37fd7\",\"name\":\"admin\",\"image\":{\"@type\":\"ImageObject\",\"inLanguage\":\"en-GB\",\"@id\":\"https:\\\/\\\/secure.gravatar.com\\\/avatar\\\/5e5d037f5eb89be41a2c1967d5c5b7113f430db59ccee33ae492b86c0847ab0e?s=96&d=mm&r=g\",\"url\":\"https:\\\/\\\/secure.gravatar.com\\\/avatar\\\/5e5d037f5eb89be41a2c1967d5c5b7113f430db59ccee33ae492b86c0847ab0e?s=96&d=mm&r=g\",\"contentUrl\":\"https:\\\/\\\/secure.gravatar.com\\\/avatar\\\/5e5d037f5eb89be41a2c1967d5c5b7113f430db59ccee33ae492b86c0847ab0e?s=96&d=mm&r=g\",\"caption\":\"admin\"},\"sameAs\":[\"https:\\\/\\\/www.ccatelier.es\"],\"url\":\"https:\\\/\\\/www.ccatelier.es\\\/en\\\/author\\\/admin\\\/\"}]}<\/script>\n<!-- \/ Yoast SEO plugin. -->","yoast_head_json":{"title":"An\u00e1lisis de los patrones de deforestaci\u00f3n y recomendaciones de prevenci\u00f3n de incendios forestales para Bolivia - Climate Change Atelier","robots":{"index":"index","follow":"follow","max-snippet":"max-snippet:-1","max-image-preview":"max-image-preview:large","max-video-preview":"max-video-preview:-1"},"canonical":"https:\/\/www.ccatelier.es\/en\/actualizacion-y-desarrollo-de-sig-para-el-monitoreo-forestal-y-prevencion-de-incendios-forestales-en-bolivia\/","og_locale":"en_GB","og_type":"article","og_title":"An\u00e1lisis de los patrones de deforestaci\u00f3n y recomendaciones de prevenci\u00f3n de incendios forestales para Bolivia - Climate Change Atelier","og_description":"El proyecto tiene como objetivo apoyar a las autoridades p\u00fablicas en el fortalecimiento del monitoreo forestal, la prevenci\u00f3n de incendios forestales y la estimaci\u00f3n de las emisiones de GEI derivadas del cambio en el uso del suelo. Incluye identificar \u00e1reas de inter\u00e9s para la deforestaci\u00f3n, recopilar datos geoespaciales y mejorar la visualizaci\u00f3n, gesti\u00f3n y accesibilidad&hellip;&nbsp;","og_url":"https:\/\/www.ccatelier.es\/en\/actualizacion-y-desarrollo-de-sig-para-el-monitoreo-forestal-y-prevencion-de-incendios-forestales-en-bolivia\/","og_site_name":"Climate Change Atelier","article_published_time":"2025-07-24T12:59:45+00:00","article_modified_time":"2026-02-19T06:25:49+00:00","og_image":[{"width":400,"height":267,"url":"https:\/\/www.ccatelier.es\/wp-content\/uploads\/2025\/07\/gtte72_bolivia_110563.jpg","type":"image\/jpeg"}],"author":"admin","twitter_card":"summary_large_image","twitter_misc":{"Written by":"admin","Estimated reading time":"2 minutes"},"schema":{"@context":"https:\/\/schema.org","@graph":[{"@type":"Article","@id":"https:\/\/www.ccatelier.es\/actualizacion-y-desarrollo-de-sig-para-el-monitoreo-forestal-y-prevencion-de-incendios-forestales-en-bolivia\/#article","isPartOf":{"@id":"https:\/\/www.ccatelier.es\/actualizacion-y-desarrollo-de-sig-para-el-monitoreo-forestal-y-prevencion-de-incendios-forestales-en-bolivia\/"},"author":{"name":"admin","@id":"https:\/\/www.ccatelier.es\/#\/schema\/person\/468ef15b7071978511257f3cb6a37fd7"},"headline":"An\u00e1lisis de los patrones de deforestaci\u00f3n y recomendaciones de prevenci\u00f3n de incendios forestales para Bolivia","datePublished":"2025-07-24T12:59:45+00:00","dateModified":"2026-02-19T06:25:49+00:00","mainEntityOfPage":{"@id":"https:\/\/www.ccatelier.es\/actualizacion-y-desarrollo-de-sig-para-el-monitoreo-forestal-y-prevencion-de-incendios-forestales-en-bolivia\/"},"wordCount":324,"commentCount":0,"image":{"@id":"https:\/\/www.ccatelier.es\/actualizacion-y-desarrollo-de-sig-para-el-monitoreo-forestal-y-prevencion-de-incendios-forestales-en-bolivia\/#primaryimage"},"thumbnailUrl":"https:\/\/www.ccatelier.es\/wp-content\/uploads\/2025\/07\/gtte72_bolivia_110563.jpg","keywords":["Bolivia"],"articleSection":["Transparencia y sistemas de reporte"],"inLanguage":"en-GB","potentialAction":[{"@type":"CommentAction","name":"Comment","target":["https:\/\/www.ccatelier.es\/actualizacion-y-desarrollo-de-sig-para-el-monitoreo-forestal-y-prevencion-de-incendios-forestales-en-bolivia\/#respond"]}]},{"@type":"WebPage","@id":"https:\/\/www.ccatelier.es\/actualizacion-y-desarrollo-de-sig-para-el-monitoreo-forestal-y-prevencion-de-incendios-forestales-en-bolivia\/","url":"https:\/\/www.ccatelier.es\/actualizacion-y-desarrollo-de-sig-para-el-monitoreo-forestal-y-prevencion-de-incendios-forestales-en-bolivia\/","name":"An\u00e1lisis de los patrones de deforestaci\u00f3n y recomendaciones de prevenci\u00f3n de incendios forestales para Bolivia - Climate Change Atelier","isPartOf":{"@id":"https:\/\/www.ccatelier.es\/#website"},"primaryImageOfPage":{"@id":"https:\/\/www.ccatelier.es\/actualizacion-y-desarrollo-de-sig-para-el-monitoreo-forestal-y-prevencion-de-incendios-forestales-en-bolivia\/#primaryimage"},"image":{"@id":"https:\/\/www.ccatelier.es\/actualizacion-y-desarrollo-de-sig-para-el-monitoreo-forestal-y-prevencion-de-incendios-forestales-en-bolivia\/#primaryimage"},"thumbnailUrl":"https:\/\/www.ccatelier.es\/wp-content\/uploads\/2025\/07\/gtte72_bolivia_110563.jpg","datePublished":"2025-07-24T12:59:45+00:00","dateModified":"2026-02-19T06:25:49+00:00","author":{"@id":"https:\/\/www.ccatelier.es\/#\/schema\/person\/468ef15b7071978511257f3cb6a37fd7"},"breadcrumb":{"@id":"https:\/\/www.ccatelier.es\/actualizacion-y-desarrollo-de-sig-para-el-monitoreo-forestal-y-prevencion-de-incendios-forestales-en-bolivia\/#breadcrumb"},"inLanguage":"en-GB","potentialAction":[{"@type":"ReadAction","target":["https:\/\/www.ccatelier.es\/actualizacion-y-desarrollo-de-sig-para-el-monitoreo-forestal-y-prevencion-de-incendios-forestales-en-bolivia\/"]}]},{"@type":"ImageObject","inLanguage":"en-GB","@id":"https:\/\/www.ccatelier.es\/actualizacion-y-desarrollo-de-sig-para-el-monitoreo-forestal-y-prevencion-de-incendios-forestales-en-bolivia\/#primaryimage","url":"https:\/\/www.ccatelier.es\/wp-content\/uploads\/2025\/07\/gtte72_bolivia_110563.jpg","contentUrl":"https:\/\/www.ccatelier.es\/wp-content\/uploads\/2025\/07\/gtte72_bolivia_110563.jpg","width":400,"height":267,"caption":"Rainforest, Manuripi National Wildlife Reserve, Pando, Bolivia"},{"@type":"BreadcrumbList","@id":"https:\/\/www.ccatelier.es\/actualizacion-y-desarrollo-de-sig-para-el-monitoreo-forestal-y-prevencion-de-incendios-forestales-en-bolivia\/#breadcrumb","itemListElement":[{"@type":"ListItem","position":1,"name":"Portada","item":"https:\/\/www.ccatelier.es\/"},{"@type":"ListItem","position":2,"name":"An\u00e1lisis de los patrones de deforestaci\u00f3n y recomendaciones de prevenci\u00f3n de incendios forestales para Bolivia"}]},{"@type":"WebSite","@id":"https:\/\/www.ccatelier.es\/#website","url":"https:\/\/www.ccatelier.es\/","name":"Climate Change Atelier","description":"Consultora especializada en cambio clim\u00e1tico, transparencia, NDCs, inventarios GEI y financiamiento clim\u00e1tico. Experiencia internacional y enfoque t\u00e9cnico adaptado.","potentialAction":[{"@type":"SearchAction","target":{"@type":"EntryPoint","urlTemplate":"https:\/\/www.ccatelier.es\/?s={search_term_string}"},"query-input":{"@type":"PropertyValueSpecification","valueRequired":true,"valueName":"search_term_string"}}],"inLanguage":"en-GB"},{"@type":"Person","@id":"https:\/\/www.ccatelier.es\/#\/schema\/person\/468ef15b7071978511257f3cb6a37fd7","name":"admin","image":{"@type":"ImageObject","inLanguage":"en-GB","@id":"https:\/\/secure.gravatar.com\/avatar\/5e5d037f5eb89be41a2c1967d5c5b7113f430db59ccee33ae492b86c0847ab0e?s=96&d=mm&r=g","url":"https:\/\/secure.gravatar.com\/avatar\/5e5d037f5eb89be41a2c1967d5c5b7113f430db59ccee33ae492b86c0847ab0e?s=96&d=mm&r=g","contentUrl":"https:\/\/secure.gravatar.com\/avatar\/5e5d037f5eb89be41a2c1967d5c5b7113f430db59ccee33ae492b86c0847ab0e?s=96&d=mm&r=g","caption":"admin"},"sameAs":["https:\/\/www.ccatelier.es"],"url":"https:\/\/www.ccatelier.es\/en\/author\/admin\/"}]}},"_links":{"self":[{"href":"https:\/\/www.ccatelier.es\/en\/wp-json\/wp\/v2\/posts\/567","targetHints":{"allow":["GET"]}}],"collection":[{"href":"https:\/\/www.ccatelier.es\/en\/wp-json\/wp\/v2\/posts"}],"about":[{"href":"https:\/\/www.ccatelier.es\/en\/wp-json\/wp\/v2\/types\/post"}],"author":[{"embeddable":true,"href":"https:\/\/www.ccatelier.es\/en\/wp-json\/wp\/v2\/users\/1"}],"replies":[{"embeddable":true,"href":"https:\/\/www.ccatelier.es\/en\/wp-json\/wp\/v2\/comments?post=567"}],"version-history":[{"count":9,"href":"https:\/\/www.ccatelier.es\/en\/wp-json\/wp\/v2\/posts\/567\/revisions"}],"predecessor-version":[{"id":1629,"href":"https:\/\/www.ccatelier.es\/en\/wp-json\/wp\/v2\/posts\/567\/revisions\/1629"}],"wp:featuredmedia":[{"embeddable":true,"href":"https:\/\/www.ccatelier.es\/en\/wp-json\/wp\/v2\/media\/1129"}],"wp:attachment":[{"href":"https:\/\/www.ccatelier.es\/en\/wp-json\/wp\/v2\/media?parent=567"}],"wp:term":[{"taxonomy":"category","embeddable":true,"href":"https:\/\/www.ccatelier.es\/en\/wp-json\/wp\/v2\/categories?post=567"},{"taxonomy":"post_tag","embeddable":true,"href":"https:\/\/www.ccatelier.es\/en\/wp-json\/wp\/v2\/tags?post=567"}],"curies":[{"name":"wp","href":"https:\/\/api.w.org\/{rel}","templated":true}]}}