{"id":541,"date":"2025-07-24T12:50:28","date_gmt":"2025-07-24T12:50:28","guid":{"rendered":"https:\/\/www.ccatelier.es\/?p=541"},"modified":"2026-02-19T06:52:53","modified_gmt":"2026-02-19T06:52:53","slug":"evaluacion-del-impacto-de-la-tarificacion-del-carbono-en-montenegro","status":"publish","type":"post","link":"https:\/\/www.ccatelier.es\/en\/evaluacion-del-impacto-de-la-tarificacion-del-carbono-en-montenegro\/","title":{"rendered":"Evaluaci\u00f3n del impacto en la fijaci\u00f3n de precios del carbono para Montenegro"},"content":{"rendered":"<div data-elementor-type=\"wp-post\" data-elementor-id=\"541\" class=\"elementor elementor-541\" data-elementor-post-type=\"post\">\n\t\t\t\t<div class=\"elementor-element elementor-element-490223f8 e-flex e-con-boxed e-con e-parent\" data-id=\"490223f8\" data-element_type=\"container\" data-e-type=\"container\">\n\t\t\t\t\t<div class=\"e-con-inner\">\n\t\t\t\t<div class=\"elementor-element elementor-element-70a8ac0f elementor-widget elementor-widget-text-editor\" data-id=\"70a8ac0f\" data-element_type=\"widget\" data-e-type=\"widget\" data-widget_type=\"text-editor.default\">\n\t\t\t\t<div class=\"elementor-widget-container\">\n\t\t\t\t\t\t\t\t\t<p>El proyecto realiz\u00f3 una evaluaci\u00f3n exhaustiva de los instrumentos de fijaci\u00f3n de precios del carbono en Montenegro, incluyendo ETS, impuestos al carbono y posibles compensaciones forestales, para evaluar los impactos en las emisiones de GEI, el uso de energ\u00eda, los costes para empresas y consumidores, y los efectos socioecon\u00f3micos y de distribuci\u00f3n m\u00e1s amplios. Analiz\u00f3 las interacciones con la planificaci\u00f3n del sector energ\u00e9tico, la transici\u00f3n energ\u00e9tica y consideraciones de transici\u00f3n justa, explor\u00f3 oportunidades para sinergias entre la silvicultura y el turismo, y desarroll\u00f3 modelizaci\u00f3n basada en escenarios para informar el dise\u00f1o de pol\u00edticas. El estudio ofreci\u00f3 recomendaciones para optimizar la eficacia de la fijaci\u00f3n de precios del carbono, apoyar los objetivos del NDC y guiar la transici\u00f3n baja en carbono de Montenegro. Hay 3 tareas principales: (1) An\u00e1lisis de las implicaciones de los instrumentos de fijaci\u00f3n de precios del carbono; (2) Evaluaci\u00f3n de las interacciones entre la fijaci\u00f3n de precios del carbono y la planificaci\u00f3n de la generaci\u00f3n en el sector el\u00e9ctrico; y (3) Evaluaci\u00f3n del posible esquema de compensaci\u00f3n en el sector forestal.<br \/><br \/><strong>Project Title<\/strong>: Evaluaci\u00f3n del impacto en la fijaci\u00f3n de precios del carbono para Montenegro<br \/><strong>Typology<\/strong>: Mitigation &amp; Technical Reviews<br \/><strong>Region:<\/strong> Europe<br \/><strong>Country:<\/strong> Montenegro<br \/><strong>Customer:<\/strong> World Bank<br \/><strong>Period:<\/strong> 01\/05\/2023-16\/04\/2024<br \/><br \/><strong>Activities performed:<\/strong> <br \/>&#8211; Contribuir a la definici\u00f3n del enfoque global de modelizaci\u00f3n y del marco de escenarios para la evaluaci\u00f3n de los impactos en la fijaci\u00f3n de precios del carbono en Montenegro.<br \/>&#8211; Liderar la evaluaci\u00f3n de posibles esquemas de compensaci\u00f3n en el sector forestal, incluyendo una visi\u00f3n sectorial detallada y una evaluaci\u00f3n de la viabilidad.<br \/>&#8211; Co-desarrollar el marco de an\u00e1lisis coste-beneficio y el marco de escenarios para el an\u00e1lisis de compensaci\u00f3n forestal.<br \/>&#8211; Liderar consultas sobre el marco anal\u00edtico con partes interesadas nacionales y socios t\u00e9cnicos para garantizar la coherencia metodol\u00f3gica.<br \/>&#8211; Realizar an\u00e1lisis preliminares y finales de coste-beneficio de las opciones de compensaci\u00f3n forestal, integrando los datos recogidos y los insumos sectoriales.<br \/>&#8211; Preparar informes t\u00e9cnicos y liderar consultas sobre los resultados preliminares y finales de la evaluaci\u00f3n de compensaci\u00f3n forestal.<\/p>\t\t\t\t\t\t\t\t<\/div>\n\t\t\t\t<\/div>\n\t\t\t\t\t<\/div>\n\t\t\t\t<\/div>\n\t\t\t\t<\/div>","protected":false},"excerpt":{"rendered":"<p>El proyecto realiz\u00f3 una evaluaci\u00f3n exhaustiva de los instrumentos de fijaci\u00f3n de precios del carbono en Montenegro, incluyendo ETS, impuestos al carbono y posibles compensaciones forestales, para evaluar los impactos en las emisiones de GEI, el uso de energ\u00eda, los costes para empresas y consumidores, y los efectos socioecon\u00f3micos y de distribuci\u00f3n m\u00e1s amplios. Analiz\u00f3&hellip;&nbsp;<\/p>","protected":false},"author":1,"featured_media":1116,"comment_status":"open","ping_status":"open","sticky":false,"template":"","format":"standard","meta":{"_acf_changed":false,"neve_meta_sidebar":"","neve_meta_container":"","neve_meta_enable_content_width":"off","neve_meta_content_width":70,"neve_meta_title_alignment":"","neve_meta_author_avatar":"","neve_post_elements_order":"","neve_meta_disable_header":"","neve_meta_disable_footer":"","neve_meta_disable_title":"","footnotes":""},"categories":[14],"tags":[63],"class_list":["post-541","post","type-post","status-publish","format-standard","has-post-thumbnail","hentry","category-mitigacion","tag-montenegro"],"acf":[],"yoast_head":"<!-- This site is optimized with the Yoast SEO plugin v27.4 - https:\/\/yoast.com\/product\/yoast-seo-wordpress\/ -->\n<title>Evaluaci\u00f3n del impacto en la fijaci\u00f3n de precios del carbono para Montenegro - Climate Change Atelier<\/title>\n<meta name=\"robots\" content=\"index, follow, max-snippet:-1, max-image-preview:large, max-video-preview:-1\" \/>\n<link rel=\"canonical\" href=\"https:\/\/www.ccatelier.es\/en\/evaluacion-del-impacto-de-la-tarificacion-del-carbono-en-montenegro\/\" \/>\n<meta property=\"og:locale\" content=\"en_GB\" \/>\n<meta property=\"og:type\" content=\"article\" \/>\n<meta property=\"og:title\" content=\"Evaluaci\u00f3n del impacto en la fijaci\u00f3n de precios del carbono para Montenegro - Climate Change Atelier\" \/>\n<meta property=\"og:description\" content=\"El proyecto realiz\u00f3 una evaluaci\u00f3n exhaustiva de los instrumentos de fijaci\u00f3n de precios del carbono en Montenegro, incluyendo ETS, impuestos al carbono y posibles compensaciones forestales, para evaluar los impactos en las emisiones de GEI, el uso de energ\u00eda, los costes para empresas y consumidores, y los efectos socioecon\u00f3micos y de distribuci\u00f3n m\u00e1s amplios. Analiz\u00f3&hellip;&nbsp;\" \/>\n<meta property=\"og:url\" content=\"https:\/\/www.ccatelier.es\/en\/evaluacion-del-impacto-de-la-tarificacion-del-carbono-en-montenegro\/\" \/>\n<meta property=\"og:site_name\" content=\"Climate Change Atelier\" \/>\n<meta property=\"article:published_time\" content=\"2025-07-24T12:50:28+00:00\" \/>\n<meta property=\"article:modified_time\" content=\"2026-02-19T06:52:53+00:00\" \/>\n<meta property=\"og:image\" content=\"https:\/\/www.ccatelier.es\/wp-content\/uploads\/2025\/07\/Carbon-pricing-in-Montenegro-NEWS.jpg\" \/>\n\t<meta property=\"og:image:width\" content=\"650\" \/>\n\t<meta property=\"og:image:height\" content=\"448\" \/>\n\t<meta property=\"og:image:type\" content=\"image\/jpeg\" \/>\n<meta name=\"author\" content=\"admin\" \/>\n<meta name=\"twitter:card\" content=\"summary_large_image\" \/>\n<meta name=\"twitter:label1\" content=\"Written by\" \/>\n\t<meta name=\"twitter:data1\" content=\"admin\" \/>\n\t<meta name=\"twitter:label2\" content=\"Estimated reading time\" \/>\n\t<meta name=\"twitter:data2\" content=\"2 minutes\" \/>\n<script type=\"application\/ld+json\" class=\"yoast-schema-graph\">{\"@context\":\"https:\\\/\\\/schema.org\",\"@graph\":[{\"@type\":\"Article\",\"@id\":\"https:\\\/\\\/www.ccatelier.es\\\/evaluacion-del-impacto-de-la-tarificacion-del-carbono-en-montenegro\\\/#article\",\"isPartOf\":{\"@id\":\"https:\\\/\\\/www.ccatelier.es\\\/evaluacion-del-impacto-de-la-tarificacion-del-carbono-en-montenegro\\\/\"},\"author\":{\"name\":\"admin\",\"@id\":\"https:\\\/\\\/www.ccatelier.es\\\/#\\\/schema\\\/person\\\/468ef15b7071978511257f3cb6a37fd7\"},\"headline\":\"Evaluaci\u00f3n del impacto en la fijaci\u00f3n de precios del carbono para Montenegro\",\"datePublished\":\"2025-07-24T12:50:28+00:00\",\"dateModified\":\"2026-02-19T06:52:53+00:00\",\"mainEntityOfPage\":{\"@id\":\"https:\\\/\\\/www.ccatelier.es\\\/evaluacion-del-impacto-de-la-tarificacion-del-carbono-en-montenegro\\\/\"},\"wordCount\":396,\"commentCount\":0,\"image\":{\"@id\":\"https:\\\/\\\/www.ccatelier.es\\\/evaluacion-del-impacto-de-la-tarificacion-del-carbono-en-montenegro\\\/#primaryimage\"},\"thumbnailUrl\":\"https:\\\/\\\/www.ccatelier.es\\\/wp-content\\\/uploads\\\/2025\\\/07\\\/Carbon-pricing-in-Montenegro-NEWS.jpg\",\"keywords\":[\"Montenegro\"],\"articleSection\":[\"Mitigaci\u00f3n y revisiones t\u00e9cnicas\"],\"inLanguage\":\"en-GB\",\"potentialAction\":[{\"@type\":\"CommentAction\",\"name\":\"Comment\",\"target\":[\"https:\\\/\\\/www.ccatelier.es\\\/evaluacion-del-impacto-de-la-tarificacion-del-carbono-en-montenegro\\\/#respond\"]}]},{\"@type\":\"WebPage\",\"@id\":\"https:\\\/\\\/www.ccatelier.es\\\/evaluacion-del-impacto-de-la-tarificacion-del-carbono-en-montenegro\\\/\",\"url\":\"https:\\\/\\\/www.ccatelier.es\\\/evaluacion-del-impacto-de-la-tarificacion-del-carbono-en-montenegro\\\/\",\"name\":\"Evaluaci\u00f3n del impacto en la fijaci\u00f3n de precios del carbono para Montenegro - Climate Change Atelier\",\"isPartOf\":{\"@id\":\"https:\\\/\\\/www.ccatelier.es\\\/#website\"},\"primaryImageOfPage\":{\"@id\":\"https:\\\/\\\/www.ccatelier.es\\\/evaluacion-del-impacto-de-la-tarificacion-del-carbono-en-montenegro\\\/#primaryimage\"},\"image\":{\"@id\":\"https:\\\/\\\/www.ccatelier.es\\\/evaluacion-del-impacto-de-la-tarificacion-del-carbono-en-montenegro\\\/#primaryimage\"},\"thumbnailUrl\":\"https:\\\/\\\/www.ccatelier.es\\\/wp-content\\\/uploads\\\/2025\\\/07\\\/Carbon-pricing-in-Montenegro-NEWS.jpg\",\"datePublished\":\"2025-07-24T12:50:28+00:00\",\"dateModified\":\"2026-02-19T06:52:53+00:00\",\"author\":{\"@id\":\"https:\\\/\\\/www.ccatelier.es\\\/#\\\/schema\\\/person\\\/468ef15b7071978511257f3cb6a37fd7\"},\"breadcrumb\":{\"@id\":\"https:\\\/\\\/www.ccatelier.es\\\/evaluacion-del-impacto-de-la-tarificacion-del-carbono-en-montenegro\\\/#breadcrumb\"},\"inLanguage\":\"en-GB\",\"potentialAction\":[{\"@type\":\"ReadAction\",\"target\":[\"https:\\\/\\\/www.ccatelier.es\\\/evaluacion-del-impacto-de-la-tarificacion-del-carbono-en-montenegro\\\/\"]}]},{\"@type\":\"ImageObject\",\"inLanguage\":\"en-GB\",\"@id\":\"https:\\\/\\\/www.ccatelier.es\\\/evaluacion-del-impacto-de-la-tarificacion-del-carbono-en-montenegro\\\/#primaryimage\",\"url\":\"https:\\\/\\\/www.ccatelier.es\\\/wp-content\\\/uploads\\\/2025\\\/07\\\/Carbon-pricing-in-Montenegro-NEWS.jpg\",\"contentUrl\":\"https:\\\/\\\/www.ccatelier.es\\\/wp-content\\\/uploads\\\/2025\\\/07\\\/Carbon-pricing-in-Montenegro-NEWS.jpg\",\"width\":650,\"height\":448},{\"@type\":\"BreadcrumbList\",\"@id\":\"https:\\\/\\\/www.ccatelier.es\\\/evaluacion-del-impacto-de-la-tarificacion-del-carbono-en-montenegro\\\/#breadcrumb\",\"itemListElement\":[{\"@type\":\"ListItem\",\"position\":1,\"name\":\"Portada\",\"item\":\"https:\\\/\\\/www.ccatelier.es\\\/\"},{\"@type\":\"ListItem\",\"position\":2,\"name\":\"Evaluaci\u00f3n del impacto en la fijaci\u00f3n de precios del carbono para Montenegro\"}]},{\"@type\":\"WebSite\",\"@id\":\"https:\\\/\\\/www.ccatelier.es\\\/#website\",\"url\":\"https:\\\/\\\/www.ccatelier.es\\\/\",\"name\":\"Climate Change Atelier\",\"description\":\"Consultora especializada en cambio clim\u00e1tico, transparencia, NDCs, inventarios GEI y financiamiento clim\u00e1tico. Experiencia internacional y enfoque t\u00e9cnico adaptado.\",\"potentialAction\":[{\"@type\":\"SearchAction\",\"target\":{\"@type\":\"EntryPoint\",\"urlTemplate\":\"https:\\\/\\\/www.ccatelier.es\\\/?s={search_term_string}\"},\"query-input\":{\"@type\":\"PropertyValueSpecification\",\"valueRequired\":true,\"valueName\":\"search_term_string\"}}],\"inLanguage\":\"en-GB\"},{\"@type\":\"Person\",\"@id\":\"https:\\\/\\\/www.ccatelier.es\\\/#\\\/schema\\\/person\\\/468ef15b7071978511257f3cb6a37fd7\",\"name\":\"admin\",\"image\":{\"@type\":\"ImageObject\",\"inLanguage\":\"en-GB\",\"@id\":\"https:\\\/\\\/secure.gravatar.com\\\/avatar\\\/5e5d037f5eb89be41a2c1967d5c5b7113f430db59ccee33ae492b86c0847ab0e?s=96&d=mm&r=g\",\"url\":\"https:\\\/\\\/secure.gravatar.com\\\/avatar\\\/5e5d037f5eb89be41a2c1967d5c5b7113f430db59ccee33ae492b86c0847ab0e?s=96&d=mm&r=g\",\"contentUrl\":\"https:\\\/\\\/secure.gravatar.com\\\/avatar\\\/5e5d037f5eb89be41a2c1967d5c5b7113f430db59ccee33ae492b86c0847ab0e?s=96&d=mm&r=g\",\"caption\":\"admin\"},\"sameAs\":[\"https:\\\/\\\/www.ccatelier.es\"],\"url\":\"https:\\\/\\\/www.ccatelier.es\\\/en\\\/author\\\/admin\\\/\"}]}<\/script>\n<!-- \/ Yoast SEO plugin. -->","yoast_head_json":{"title":"Evaluaci\u00f3n del impacto en la fijaci\u00f3n de precios del carbono para Montenegro - Climate Change Atelier","robots":{"index":"index","follow":"follow","max-snippet":"max-snippet:-1","max-image-preview":"max-image-preview:large","max-video-preview":"max-video-preview:-1"},"canonical":"https:\/\/www.ccatelier.es\/en\/evaluacion-del-impacto-de-la-tarificacion-del-carbono-en-montenegro\/","og_locale":"en_GB","og_type":"article","og_title":"Evaluaci\u00f3n del impacto en la fijaci\u00f3n de precios del carbono para Montenegro - Climate Change Atelier","og_description":"El proyecto realiz\u00f3 una evaluaci\u00f3n exhaustiva de los instrumentos de fijaci\u00f3n de precios del carbono en Montenegro, incluyendo ETS, impuestos al carbono y posibles compensaciones forestales, para evaluar los impactos en las emisiones de GEI, el uso de energ\u00eda, los costes para empresas y consumidores, y los efectos socioecon\u00f3micos y de distribuci\u00f3n m\u00e1s amplios. Analiz\u00f3&hellip;&nbsp;","og_url":"https:\/\/www.ccatelier.es\/en\/evaluacion-del-impacto-de-la-tarificacion-del-carbono-en-montenegro\/","og_site_name":"Climate Change Atelier","article_published_time":"2025-07-24T12:50:28+00:00","article_modified_time":"2026-02-19T06:52:53+00:00","og_image":[{"width":650,"height":448,"url":"https:\/\/www.ccatelier.es\/wp-content\/uploads\/2025\/07\/Carbon-pricing-in-Montenegro-NEWS.jpg","type":"image\/jpeg"}],"author":"admin","twitter_card":"summary_large_image","twitter_misc":{"Written by":"admin","Estimated reading time":"2 minutes"},"schema":{"@context":"https:\/\/schema.org","@graph":[{"@type":"Article","@id":"https:\/\/www.ccatelier.es\/evaluacion-del-impacto-de-la-tarificacion-del-carbono-en-montenegro\/#article","isPartOf":{"@id":"https:\/\/www.ccatelier.es\/evaluacion-del-impacto-de-la-tarificacion-del-carbono-en-montenegro\/"},"author":{"name":"admin","@id":"https:\/\/www.ccatelier.es\/#\/schema\/person\/468ef15b7071978511257f3cb6a37fd7"},"headline":"Evaluaci\u00f3n del impacto en la fijaci\u00f3n de precios del carbono para Montenegro","datePublished":"2025-07-24T12:50:28+00:00","dateModified":"2026-02-19T06:52:53+00:00","mainEntityOfPage":{"@id":"https:\/\/www.ccatelier.es\/evaluacion-del-impacto-de-la-tarificacion-del-carbono-en-montenegro\/"},"wordCount":396,"commentCount":0,"image":{"@id":"https:\/\/www.ccatelier.es\/evaluacion-del-impacto-de-la-tarificacion-del-carbono-en-montenegro\/#primaryimage"},"thumbnailUrl":"https:\/\/www.ccatelier.es\/wp-content\/uploads\/2025\/07\/Carbon-pricing-in-Montenegro-NEWS.jpg","keywords":["Montenegro"],"articleSection":["Mitigaci\u00f3n y revisiones t\u00e9cnicas"],"inLanguage":"en-GB","potentialAction":[{"@type":"CommentAction","name":"Comment","target":["https:\/\/www.ccatelier.es\/evaluacion-del-impacto-de-la-tarificacion-del-carbono-en-montenegro\/#respond"]}]},{"@type":"WebPage","@id":"https:\/\/www.ccatelier.es\/evaluacion-del-impacto-de-la-tarificacion-del-carbono-en-montenegro\/","url":"https:\/\/www.ccatelier.es\/evaluacion-del-impacto-de-la-tarificacion-del-carbono-en-montenegro\/","name":"Evaluaci\u00f3n del impacto en la fijaci\u00f3n de precios del carbono para Montenegro - Climate Change Atelier","isPartOf":{"@id":"https:\/\/www.ccatelier.es\/#website"},"primaryImageOfPage":{"@id":"https:\/\/www.ccatelier.es\/evaluacion-del-impacto-de-la-tarificacion-del-carbono-en-montenegro\/#primaryimage"},"image":{"@id":"https:\/\/www.ccatelier.es\/evaluacion-del-impacto-de-la-tarificacion-del-carbono-en-montenegro\/#primaryimage"},"thumbnailUrl":"https:\/\/www.ccatelier.es\/wp-content\/uploads\/2025\/07\/Carbon-pricing-in-Montenegro-NEWS.jpg","datePublished":"2025-07-24T12:50:28+00:00","dateModified":"2026-02-19T06:52:53+00:00","author":{"@id":"https:\/\/www.ccatelier.es\/#\/schema\/person\/468ef15b7071978511257f3cb6a37fd7"},"breadcrumb":{"@id":"https:\/\/www.ccatelier.es\/evaluacion-del-impacto-de-la-tarificacion-del-carbono-en-montenegro\/#breadcrumb"},"inLanguage":"en-GB","potentialAction":[{"@type":"ReadAction","target":["https:\/\/www.ccatelier.es\/evaluacion-del-impacto-de-la-tarificacion-del-carbono-en-montenegro\/"]}]},{"@type":"ImageObject","inLanguage":"en-GB","@id":"https:\/\/www.ccatelier.es\/evaluacion-del-impacto-de-la-tarificacion-del-carbono-en-montenegro\/#primaryimage","url":"https:\/\/www.ccatelier.es\/wp-content\/uploads\/2025\/07\/Carbon-pricing-in-Montenegro-NEWS.jpg","contentUrl":"https:\/\/www.ccatelier.es\/wp-content\/uploads\/2025\/07\/Carbon-pricing-in-Montenegro-NEWS.jpg","width":650,"height":448},{"@type":"BreadcrumbList","@id":"https:\/\/www.ccatelier.es\/evaluacion-del-impacto-de-la-tarificacion-del-carbono-en-montenegro\/#breadcrumb","itemListElement":[{"@type":"ListItem","position":1,"name":"Portada","item":"https:\/\/www.ccatelier.es\/"},{"@type":"ListItem","position":2,"name":"Evaluaci\u00f3n del impacto en la fijaci\u00f3n de precios del carbono para Montenegro"}]},{"@type":"WebSite","@id":"https:\/\/www.ccatelier.es\/#website","url":"https:\/\/www.ccatelier.es\/","name":"Climate Change Atelier","description":"Consultora especializada en cambio clim\u00e1tico, transparencia, NDCs, inventarios GEI y financiamiento clim\u00e1tico. Experiencia internacional y enfoque t\u00e9cnico adaptado.","potentialAction":[{"@type":"SearchAction","target":{"@type":"EntryPoint","urlTemplate":"https:\/\/www.ccatelier.es\/?s={search_term_string}"},"query-input":{"@type":"PropertyValueSpecification","valueRequired":true,"valueName":"search_term_string"}}],"inLanguage":"en-GB"},{"@type":"Person","@id":"https:\/\/www.ccatelier.es\/#\/schema\/person\/468ef15b7071978511257f3cb6a37fd7","name":"admin","image":{"@type":"ImageObject","inLanguage":"en-GB","@id":"https:\/\/secure.gravatar.com\/avatar\/5e5d037f5eb89be41a2c1967d5c5b7113f430db59ccee33ae492b86c0847ab0e?s=96&d=mm&r=g","url":"https:\/\/secure.gravatar.com\/avatar\/5e5d037f5eb89be41a2c1967d5c5b7113f430db59ccee33ae492b86c0847ab0e?s=96&d=mm&r=g","contentUrl":"https:\/\/secure.gravatar.com\/avatar\/5e5d037f5eb89be41a2c1967d5c5b7113f430db59ccee33ae492b86c0847ab0e?s=96&d=mm&r=g","caption":"admin"},"sameAs":["https:\/\/www.ccatelier.es"],"url":"https:\/\/www.ccatelier.es\/en\/author\/admin\/"}]}},"_links":{"self":[{"href":"https:\/\/www.ccatelier.es\/en\/wp-json\/wp\/v2\/posts\/541","targetHints":{"allow":["GET"]}}],"collection":[{"href":"https:\/\/www.ccatelier.es\/en\/wp-json\/wp\/v2\/posts"}],"about":[{"href":"https:\/\/www.ccatelier.es\/en\/wp-json\/wp\/v2\/types\/post"}],"author":[{"embeddable":true,"href":"https:\/\/www.ccatelier.es\/en\/wp-json\/wp\/v2\/users\/1"}],"replies":[{"embeddable":true,"href":"https:\/\/www.ccatelier.es\/en\/wp-json\/wp\/v2\/comments?post=541"}],"version-history":[{"count":8,"href":"https:\/\/www.ccatelier.es\/en\/wp-json\/wp\/v2\/posts\/541\/revisions"}],"predecessor-version":[{"id":1665,"href":"https:\/\/www.ccatelier.es\/en\/wp-json\/wp\/v2\/posts\/541\/revisions\/1665"}],"wp:featuredmedia":[{"embeddable":true,"href":"https:\/\/www.ccatelier.es\/en\/wp-json\/wp\/v2\/media\/1116"}],"wp:attachment":[{"href":"https:\/\/www.ccatelier.es\/en\/wp-json\/wp\/v2\/media?parent=541"}],"wp:term":[{"taxonomy":"category","embeddable":true,"href":"https:\/\/www.ccatelier.es\/en\/wp-json\/wp\/v2\/categories?post=541"},{"taxonomy":"post_tag","embeddable":true,"href":"https:\/\/www.ccatelier.es\/en\/wp-json\/wp\/v2\/tags?post=541"}],"curies":[{"name":"wp","href":"https:\/\/api.w.org\/{rel}","templated":true}]}}