{"id":537,"date":"2025-07-24T12:49:45","date_gmt":"2025-07-24T12:49:45","guid":{"rendered":"https:\/\/www.ccatelier.es\/?p=537"},"modified":"2026-02-19T07:13:21","modified_gmt":"2026-02-19T07:13:21","slug":"apoyo-a-la-implementacion-de-los-compromisos-climaticos-en-honduras","status":"publish","type":"post","link":"https:\/\/www.ccatelier.es\/en\/apoyo-a-la-implementacion-de-los-compromisos-climaticos-en-honduras\/","title":{"rendered":"Apoyo a la implementaci\u00f3n de los compromisos clim\u00e1ticos en Honduras"},"content":{"rendered":"<div data-elementor-type=\"wp-post\" data-elementor-id=\"537\" class=\"elementor elementor-537\" data-elementor-post-type=\"post\">\n\t\t\t\t<div class=\"elementor-element elementor-element-16d9be20 e-flex e-con-boxed e-con e-parent\" data-id=\"16d9be20\" data-element_type=\"container\" data-e-type=\"container\">\n\t\t\t\t\t<div class=\"e-con-inner\">\n\t\t\t\t<div class=\"elementor-element elementor-element-7507bed elementor-widget elementor-widget-text-editor\" data-id=\"7507bed\" data-element_type=\"widget\" data-e-type=\"widget\" data-widget_type=\"text-editor.default\">\n\t\t\t\t<div class=\"elementor-widget-container\">\n\t\t\t\t\t\t\t\t\t<p>El proyecto se centr\u00f3 en la formulaci\u00f3n de documentos nacionales clave para avanzar en los compromisos clim\u00e1ticos de Honduras bajo la CMNUCC. Su principal objetivo era preparar la propuesta de proyecto para la Cuarta Comunicaci\u00f3n Nacional y los Informes de Transparencia Bienales 1\u00aa y 2\u00aa en l\u00ednea con los requisitos del Fondo para el Medio Ambiente Global (GEF) y el PNUD, as\u00ed como el documento del proyecto para \u00abApoyo a la Implementaci\u00f3n de la CDN\u00bb, apoyar al DNCC (SERNA) en la definici\u00f3n del alcance requerido y completar los formularios de solicitud de propuesta de financiaci\u00f3n para el donante del Fondo para el Medio Ambiente Global (GEF).\u00a0 y la informaci\u00f3n complementaria requerida por el PNUD y el SERNA.<br \/><br \/><strong>Project Title<\/strong>: Apoyo a la implementaci\u00f3n de los compromisos clim\u00e1ticos en Honduras<br \/><strong>Typology<\/strong>Transparency and reporting systems<br \/><strong>Region:<\/strong> Latin America and the Caribbean<br \/><strong>Country:<\/strong> Honduras<br \/><strong>Customer:<\/strong> UNDP<br \/><strong>Period:<\/strong> 22\/02\/2023-16\/08\/2023<br \/><br \/><strong>Activities performed:<\/strong> <br \/>&#8211; Recopil\u00f3 y revis\u00f3 informaci\u00f3n nacional sobre cambio clim\u00e1tico y documentaci\u00f3n relevante para apoyar la preparaci\u00f3n de las propuestas de proyecto.<br \/>&#8211; Prepar\u00f3 los borradores iniciales de los Cuartos Informes Nacionales de Comunicaci\u00f3n y Transparencia Bienales, as\u00ed como del documento del proyecto \u00abApoyo a la Implementaci\u00f3n del NDC\u00bb.<br \/>&#8211; Coordin\u00f3 con SERNA y el PNUD para validar los documentos preliminares, incorporando retroalimentaci\u00f3n y asegurando la alineaci\u00f3n con las prioridades nacionales y los requisitos de la CMNUCC\/GEF.<br \/>&#8211; Revis\u00f3 y actualiz\u00f3 los documentos bas\u00e1ndose en los comentarios de las partes interesadas y la revisi\u00f3n t\u00e9cnica, garantizando coherencia, calidad y claridad.<br \/>&#8211; Present\u00f3 los documentos finales a los hom\u00f3logos nacionales y al PNUD, proporcionando apoyo t\u00e9cnico durante los procesos de discusi\u00f3n y revisi\u00f3n.<br \/>&#8211; Garantizar la finalizaci\u00f3n y presentaci\u00f3n de los documentos conforme a los formatos y directrices GEF\u2013PNUD.<\/p>\t\t\t\t\t\t\t\t<\/div>\n\t\t\t\t<\/div>\n\t\t\t\t\t<\/div>\n\t\t\t\t<\/div>\n\t\t\t\t<\/div>","protected":false},"excerpt":{"rendered":"<p>El proyecto se centr\u00f3 en la formulaci\u00f3n de documentos nacionales clave para avanzar en los compromisos clim\u00e1ticos de Honduras bajo la CMNUCC. Su principal objetivo era preparar la propuesta de proyecto para la Cuarta Comunicaci\u00f3n Nacional y los Informes de Transparencia Bienales 1\u00aa y 2\u00aa en l\u00ednea con los requisitos del Fondo para el Medio&hellip;&nbsp;<\/p>","protected":false},"author":1,"featured_media":538,"comment_status":"open","ping_status":"open","sticky":false,"template":"","format":"standard","meta":{"_acf_changed":false,"neve_meta_sidebar":"","neve_meta_container":"","neve_meta_enable_content_width":"off","neve_meta_content_width":70,"neve_meta_title_alignment":"","neve_meta_author_avatar":"","neve_post_elements_order":"","neve_meta_disable_header":"","neve_meta_disable_footer":"","neve_meta_disable_title":"","footnotes":""},"categories":[15],"tags":[51],"class_list":["post-537","post","type-post","status-publish","format-standard","has-post-thumbnail","hentry","category-transparencia-climatica-y-reporte-internacional","tag-honduras"],"acf":[],"yoast_head":"<!-- This site is optimized with the Yoast SEO plugin v27.4 - https:\/\/yoast.com\/product\/yoast-seo-wordpress\/ -->\n<title>Apoyo a la implementaci\u00f3n de los compromisos clim\u00e1ticos en Honduras - Climate Change Atelier<\/title>\n<meta name=\"robots\" content=\"index, follow, max-snippet:-1, max-image-preview:large, max-video-preview:-1\" \/>\n<link rel=\"canonical\" href=\"https:\/\/www.ccatelier.es\/en\/apoyo-a-la-implementacion-de-los-compromisos-climaticos-en-honduras\/\" \/>\n<meta property=\"og:locale\" content=\"en_GB\" \/>\n<meta property=\"og:type\" content=\"article\" \/>\n<meta property=\"og:title\" content=\"Apoyo a la implementaci\u00f3n de los compromisos clim\u00e1ticos en Honduras - Climate Change Atelier\" \/>\n<meta property=\"og:description\" content=\"El proyecto se centr\u00f3 en la formulaci\u00f3n de documentos nacionales clave para avanzar en los compromisos clim\u00e1ticos de Honduras bajo la CMNUCC. Su principal objetivo era preparar la propuesta de proyecto para la Cuarta Comunicaci\u00f3n Nacional y los Informes de Transparencia Bienales 1\u00aa y 2\u00aa en l\u00ednea con los requisitos del Fondo para el Medio&hellip;&nbsp;\" \/>\n<meta property=\"og:url\" content=\"https:\/\/www.ccatelier.es\/en\/apoyo-a-la-implementacion-de-los-compromisos-climaticos-en-honduras\/\" \/>\n<meta property=\"og:site_name\" content=\"Climate Change Atelier\" \/>\n<meta property=\"article:published_time\" content=\"2025-07-24T12:49:45+00:00\" \/>\n<meta property=\"article:modified_time\" content=\"2026-02-19T07:13:21+00:00\" \/>\n<meta property=\"og:image\" content=\"https:\/\/www.ccatelier.es\/wp-content\/uploads\/2025\/07\/bbGettyImages-1272178182.jpg\" \/>\n\t<meta property=\"og:image:width\" content=\"1200\" \/>\n\t<meta property=\"og:image:height\" content=\"675\" \/>\n\t<meta property=\"og:image:type\" content=\"image\/jpeg\" \/>\n<meta name=\"author\" content=\"admin\" \/>\n<meta name=\"twitter:card\" content=\"summary_large_image\" \/>\n<meta name=\"twitter:label1\" content=\"Written by\" \/>\n\t<meta name=\"twitter:data1\" content=\"admin\" \/>\n\t<meta name=\"twitter:label2\" content=\"Estimated reading time\" \/>\n\t<meta name=\"twitter:data2\" content=\"2 minutes\" \/>\n<script type=\"application\/ld+json\" class=\"yoast-schema-graph\">{\"@context\":\"https:\\\/\\\/schema.org\",\"@graph\":[{\"@type\":\"Article\",\"@id\":\"https:\\\/\\\/www.ccatelier.es\\\/apoyo-a-la-implementacion-de-los-compromisos-climaticos-en-honduras\\\/#article\",\"isPartOf\":{\"@id\":\"https:\\\/\\\/www.ccatelier.es\\\/apoyo-a-la-implementacion-de-los-compromisos-climaticos-en-honduras\\\/\"},\"author\":{\"name\":\"admin\",\"@id\":\"https:\\\/\\\/www.ccatelier.es\\\/#\\\/schema\\\/person\\\/468ef15b7071978511257f3cb6a37fd7\"},\"headline\":\"Apoyo a la implementaci\u00f3n de los compromisos clim\u00e1ticos en Honduras\",\"datePublished\":\"2025-07-24T12:49:45+00:00\",\"dateModified\":\"2026-02-19T07:13:21+00:00\",\"mainEntityOfPage\":{\"@id\":\"https:\\\/\\\/www.ccatelier.es\\\/apoyo-a-la-implementacion-de-los-compromisos-climaticos-en-honduras\\\/\"},\"wordCount\":330,\"commentCount\":0,\"image\":{\"@id\":\"https:\\\/\\\/www.ccatelier.es\\\/apoyo-a-la-implementacion-de-los-compromisos-climaticos-en-honduras\\\/#primaryimage\"},\"thumbnailUrl\":\"https:\\\/\\\/www.ccatelier.es\\\/wp-content\\\/uploads\\\/2025\\\/07\\\/bbGettyImages-1272178182.jpg\",\"keywords\":[\"Honduras\"],\"articleSection\":[\"Transparencia y sistemas de reporte\"],\"inLanguage\":\"en-GB\",\"potentialAction\":[{\"@type\":\"CommentAction\",\"name\":\"Comment\",\"target\":[\"https:\\\/\\\/www.ccatelier.es\\\/apoyo-a-la-implementacion-de-los-compromisos-climaticos-en-honduras\\\/#respond\"]}]},{\"@type\":\"WebPage\",\"@id\":\"https:\\\/\\\/www.ccatelier.es\\\/apoyo-a-la-implementacion-de-los-compromisos-climaticos-en-honduras\\\/\",\"url\":\"https:\\\/\\\/www.ccatelier.es\\\/apoyo-a-la-implementacion-de-los-compromisos-climaticos-en-honduras\\\/\",\"name\":\"Apoyo a la implementaci\u00f3n de los compromisos clim\u00e1ticos en Honduras - Climate Change Atelier\",\"isPartOf\":{\"@id\":\"https:\\\/\\\/www.ccatelier.es\\\/#website\"},\"primaryImageOfPage\":{\"@id\":\"https:\\\/\\\/www.ccatelier.es\\\/apoyo-a-la-implementacion-de-los-compromisos-climaticos-en-honduras\\\/#primaryimage\"},\"image\":{\"@id\":\"https:\\\/\\\/www.ccatelier.es\\\/apoyo-a-la-implementacion-de-los-compromisos-climaticos-en-honduras\\\/#primaryimage\"},\"thumbnailUrl\":\"https:\\\/\\\/www.ccatelier.es\\\/wp-content\\\/uploads\\\/2025\\\/07\\\/bbGettyImages-1272178182.jpg\",\"datePublished\":\"2025-07-24T12:49:45+00:00\",\"dateModified\":\"2026-02-19T07:13:21+00:00\",\"author\":{\"@id\":\"https:\\\/\\\/www.ccatelier.es\\\/#\\\/schema\\\/person\\\/468ef15b7071978511257f3cb6a37fd7\"},\"breadcrumb\":{\"@id\":\"https:\\\/\\\/www.ccatelier.es\\\/apoyo-a-la-implementacion-de-los-compromisos-climaticos-en-honduras\\\/#breadcrumb\"},\"inLanguage\":\"en-GB\",\"potentialAction\":[{\"@type\":\"ReadAction\",\"target\":[\"https:\\\/\\\/www.ccatelier.es\\\/apoyo-a-la-implementacion-de-los-compromisos-climaticos-en-honduras\\\/\"]}]},{\"@type\":\"ImageObject\",\"inLanguage\":\"en-GB\",\"@id\":\"https:\\\/\\\/www.ccatelier.es\\\/apoyo-a-la-implementacion-de-los-compromisos-climaticos-en-honduras\\\/#primaryimage\",\"url\":\"https:\\\/\\\/www.ccatelier.es\\\/wp-content\\\/uploads\\\/2025\\\/07\\\/bbGettyImages-1272178182.jpg\",\"contentUrl\":\"https:\\\/\\\/www.ccatelier.es\\\/wp-content\\\/uploads\\\/2025\\\/07\\\/bbGettyImages-1272178182.jpg\",\"width\":1200,\"height\":675},{\"@type\":\"BreadcrumbList\",\"@id\":\"https:\\\/\\\/www.ccatelier.es\\\/apoyo-a-la-implementacion-de-los-compromisos-climaticos-en-honduras\\\/#breadcrumb\",\"itemListElement\":[{\"@type\":\"ListItem\",\"position\":1,\"name\":\"Portada\",\"item\":\"https:\\\/\\\/www.ccatelier.es\\\/\"},{\"@type\":\"ListItem\",\"position\":2,\"name\":\"Apoyo a la implementaci\u00f3n de los compromisos clim\u00e1ticos en Honduras\"}]},{\"@type\":\"WebSite\",\"@id\":\"https:\\\/\\\/www.ccatelier.es\\\/#website\",\"url\":\"https:\\\/\\\/www.ccatelier.es\\\/\",\"name\":\"Climate Change Atelier\",\"description\":\"Consultora especializada en cambio clim\u00e1tico, transparencia, NDCs, inventarios GEI y financiamiento clim\u00e1tico. Experiencia internacional y enfoque t\u00e9cnico adaptado.\",\"potentialAction\":[{\"@type\":\"SearchAction\",\"target\":{\"@type\":\"EntryPoint\",\"urlTemplate\":\"https:\\\/\\\/www.ccatelier.es\\\/?s={search_term_string}\"},\"query-input\":{\"@type\":\"PropertyValueSpecification\",\"valueRequired\":true,\"valueName\":\"search_term_string\"}}],\"inLanguage\":\"en-GB\"},{\"@type\":\"Person\",\"@id\":\"https:\\\/\\\/www.ccatelier.es\\\/#\\\/schema\\\/person\\\/468ef15b7071978511257f3cb6a37fd7\",\"name\":\"admin\",\"image\":{\"@type\":\"ImageObject\",\"inLanguage\":\"en-GB\",\"@id\":\"https:\\\/\\\/secure.gravatar.com\\\/avatar\\\/5e5d037f5eb89be41a2c1967d5c5b7113f430db59ccee33ae492b86c0847ab0e?s=96&d=mm&r=g\",\"url\":\"https:\\\/\\\/secure.gravatar.com\\\/avatar\\\/5e5d037f5eb89be41a2c1967d5c5b7113f430db59ccee33ae492b86c0847ab0e?s=96&d=mm&r=g\",\"contentUrl\":\"https:\\\/\\\/secure.gravatar.com\\\/avatar\\\/5e5d037f5eb89be41a2c1967d5c5b7113f430db59ccee33ae492b86c0847ab0e?s=96&d=mm&r=g\",\"caption\":\"admin\"},\"sameAs\":[\"https:\\\/\\\/www.ccatelier.es\"],\"url\":\"https:\\\/\\\/www.ccatelier.es\\\/en\\\/author\\\/admin\\\/\"}]}<\/script>\n<!-- \/ Yoast SEO plugin. -->","yoast_head_json":{"title":"Apoyo a la implementaci\u00f3n de los compromisos clim\u00e1ticos en Honduras - Climate Change Atelier","robots":{"index":"index","follow":"follow","max-snippet":"max-snippet:-1","max-image-preview":"max-image-preview:large","max-video-preview":"max-video-preview:-1"},"canonical":"https:\/\/www.ccatelier.es\/en\/apoyo-a-la-implementacion-de-los-compromisos-climaticos-en-honduras\/","og_locale":"en_GB","og_type":"article","og_title":"Apoyo a la implementaci\u00f3n de los compromisos clim\u00e1ticos en Honduras - Climate Change Atelier","og_description":"El proyecto se centr\u00f3 en la formulaci\u00f3n de documentos nacionales clave para avanzar en los compromisos clim\u00e1ticos de Honduras bajo la CMNUCC. Su principal objetivo era preparar la propuesta de proyecto para la Cuarta Comunicaci\u00f3n Nacional y los Informes de Transparencia Bienales 1\u00aa y 2\u00aa en l\u00ednea con los requisitos del Fondo para el Medio&hellip;&nbsp;","og_url":"https:\/\/www.ccatelier.es\/en\/apoyo-a-la-implementacion-de-los-compromisos-climaticos-en-honduras\/","og_site_name":"Climate Change Atelier","article_published_time":"2025-07-24T12:49:45+00:00","article_modified_time":"2026-02-19T07:13:21+00:00","og_image":[{"width":1200,"height":675,"url":"https:\/\/www.ccatelier.es\/wp-content\/uploads\/2025\/07\/bbGettyImages-1272178182.jpg","type":"image\/jpeg"}],"author":"admin","twitter_card":"summary_large_image","twitter_misc":{"Written by":"admin","Estimated reading time":"2 minutes"},"schema":{"@context":"https:\/\/schema.org","@graph":[{"@type":"Article","@id":"https:\/\/www.ccatelier.es\/apoyo-a-la-implementacion-de-los-compromisos-climaticos-en-honduras\/#article","isPartOf":{"@id":"https:\/\/www.ccatelier.es\/apoyo-a-la-implementacion-de-los-compromisos-climaticos-en-honduras\/"},"author":{"name":"admin","@id":"https:\/\/www.ccatelier.es\/#\/schema\/person\/468ef15b7071978511257f3cb6a37fd7"},"headline":"Apoyo a la implementaci\u00f3n de los compromisos clim\u00e1ticos en Honduras","datePublished":"2025-07-24T12:49:45+00:00","dateModified":"2026-02-19T07:13:21+00:00","mainEntityOfPage":{"@id":"https:\/\/www.ccatelier.es\/apoyo-a-la-implementacion-de-los-compromisos-climaticos-en-honduras\/"},"wordCount":330,"commentCount":0,"image":{"@id":"https:\/\/www.ccatelier.es\/apoyo-a-la-implementacion-de-los-compromisos-climaticos-en-honduras\/#primaryimage"},"thumbnailUrl":"https:\/\/www.ccatelier.es\/wp-content\/uploads\/2025\/07\/bbGettyImages-1272178182.jpg","keywords":["Honduras"],"articleSection":["Transparencia y sistemas de reporte"],"inLanguage":"en-GB","potentialAction":[{"@type":"CommentAction","name":"Comment","target":["https:\/\/www.ccatelier.es\/apoyo-a-la-implementacion-de-los-compromisos-climaticos-en-honduras\/#respond"]}]},{"@type":"WebPage","@id":"https:\/\/www.ccatelier.es\/apoyo-a-la-implementacion-de-los-compromisos-climaticos-en-honduras\/","url":"https:\/\/www.ccatelier.es\/apoyo-a-la-implementacion-de-los-compromisos-climaticos-en-honduras\/","name":"Apoyo a la implementaci\u00f3n de los compromisos clim\u00e1ticos en Honduras - Climate Change Atelier","isPartOf":{"@id":"https:\/\/www.ccatelier.es\/#website"},"primaryImageOfPage":{"@id":"https:\/\/www.ccatelier.es\/apoyo-a-la-implementacion-de-los-compromisos-climaticos-en-honduras\/#primaryimage"},"image":{"@id":"https:\/\/www.ccatelier.es\/apoyo-a-la-implementacion-de-los-compromisos-climaticos-en-honduras\/#primaryimage"},"thumbnailUrl":"https:\/\/www.ccatelier.es\/wp-content\/uploads\/2025\/07\/bbGettyImages-1272178182.jpg","datePublished":"2025-07-24T12:49:45+00:00","dateModified":"2026-02-19T07:13:21+00:00","author":{"@id":"https:\/\/www.ccatelier.es\/#\/schema\/person\/468ef15b7071978511257f3cb6a37fd7"},"breadcrumb":{"@id":"https:\/\/www.ccatelier.es\/apoyo-a-la-implementacion-de-los-compromisos-climaticos-en-honduras\/#breadcrumb"},"inLanguage":"en-GB","potentialAction":[{"@type":"ReadAction","target":["https:\/\/www.ccatelier.es\/apoyo-a-la-implementacion-de-los-compromisos-climaticos-en-honduras\/"]}]},{"@type":"ImageObject","inLanguage":"en-GB","@id":"https:\/\/www.ccatelier.es\/apoyo-a-la-implementacion-de-los-compromisos-climaticos-en-honduras\/#primaryimage","url":"https:\/\/www.ccatelier.es\/wp-content\/uploads\/2025\/07\/bbGettyImages-1272178182.jpg","contentUrl":"https:\/\/www.ccatelier.es\/wp-content\/uploads\/2025\/07\/bbGettyImages-1272178182.jpg","width":1200,"height":675},{"@type":"BreadcrumbList","@id":"https:\/\/www.ccatelier.es\/apoyo-a-la-implementacion-de-los-compromisos-climaticos-en-honduras\/#breadcrumb","itemListElement":[{"@type":"ListItem","position":1,"name":"Portada","item":"https:\/\/www.ccatelier.es\/"},{"@type":"ListItem","position":2,"name":"Apoyo a la implementaci\u00f3n de los compromisos clim\u00e1ticos en Honduras"}]},{"@type":"WebSite","@id":"https:\/\/www.ccatelier.es\/#website","url":"https:\/\/www.ccatelier.es\/","name":"Climate Change Atelier","description":"Consultora especializada en cambio clim\u00e1tico, transparencia, NDCs, inventarios GEI y financiamiento clim\u00e1tico. Experiencia internacional y enfoque t\u00e9cnico adaptado.","potentialAction":[{"@type":"SearchAction","target":{"@type":"EntryPoint","urlTemplate":"https:\/\/www.ccatelier.es\/?s={search_term_string}"},"query-input":{"@type":"PropertyValueSpecification","valueRequired":true,"valueName":"search_term_string"}}],"inLanguage":"en-GB"},{"@type":"Person","@id":"https:\/\/www.ccatelier.es\/#\/schema\/person\/468ef15b7071978511257f3cb6a37fd7","name":"admin","image":{"@type":"ImageObject","inLanguage":"en-GB","@id":"https:\/\/secure.gravatar.com\/avatar\/5e5d037f5eb89be41a2c1967d5c5b7113f430db59ccee33ae492b86c0847ab0e?s=96&d=mm&r=g","url":"https:\/\/secure.gravatar.com\/avatar\/5e5d037f5eb89be41a2c1967d5c5b7113f430db59ccee33ae492b86c0847ab0e?s=96&d=mm&r=g","contentUrl":"https:\/\/secure.gravatar.com\/avatar\/5e5d037f5eb89be41a2c1967d5c5b7113f430db59ccee33ae492b86c0847ab0e?s=96&d=mm&r=g","caption":"admin"},"sameAs":["https:\/\/www.ccatelier.es"],"url":"https:\/\/www.ccatelier.es\/en\/author\/admin\/"}]}},"_links":{"self":[{"href":"https:\/\/www.ccatelier.es\/en\/wp-json\/wp\/v2\/posts\/537","targetHints":{"allow":["GET"]}}],"collection":[{"href":"https:\/\/www.ccatelier.es\/en\/wp-json\/wp\/v2\/posts"}],"about":[{"href":"https:\/\/www.ccatelier.es\/en\/wp-json\/wp\/v2\/types\/post"}],"author":[{"embeddable":true,"href":"https:\/\/www.ccatelier.es\/en\/wp-json\/wp\/v2\/users\/1"}],"replies":[{"embeddable":true,"href":"https:\/\/www.ccatelier.es\/en\/wp-json\/wp\/v2\/comments?post=537"}],"version-history":[{"count":7,"href":"https:\/\/www.ccatelier.es\/en\/wp-json\/wp\/v2\/posts\/537\/revisions"}],"predecessor-version":[{"id":1668,"href":"https:\/\/www.ccatelier.es\/en\/wp-json\/wp\/v2\/posts\/537\/revisions\/1668"}],"wp:featuredmedia":[{"embeddable":true,"href":"https:\/\/www.ccatelier.es\/en\/wp-json\/wp\/v2\/media\/538"}],"wp:attachment":[{"href":"https:\/\/www.ccatelier.es\/en\/wp-json\/wp\/v2\/media?parent=537"}],"wp:term":[{"taxonomy":"category","embeddable":true,"href":"https:\/\/www.ccatelier.es\/en\/wp-json\/wp\/v2\/categories?post=537"},{"taxonomy":"post_tag","embeddable":true,"href":"https:\/\/www.ccatelier.es\/en\/wp-json\/wp\/v2\/tags?post=537"}],"curies":[{"name":"wp","href":"https:\/\/api.w.org\/{rel}","templated":true}]}}