{"id":484,"date":"2025-07-24T10:49:00","date_gmt":"2025-07-24T10:49:00","guid":{"rendered":"https:\/\/www.ccatelier.es\/?p=484"},"modified":"2026-02-28T23:04:26","modified_gmt":"2026-02-28T23:04:26","slug":"asesor-estrategico-para-contribuir-a-la-estrategia-de-implementacion-de-proagenda-en-honduras","status":"publish","type":"post","link":"https:\/\/www.ccatelier.es\/en\/asesor-estrategico-para-contribuir-a-la-estrategia-de-implementacion-de-proagenda-en-honduras\/","title":{"rendered":"Estrategia de implementaci\u00f3n de PROAGENDA en Honduras"},"content":{"rendered":"<div data-elementor-type=\"wp-post\" data-elementor-id=\"484\" class=\"elementor elementor-484\" data-elementor-post-type=\"post\">\n\t\t\t\t<div class=\"elementor-element elementor-element-4ae4d6c e-flex e-con-boxed e-con e-parent\" data-id=\"4ae4d6c\" data-element_type=\"container\" data-e-type=\"container\">\n\t\t\t\t\t<div class=\"e-con-inner\">\n\t\t\t\t<div class=\"elementor-element elementor-element-30d866ec elementor-widget elementor-widget-text-editor\" data-id=\"30d866ec\" data-element_type=\"widget\" data-e-type=\"widget\" data-widget_type=\"text-editor.default\">\n\t\t\t\t<div class=\"elementor-widget-container\">\n\t\t\t\t\t\t\t\t\t<p>El proyecto apoy\u00f3 el dise\u00f1o y la temprana implementaci\u00f3n de la iniciativa PROAGENDA de Honduras fortaleciendo su orientaci\u00f3n estrat\u00e9gica, el marco de resultados y la estrategia de implementaci\u00f3n. Se centr\u00f3 en alinear los objetivos de mitigaci\u00f3n y adaptaci\u00f3n al cambio clim\u00e1tico con la Agenda Nacional 2030 para el Desarrollo Sostenible, asegurando que la acci\u00f3n clim\u00e1tica se integre eficazmente como un motor transversal de los resultados del desarrollo sostenible. La tarea contribuy\u00f3 a perfeccionar los enfoques de gobernanza, supervisi\u00f3n y financiaci\u00f3n bajo PROAGENDA, con especial \u00e9nfasis en aprovechar las sinergias entre los objetivos clim\u00e1ticos, los ODS y las prioridades pol\u00edticas nacionales, en l\u00ednea con los objetivos de Honduras en el NDC y la resiliencia a largo plazo.<br \/><br \/><strong>Project Title<\/strong>: Asesor estrat\u00e9gico para contribuir a la estrategia de implementaci\u00f3n de PROAGENDA en Honduras<br \/><strong>Typology<\/strong>Climate strategies and analysis:<br \/><strong>Region:<\/strong> Latin America and the Caribbean<br \/><strong>Country:<\/strong> Honduras<br \/><strong>Customer:<\/strong> GIZ<br \/><strong>Period:<\/strong> 01\/03\/2021-31\/05\/2021<br \/><br \/><strong>Activities performed:<\/strong> <br \/>&#8211; Actu\u00f3 como asesor estrat\u00e9gico liderando la revisi\u00f3n y perfeccionamiento del documento de proyecto, el marco l\u00f3gico, el modelo de impacto e indicadores de PROAGENDA para fortalecer la alineaci\u00f3n entre los objetivos clim\u00e1ticos y la Agenda Nacional 2030.<br \/>&#8211; Desarroll\u00f3 recomendaciones estrat\u00e9gicas para ajustar resultados e indicadores con el fin de captar mejor las sinergias de mitigaci\u00f3n\u2013adaptaci\u00f3n\u2013desarrollo, incorporando prioridades nacionales de pol\u00edtica clim\u00e1tica y objetivos de ODS.<br \/>&#8211; Dise\u00f1\u00f3 plantillas de indicadores y lider\u00f3 el desarrollo de todas las hojas de indicadores del proyecto, incluyendo referencias, pasos de implementaci\u00f3n, plazos, riesgos, requisitos de seguimiento y criterios de sostenibilidad.<br \/>&#8211; Contribuy\u00f3 a la definici\u00f3n de la estrategia de implementaci\u00f3n de PROAGENDA mediante consultas bilaterales, discusiones t\u00e9cnicas y participaci\u00f3n en talleres de planificaci\u00f3n estrat\u00e9gica con hom\u00f3logos gubernamentales.<br \/>&#8211; Proporcion\u00f3 orientaci\u00f3n t\u00e9cnica durante toda la fase de planificaci\u00f3n, asegurando la coherencia entre los indicadores, los procesos de implementaci\u00f3n y el impacto a largo plazo previsto para el proyecto.<\/p>\t\t\t\t\t\t\t\t<\/div>\n\t\t\t\t<\/div>\n\t\t\t\t\t<\/div>\n\t\t\t\t<\/div>\n\t\t\t\t<\/div>","protected":false},"excerpt":{"rendered":"<p>El proyecto apoy\u00f3 el dise\u00f1o y la temprana implementaci\u00f3n de la iniciativa PROAGENDA de Honduras fortaleciendo su orientaci\u00f3n estrat\u00e9gica, el marco de resultados y la estrategia de implementaci\u00f3n. Se centr\u00f3 en alinear los objetivos de mitigaci\u00f3n y adaptaci\u00f3n al cambio clim\u00e1tico con la Agenda Nacional 2030 para el Desarrollo Sostenible, asegurando que la acci\u00f3n clim\u00e1tica&hellip;&nbsp;<\/p>","protected":false},"author":1,"featured_media":485,"comment_status":"open","ping_status":"open","sticky":false,"template":"","format":"standard","meta":{"_acf_changed":false,"neve_meta_sidebar":"","neve_meta_container":"","neve_meta_enable_content_width":"off","neve_meta_content_width":70,"neve_meta_title_alignment":"","neve_meta_author_avatar":"","neve_post_elements_order":"","neve_meta_disable_header":"","neve_meta_disable_footer":"","neve_meta_disable_title":"","footnotes":""},"categories":[15],"tags":[51],"class_list":["post-484","post","type-post","status-publish","format-standard","has-post-thumbnail","hentry","category-transparencia-climatica-y-reporte-internacional","tag-honduras"],"acf":[],"yoast_head":"<!-- This site is optimized with the Yoast SEO plugin v27.4 - https:\/\/yoast.com\/product\/yoast-seo-wordpress\/ -->\n<title>Estrategia de implementaci\u00f3n de PROAGENDA en Honduras - Climate Change Atelier<\/title>\n<meta name=\"robots\" content=\"index, follow, max-snippet:-1, max-image-preview:large, max-video-preview:-1\" \/>\n<link rel=\"canonical\" href=\"https:\/\/www.ccatelier.es\/en\/asesor-estrategico-para-contribuir-a-la-estrategia-de-implementacion-de-proagenda-en-honduras\/\" \/>\n<meta property=\"og:locale\" content=\"en_GB\" \/>\n<meta property=\"og:type\" content=\"article\" \/>\n<meta property=\"og:title\" content=\"Estrategia de implementaci\u00f3n de PROAGENDA en Honduras - Climate Change Atelier\" \/>\n<meta property=\"og:description\" content=\"El proyecto apoy\u00f3 el dise\u00f1o y la temprana implementaci\u00f3n de la iniciativa PROAGENDA de Honduras fortaleciendo su orientaci\u00f3n estrat\u00e9gica, el marco de resultados y la estrategia de implementaci\u00f3n. Se centr\u00f3 en alinear los objetivos de mitigaci\u00f3n y adaptaci\u00f3n al cambio clim\u00e1tico con la Agenda Nacional 2030 para el Desarrollo Sostenible, asegurando que la acci\u00f3n clim\u00e1tica&hellip;&nbsp;\" \/>\n<meta property=\"og:url\" content=\"https:\/\/www.ccatelier.es\/en\/asesor-estrategico-para-contribuir-a-la-estrategia-de-implementacion-de-proagenda-en-honduras\/\" \/>\n<meta property=\"og:site_name\" content=\"Climate Change Atelier\" \/>\n<meta property=\"article:published_time\" content=\"2025-07-24T10:49:00+00:00\" \/>\n<meta property=\"article:modified_time\" content=\"2026-02-28T23:04:26+00:00\" \/>\n<meta property=\"og:image\" content=\"https:\/\/www.ccatelier.es\/wp-content\/uploads\/2025\/07\/honduras-1.jpg\" \/>\n\t<meta property=\"og:image:width\" content=\"1900\" \/>\n\t<meta property=\"og:image:height\" content=\"1500\" \/>\n\t<meta property=\"og:image:type\" content=\"image\/jpeg\" \/>\n<meta name=\"author\" content=\"admin\" \/>\n<meta name=\"twitter:card\" content=\"summary_large_image\" \/>\n<meta name=\"twitter:label1\" content=\"Written by\" \/>\n\t<meta name=\"twitter:data1\" content=\"admin\" \/>\n\t<meta name=\"twitter:label2\" content=\"Estimated reading time\" \/>\n\t<meta name=\"twitter:data2\" content=\"1 minute\" \/>\n<script type=\"application\/ld+json\" class=\"yoast-schema-graph\">{\"@context\":\"https:\\\/\\\/schema.org\",\"@graph\":[{\"@type\":\"Article\",\"@id\":\"https:\\\/\\\/www.ccatelier.es\\\/asesor-estrategico-para-contribuir-a-la-estrategia-de-implementacion-de-proagenda-en-honduras\\\/#article\",\"isPartOf\":{\"@id\":\"https:\\\/\\\/www.ccatelier.es\\\/asesor-estrategico-para-contribuir-a-la-estrategia-de-implementacion-de-proagenda-en-honduras\\\/\"},\"author\":{\"name\":\"admin\",\"@id\":\"https:\\\/\\\/www.ccatelier.es\\\/#\\\/schema\\\/person\\\/468ef15b7071978511257f3cb6a37fd7\"},\"headline\":\"Estrategia de implementaci\u00f3n de PROAGENDA en Honduras\",\"datePublished\":\"2025-07-24T10:49:00+00:00\",\"dateModified\":\"2026-02-28T23:04:26+00:00\",\"mainEntityOfPage\":{\"@id\":\"https:\\\/\\\/www.ccatelier.es\\\/asesor-estrategico-para-contribuir-a-la-estrategia-de-implementacion-de-proagenda-en-honduras\\\/\"},\"wordCount\":359,\"commentCount\":0,\"image\":{\"@id\":\"https:\\\/\\\/www.ccatelier.es\\\/asesor-estrategico-para-contribuir-a-la-estrategia-de-implementacion-de-proagenda-en-honduras\\\/#primaryimage\"},\"thumbnailUrl\":\"https:\\\/\\\/www.ccatelier.es\\\/wp-content\\\/uploads\\\/2025\\\/07\\\/honduras-1.jpg\",\"keywords\":[\"Honduras\"],\"articleSection\":[\"Transparencia y sistemas de reporte\"],\"inLanguage\":\"en-GB\",\"potentialAction\":[{\"@type\":\"CommentAction\",\"name\":\"Comment\",\"target\":[\"https:\\\/\\\/www.ccatelier.es\\\/asesor-estrategico-para-contribuir-a-la-estrategia-de-implementacion-de-proagenda-en-honduras\\\/#respond\"]}]},{\"@type\":\"WebPage\",\"@id\":\"https:\\\/\\\/www.ccatelier.es\\\/asesor-estrategico-para-contribuir-a-la-estrategia-de-implementacion-de-proagenda-en-honduras\\\/\",\"url\":\"https:\\\/\\\/www.ccatelier.es\\\/asesor-estrategico-para-contribuir-a-la-estrategia-de-implementacion-de-proagenda-en-honduras\\\/\",\"name\":\"Estrategia de implementaci\u00f3n de PROAGENDA en Honduras - Climate Change Atelier\",\"isPartOf\":{\"@id\":\"https:\\\/\\\/www.ccatelier.es\\\/#website\"},\"primaryImageOfPage\":{\"@id\":\"https:\\\/\\\/www.ccatelier.es\\\/asesor-estrategico-para-contribuir-a-la-estrategia-de-implementacion-de-proagenda-en-honduras\\\/#primaryimage\"},\"image\":{\"@id\":\"https:\\\/\\\/www.ccatelier.es\\\/asesor-estrategico-para-contribuir-a-la-estrategia-de-implementacion-de-proagenda-en-honduras\\\/#primaryimage\"},\"thumbnailUrl\":\"https:\\\/\\\/www.ccatelier.es\\\/wp-content\\\/uploads\\\/2025\\\/07\\\/honduras-1.jpg\",\"datePublished\":\"2025-07-24T10:49:00+00:00\",\"dateModified\":\"2026-02-28T23:04:26+00:00\",\"author\":{\"@id\":\"https:\\\/\\\/www.ccatelier.es\\\/#\\\/schema\\\/person\\\/468ef15b7071978511257f3cb6a37fd7\"},\"breadcrumb\":{\"@id\":\"https:\\\/\\\/www.ccatelier.es\\\/asesor-estrategico-para-contribuir-a-la-estrategia-de-implementacion-de-proagenda-en-honduras\\\/#breadcrumb\"},\"inLanguage\":\"en-GB\",\"potentialAction\":[{\"@type\":\"ReadAction\",\"target\":[\"https:\\\/\\\/www.ccatelier.es\\\/asesor-estrategico-para-contribuir-a-la-estrategia-de-implementacion-de-proagenda-en-honduras\\\/\"]}]},{\"@type\":\"ImageObject\",\"inLanguage\":\"en-GB\",\"@id\":\"https:\\\/\\\/www.ccatelier.es\\\/asesor-estrategico-para-contribuir-a-la-estrategia-de-implementacion-de-proagenda-en-honduras\\\/#primaryimage\",\"url\":\"https:\\\/\\\/www.ccatelier.es\\\/wp-content\\\/uploads\\\/2025\\\/07\\\/honduras-1.jpg\",\"contentUrl\":\"https:\\\/\\\/www.ccatelier.es\\\/wp-content\\\/uploads\\\/2025\\\/07\\\/honduras-1.jpg\",\"width\":1900,\"height\":1500},{\"@type\":\"BreadcrumbList\",\"@id\":\"https:\\\/\\\/www.ccatelier.es\\\/asesor-estrategico-para-contribuir-a-la-estrategia-de-implementacion-de-proagenda-en-honduras\\\/#breadcrumb\",\"itemListElement\":[{\"@type\":\"ListItem\",\"position\":1,\"name\":\"Portada\",\"item\":\"https:\\\/\\\/www.ccatelier.es\\\/\"},{\"@type\":\"ListItem\",\"position\":2,\"name\":\"Estrategia de implementaci\u00f3n de PROAGENDA en Honduras\"}]},{\"@type\":\"WebSite\",\"@id\":\"https:\\\/\\\/www.ccatelier.es\\\/#website\",\"url\":\"https:\\\/\\\/www.ccatelier.es\\\/\",\"name\":\"Climate Change Atelier\",\"description\":\"Consultora especializada en cambio clim\u00e1tico, transparencia, NDCs, inventarios GEI y financiamiento clim\u00e1tico. Experiencia internacional y enfoque t\u00e9cnico adaptado.\",\"potentialAction\":[{\"@type\":\"SearchAction\",\"target\":{\"@type\":\"EntryPoint\",\"urlTemplate\":\"https:\\\/\\\/www.ccatelier.es\\\/?s={search_term_string}\"},\"query-input\":{\"@type\":\"PropertyValueSpecification\",\"valueRequired\":true,\"valueName\":\"search_term_string\"}}],\"inLanguage\":\"en-GB\"},{\"@type\":\"Person\",\"@id\":\"https:\\\/\\\/www.ccatelier.es\\\/#\\\/schema\\\/person\\\/468ef15b7071978511257f3cb6a37fd7\",\"name\":\"admin\",\"image\":{\"@type\":\"ImageObject\",\"inLanguage\":\"en-GB\",\"@id\":\"https:\\\/\\\/secure.gravatar.com\\\/avatar\\\/5e5d037f5eb89be41a2c1967d5c5b7113f430db59ccee33ae492b86c0847ab0e?s=96&d=mm&r=g\",\"url\":\"https:\\\/\\\/secure.gravatar.com\\\/avatar\\\/5e5d037f5eb89be41a2c1967d5c5b7113f430db59ccee33ae492b86c0847ab0e?s=96&d=mm&r=g\",\"contentUrl\":\"https:\\\/\\\/secure.gravatar.com\\\/avatar\\\/5e5d037f5eb89be41a2c1967d5c5b7113f430db59ccee33ae492b86c0847ab0e?s=96&d=mm&r=g\",\"caption\":\"admin\"},\"sameAs\":[\"https:\\\/\\\/www.ccatelier.es\"],\"url\":\"https:\\\/\\\/www.ccatelier.es\\\/en\\\/author\\\/admin\\\/\"}]}<\/script>\n<!-- \/ Yoast SEO plugin. -->","yoast_head_json":{"title":"Estrategia de implementaci\u00f3n de PROAGENDA en Honduras - Climate Change Atelier","robots":{"index":"index","follow":"follow","max-snippet":"max-snippet:-1","max-image-preview":"max-image-preview:large","max-video-preview":"max-video-preview:-1"},"canonical":"https:\/\/www.ccatelier.es\/en\/asesor-estrategico-para-contribuir-a-la-estrategia-de-implementacion-de-proagenda-en-honduras\/","og_locale":"en_GB","og_type":"article","og_title":"Estrategia de implementaci\u00f3n de PROAGENDA en Honduras - Climate Change Atelier","og_description":"El proyecto apoy\u00f3 el dise\u00f1o y la temprana implementaci\u00f3n de la iniciativa PROAGENDA de Honduras fortaleciendo su orientaci\u00f3n estrat\u00e9gica, el marco de resultados y la estrategia de implementaci\u00f3n. Se centr\u00f3 en alinear los objetivos de mitigaci\u00f3n y adaptaci\u00f3n al cambio clim\u00e1tico con la Agenda Nacional 2030 para el Desarrollo Sostenible, asegurando que la acci\u00f3n clim\u00e1tica&hellip;&nbsp;","og_url":"https:\/\/www.ccatelier.es\/en\/asesor-estrategico-para-contribuir-a-la-estrategia-de-implementacion-de-proagenda-en-honduras\/","og_site_name":"Climate Change Atelier","article_published_time":"2025-07-24T10:49:00+00:00","article_modified_time":"2026-02-28T23:04:26+00:00","og_image":[{"width":1900,"height":1500,"url":"https:\/\/www.ccatelier.es\/wp-content\/uploads\/2025\/07\/honduras-1.jpg","type":"image\/jpeg"}],"author":"admin","twitter_card":"summary_large_image","twitter_misc":{"Written by":"admin","Estimated reading time":"1 minute"},"schema":{"@context":"https:\/\/schema.org","@graph":[{"@type":"Article","@id":"https:\/\/www.ccatelier.es\/asesor-estrategico-para-contribuir-a-la-estrategia-de-implementacion-de-proagenda-en-honduras\/#article","isPartOf":{"@id":"https:\/\/www.ccatelier.es\/asesor-estrategico-para-contribuir-a-la-estrategia-de-implementacion-de-proagenda-en-honduras\/"},"author":{"name":"admin","@id":"https:\/\/www.ccatelier.es\/#\/schema\/person\/468ef15b7071978511257f3cb6a37fd7"},"headline":"Estrategia de implementaci\u00f3n de PROAGENDA en Honduras","datePublished":"2025-07-24T10:49:00+00:00","dateModified":"2026-02-28T23:04:26+00:00","mainEntityOfPage":{"@id":"https:\/\/www.ccatelier.es\/asesor-estrategico-para-contribuir-a-la-estrategia-de-implementacion-de-proagenda-en-honduras\/"},"wordCount":359,"commentCount":0,"image":{"@id":"https:\/\/www.ccatelier.es\/asesor-estrategico-para-contribuir-a-la-estrategia-de-implementacion-de-proagenda-en-honduras\/#primaryimage"},"thumbnailUrl":"https:\/\/www.ccatelier.es\/wp-content\/uploads\/2025\/07\/honduras-1.jpg","keywords":["Honduras"],"articleSection":["Transparencia y sistemas de reporte"],"inLanguage":"en-GB","potentialAction":[{"@type":"CommentAction","name":"Comment","target":["https:\/\/www.ccatelier.es\/asesor-estrategico-para-contribuir-a-la-estrategia-de-implementacion-de-proagenda-en-honduras\/#respond"]}]},{"@type":"WebPage","@id":"https:\/\/www.ccatelier.es\/asesor-estrategico-para-contribuir-a-la-estrategia-de-implementacion-de-proagenda-en-honduras\/","url":"https:\/\/www.ccatelier.es\/asesor-estrategico-para-contribuir-a-la-estrategia-de-implementacion-de-proagenda-en-honduras\/","name":"Estrategia de implementaci\u00f3n de PROAGENDA en Honduras - Climate Change Atelier","isPartOf":{"@id":"https:\/\/www.ccatelier.es\/#website"},"primaryImageOfPage":{"@id":"https:\/\/www.ccatelier.es\/asesor-estrategico-para-contribuir-a-la-estrategia-de-implementacion-de-proagenda-en-honduras\/#primaryimage"},"image":{"@id":"https:\/\/www.ccatelier.es\/asesor-estrategico-para-contribuir-a-la-estrategia-de-implementacion-de-proagenda-en-honduras\/#primaryimage"},"thumbnailUrl":"https:\/\/www.ccatelier.es\/wp-content\/uploads\/2025\/07\/honduras-1.jpg","datePublished":"2025-07-24T10:49:00+00:00","dateModified":"2026-02-28T23:04:26+00:00","author":{"@id":"https:\/\/www.ccatelier.es\/#\/schema\/person\/468ef15b7071978511257f3cb6a37fd7"},"breadcrumb":{"@id":"https:\/\/www.ccatelier.es\/asesor-estrategico-para-contribuir-a-la-estrategia-de-implementacion-de-proagenda-en-honduras\/#breadcrumb"},"inLanguage":"en-GB","potentialAction":[{"@type":"ReadAction","target":["https:\/\/www.ccatelier.es\/asesor-estrategico-para-contribuir-a-la-estrategia-de-implementacion-de-proagenda-en-honduras\/"]}]},{"@type":"ImageObject","inLanguage":"en-GB","@id":"https:\/\/www.ccatelier.es\/asesor-estrategico-para-contribuir-a-la-estrategia-de-implementacion-de-proagenda-en-honduras\/#primaryimage","url":"https:\/\/www.ccatelier.es\/wp-content\/uploads\/2025\/07\/honduras-1.jpg","contentUrl":"https:\/\/www.ccatelier.es\/wp-content\/uploads\/2025\/07\/honduras-1.jpg","width":1900,"height":1500},{"@type":"BreadcrumbList","@id":"https:\/\/www.ccatelier.es\/asesor-estrategico-para-contribuir-a-la-estrategia-de-implementacion-de-proagenda-en-honduras\/#breadcrumb","itemListElement":[{"@type":"ListItem","position":1,"name":"Portada","item":"https:\/\/www.ccatelier.es\/"},{"@type":"ListItem","position":2,"name":"Estrategia de implementaci\u00f3n de PROAGENDA en Honduras"}]},{"@type":"WebSite","@id":"https:\/\/www.ccatelier.es\/#website","url":"https:\/\/www.ccatelier.es\/","name":"Climate Change Atelier","description":"Consultora especializada en cambio clim\u00e1tico, transparencia, NDCs, inventarios GEI y financiamiento clim\u00e1tico. Experiencia internacional y enfoque t\u00e9cnico adaptado.","potentialAction":[{"@type":"SearchAction","target":{"@type":"EntryPoint","urlTemplate":"https:\/\/www.ccatelier.es\/?s={search_term_string}"},"query-input":{"@type":"PropertyValueSpecification","valueRequired":true,"valueName":"search_term_string"}}],"inLanguage":"en-GB"},{"@type":"Person","@id":"https:\/\/www.ccatelier.es\/#\/schema\/person\/468ef15b7071978511257f3cb6a37fd7","name":"admin","image":{"@type":"ImageObject","inLanguage":"en-GB","@id":"https:\/\/secure.gravatar.com\/avatar\/5e5d037f5eb89be41a2c1967d5c5b7113f430db59ccee33ae492b86c0847ab0e?s=96&d=mm&r=g","url":"https:\/\/secure.gravatar.com\/avatar\/5e5d037f5eb89be41a2c1967d5c5b7113f430db59ccee33ae492b86c0847ab0e?s=96&d=mm&r=g","contentUrl":"https:\/\/secure.gravatar.com\/avatar\/5e5d037f5eb89be41a2c1967d5c5b7113f430db59ccee33ae492b86c0847ab0e?s=96&d=mm&r=g","caption":"admin"},"sameAs":["https:\/\/www.ccatelier.es"],"url":"https:\/\/www.ccatelier.es\/en\/author\/admin\/"}]}},"_links":{"self":[{"href":"https:\/\/www.ccatelier.es\/en\/wp-json\/wp\/v2\/posts\/484","targetHints":{"allow":["GET"]}}],"collection":[{"href":"https:\/\/www.ccatelier.es\/en\/wp-json\/wp\/v2\/posts"}],"about":[{"href":"https:\/\/www.ccatelier.es\/en\/wp-json\/wp\/v2\/types\/post"}],"author":[{"embeddable":true,"href":"https:\/\/www.ccatelier.es\/en\/wp-json\/wp\/v2\/users\/1"}],"replies":[{"embeddable":true,"href":"https:\/\/www.ccatelier.es\/en\/wp-json\/wp\/v2\/comments?post=484"}],"version-history":[{"count":8,"href":"https:\/\/www.ccatelier.es\/en\/wp-json\/wp\/v2\/posts\/484\/revisions"}],"predecessor-version":[{"id":1740,"href":"https:\/\/www.ccatelier.es\/en\/wp-json\/wp\/v2\/posts\/484\/revisions\/1740"}],"wp:featuredmedia":[{"embeddable":true,"href":"https:\/\/www.ccatelier.es\/en\/wp-json\/wp\/v2\/media\/485"}],"wp:attachment":[{"href":"https:\/\/www.ccatelier.es\/en\/wp-json\/wp\/v2\/media?parent=484"}],"wp:term":[{"taxonomy":"category","embeddable":true,"href":"https:\/\/www.ccatelier.es\/en\/wp-json\/wp\/v2\/categories?post=484"},{"taxonomy":"post_tag","embeddable":true,"href":"https:\/\/www.ccatelier.es\/en\/wp-json\/wp\/v2\/tags?post=484"}],"curies":[{"name":"wp","href":"https:\/\/api.w.org\/{rel}","templated":true}]}}