{"id":469,"date":"2025-07-24T10:43:16","date_gmt":"2025-07-24T10:43:16","guid":{"rendered":"https:\/\/www.ccatelier.es\/?p=469"},"modified":"2026-02-28T23:09:32","modified_gmt":"2026-02-28T23:09:32","slug":"experto-en-utcuts-para-la-actualizacion-de-la-contribucion-determinada-a-nivel-nacional-ndc-de-montenegro","status":"publish","type":"post","link":"https:\/\/www.ccatelier.es\/en\/experto-en-utcuts-para-la-actualizacion-de-la-contribucion-determinada-a-nivel-nacional-ndc-de-montenegro\/","title":{"rendered":"Apoyo a la actualizaci\u00f3n del NDC de Montenegro en el sector LULUCF"},"content":{"rendered":"<div data-elementor-type=\"wp-post\" data-elementor-id=\"469\" class=\"elementor elementor-469\" data-elementor-post-type=\"post\">\n\t\t\t\t<div class=\"elementor-element elementor-element-3d60fabc e-flex e-con-boxed e-con e-parent\" data-id=\"3d60fabc\" data-element_type=\"container\" data-e-type=\"container\">\n\t\t\t\t\t<div class=\"e-con-inner\">\n\t\t\t\t<div class=\"elementor-element elementor-element-2164c8a6 elementor-widget elementor-widget-text-editor\" data-id=\"2164c8a6\" data-element_type=\"widget\" data-e-type=\"widget\" data-widget_type=\"text-editor.default\">\n\t\t\t\t<div class=\"elementor-widget-container\">\n\t\t\t\t\t\t\t\t\t<p>El proyecto proporcion\u00f3 apoyo t\u00e9cnico al Gobierno de Montenegro para la revisi\u00f3n de su Contribuci\u00f3n Determinada a Nivel Nacional (NDC), con un enfoque espec\u00edfico en evaluar la viabilidad, el potencial de mitigaci\u00f3n y las implicaciones de la presentaci\u00f3n de informes de la inclusi\u00f3n del sector LULUCF. La tarea abord\u00f3 la falta de cobertura de LULUCF en el anterior NDC de Montenegro mediante un an\u00e1lisis detallado de las emisiones y eliminaciones de GEI, las pol\u00edticas nacionales y las medidas planificadas en el sector. El trabajo incluy\u00f3 el desarrollo de proyecciones de emisiones de LULUCF hasta 2030, la identificaci\u00f3n y cuantificaci\u00f3n de acciones de mitigaci\u00f3n con alto potencial, y la evaluaci\u00f3n de la disponibilidad e incertidumbre de los datos, incluyendo los impactos de perturbaciones naturales como incendios forestales. Los resultados proporcionaron la base t\u00e9cnica para la toma de decisiones informada sobre la inclusi\u00f3n de LULUCF en el NDC revisado y aseguraron la coherencia con los requisitos de informes de la CMNUCC y el Reglamento del Acuerdo de Par\u00eds.<br \/><br \/><strong>Project Title<\/strong>: Apoyo estrat\u00e9gico y t\u00e9cnico para la actualizaci\u00f3n de la Contribuci\u00f3n Determinada a Nivel Nacional de Montenegro en el sector LULUCF<br \/><strong>Typology<\/strong>Climate strategies and analysis:<br \/><strong>Region:<\/strong> Europe<br \/><strong>Country:<\/strong> Montenegro<br \/><strong>Customer:<\/strong> UNDP<br \/><strong>Period:<\/strong> 15\/07\/2020-31\/12\/2020<br \/><br \/><strong>Activities performed:<\/strong> <br \/>&#8211; Revis\u00f3 datos nacionales de inventario de GEI para evaluar las emisiones y eliminaciones hist\u00f3ricas en el sector LULUCF.<br \/>&#8211; Analiz\u00f3 pol\u00edticas nacionales, estrategias, planes de acci\u00f3n y proyectos de desarrollo relevantes para el uso del suelo, la silvicultura y la mitigaci\u00f3n basada en la tierra.<br \/>&#8211; Evaluar el potencial de mitigaci\u00f3n de las medidas LULUCF existentes y planificadas, incluyendo factores de riesgo como perturbaciones naturales.<br \/>&#8211; Desarroll\u00f3 proyecciones de emisiones y eliminaci\u00f3n de GEI para el sector LULUCF hasta 2030 utilizando herramientas nacionales de proyecci\u00f3n.<br \/>&#8211; Elabor\u00f3 acciones de mitigaci\u00f3n con alto potencial para la inclusi\u00f3n del sector LULUCF en el NDC revisado.<br \/>&#8211; Proporcion\u00f3 asesoramiento t\u00e9cnico sobre la estructura y contenido de los elementos LULUCF en el NDC conforme al Reglamento de Par\u00eds.<br \/>&#8211; Coordinado con expertos e instituciones nacionales y apoyado en consultas y presentaciones con partes interesadas.<\/p>\t\t\t\t\t\t\t\t<\/div>\n\t\t\t\t<\/div>\n\t\t\t\t\t<\/div>\n\t\t\t\t<\/div>\n\t\t\t\t<\/div>","protected":false},"excerpt":{"rendered":"<p>El proyecto proporcion\u00f3 apoyo t\u00e9cnico al Gobierno de Montenegro para la revisi\u00f3n de su Contribuci\u00f3n Determinada a Nivel Nacional (NDC), con un enfoque espec\u00edfico en evaluar la viabilidad, el potencial de mitigaci\u00f3n y las implicaciones de la presentaci\u00f3n de informes de la inclusi\u00f3n del sector LULUCF. La tarea abord\u00f3 la falta de cobertura de LULUCF&hellip;&nbsp;<\/p>","protected":false},"author":1,"featured_media":470,"comment_status":"open","ping_status":"open","sticky":false,"template":"","format":"standard","meta":{"_acf_changed":false,"neve_meta_sidebar":"","neve_meta_container":"","neve_meta_enable_content_width":"off","neve_meta_content_width":70,"neve_meta_title_alignment":"","neve_meta_author_avatar":"","neve_post_elements_order":"","neve_meta_disable_header":"","neve_meta_disable_footer":"","neve_meta_disable_title":"","footnotes":""},"categories":[15],"tags":[63],"class_list":["post-469","post","type-post","status-publish","format-standard","has-post-thumbnail","hentry","category-transparencia-climatica-y-reporte-internacional","tag-montenegro"],"acf":[],"yoast_head":"<!-- This site is optimized with the Yoast SEO plugin v27.4 - https:\/\/yoast.com\/product\/yoast-seo-wordpress\/ -->\n<title>Apoyo a la actualizaci\u00f3n del NDC de Montenegro en el sector LULUCF - Climate Change Atelier<\/title>\n<meta name=\"robots\" content=\"index, follow, max-snippet:-1, max-image-preview:large, max-video-preview:-1\" \/>\n<link rel=\"canonical\" href=\"https:\/\/www.ccatelier.es\/en\/experto-en-utcuts-para-la-actualizacion-de-la-contribucion-determinada-a-nivel-nacional-ndc-de-montenegro\/\" \/>\n<meta property=\"og:locale\" content=\"en_GB\" \/>\n<meta property=\"og:type\" content=\"article\" \/>\n<meta property=\"og:title\" content=\"Apoyo a la actualizaci\u00f3n del NDC de Montenegro en el sector LULUCF - Climate Change Atelier\" \/>\n<meta property=\"og:description\" content=\"El proyecto proporcion\u00f3 apoyo t\u00e9cnico al Gobierno de Montenegro para la revisi\u00f3n de su Contribuci\u00f3n Determinada a Nivel Nacional (NDC), con un enfoque espec\u00edfico en evaluar la viabilidad, el potencial de mitigaci\u00f3n y las implicaciones de la presentaci\u00f3n de informes de la inclusi\u00f3n del sector LULUCF. La tarea abord\u00f3 la falta de cobertura de LULUCF&hellip;&nbsp;\" \/>\n<meta property=\"og:url\" content=\"https:\/\/www.ccatelier.es\/en\/experto-en-utcuts-para-la-actualizacion-de-la-contribucion-determinada-a-nivel-nacional-ndc-de-montenegro\/\" \/>\n<meta property=\"og:site_name\" content=\"Climate Change Atelier\" \/>\n<meta property=\"article:published_time\" content=\"2025-07-24T10:43:16+00:00\" \/>\n<meta property=\"article:modified_time\" content=\"2026-02-28T23:09:32+00:00\" \/>\n<meta property=\"og:image\" content=\"https:\/\/www.ccatelier.es\/wp-content\/uploads\/2025\/07\/388-min.jpg\" \/>\n\t<meta property=\"og:image:width\" content=\"1200\" \/>\n\t<meta property=\"og:image:height\" content=\"800\" \/>\n\t<meta property=\"og:image:type\" content=\"image\/jpeg\" \/>\n<meta name=\"author\" content=\"admin\" \/>\n<meta name=\"twitter:card\" content=\"summary_large_image\" \/>\n<meta name=\"twitter:label1\" content=\"Written by\" \/>\n\t<meta name=\"twitter:data1\" content=\"admin\" \/>\n\t<meta name=\"twitter:label2\" content=\"Estimated reading time\" \/>\n\t<meta name=\"twitter:data2\" content=\"2 minutes\" \/>\n<script type=\"application\/ld+json\" class=\"yoast-schema-graph\">{\"@context\":\"https:\\\/\\\/schema.org\",\"@graph\":[{\"@type\":\"Article\",\"@id\":\"https:\\\/\\\/www.ccatelier.es\\\/experto-en-utcuts-para-la-actualizacion-de-la-contribucion-determinada-a-nivel-nacional-ndc-de-montenegro\\\/#article\",\"isPartOf\":{\"@id\":\"https:\\\/\\\/www.ccatelier.es\\\/experto-en-utcuts-para-la-actualizacion-de-la-contribucion-determinada-a-nivel-nacional-ndc-de-montenegro\\\/\"},\"author\":{\"name\":\"admin\",\"@id\":\"https:\\\/\\\/www.ccatelier.es\\\/#\\\/schema\\\/person\\\/468ef15b7071978511257f3cb6a37fd7\"},\"headline\":\"Apoyo a la actualizaci\u00f3n del NDC de Montenegro en el sector LULUCF\",\"datePublished\":\"2025-07-24T10:43:16+00:00\",\"dateModified\":\"2026-02-28T23:09:32+00:00\",\"mainEntityOfPage\":{\"@id\":\"https:\\\/\\\/www.ccatelier.es\\\/experto-en-utcuts-para-la-actualizacion-de-la-contribucion-determinada-a-nivel-nacional-ndc-de-montenegro\\\/\"},\"wordCount\":392,\"commentCount\":0,\"image\":{\"@id\":\"https:\\\/\\\/www.ccatelier.es\\\/experto-en-utcuts-para-la-actualizacion-de-la-contribucion-determinada-a-nivel-nacional-ndc-de-montenegro\\\/#primaryimage\"},\"thumbnailUrl\":\"https:\\\/\\\/www.ccatelier.es\\\/wp-content\\\/uploads\\\/2025\\\/07\\\/388-min.jpg\",\"keywords\":[\"Montenegro\"],\"articleSection\":[\"Transparencia y sistemas de reporte\"],\"inLanguage\":\"en-GB\",\"potentialAction\":[{\"@type\":\"CommentAction\",\"name\":\"Comment\",\"target\":[\"https:\\\/\\\/www.ccatelier.es\\\/experto-en-utcuts-para-la-actualizacion-de-la-contribucion-determinada-a-nivel-nacional-ndc-de-montenegro\\\/#respond\"]}]},{\"@type\":\"WebPage\",\"@id\":\"https:\\\/\\\/www.ccatelier.es\\\/experto-en-utcuts-para-la-actualizacion-de-la-contribucion-determinada-a-nivel-nacional-ndc-de-montenegro\\\/\",\"url\":\"https:\\\/\\\/www.ccatelier.es\\\/experto-en-utcuts-para-la-actualizacion-de-la-contribucion-determinada-a-nivel-nacional-ndc-de-montenegro\\\/\",\"name\":\"Apoyo a la actualizaci\u00f3n del NDC de Montenegro en el sector LULUCF - Climate Change Atelier\",\"isPartOf\":{\"@id\":\"https:\\\/\\\/www.ccatelier.es\\\/#website\"},\"primaryImageOfPage\":{\"@id\":\"https:\\\/\\\/www.ccatelier.es\\\/experto-en-utcuts-para-la-actualizacion-de-la-contribucion-determinada-a-nivel-nacional-ndc-de-montenegro\\\/#primaryimage\"},\"image\":{\"@id\":\"https:\\\/\\\/www.ccatelier.es\\\/experto-en-utcuts-para-la-actualizacion-de-la-contribucion-determinada-a-nivel-nacional-ndc-de-montenegro\\\/#primaryimage\"},\"thumbnailUrl\":\"https:\\\/\\\/www.ccatelier.es\\\/wp-content\\\/uploads\\\/2025\\\/07\\\/388-min.jpg\",\"datePublished\":\"2025-07-24T10:43:16+00:00\",\"dateModified\":\"2026-02-28T23:09:32+00:00\",\"author\":{\"@id\":\"https:\\\/\\\/www.ccatelier.es\\\/#\\\/schema\\\/person\\\/468ef15b7071978511257f3cb6a37fd7\"},\"breadcrumb\":{\"@id\":\"https:\\\/\\\/www.ccatelier.es\\\/experto-en-utcuts-para-la-actualizacion-de-la-contribucion-determinada-a-nivel-nacional-ndc-de-montenegro\\\/#breadcrumb\"},\"inLanguage\":\"en-GB\",\"potentialAction\":[{\"@type\":\"ReadAction\",\"target\":[\"https:\\\/\\\/www.ccatelier.es\\\/experto-en-utcuts-para-la-actualizacion-de-la-contribucion-determinada-a-nivel-nacional-ndc-de-montenegro\\\/\"]}]},{\"@type\":\"ImageObject\",\"inLanguage\":\"en-GB\",\"@id\":\"https:\\\/\\\/www.ccatelier.es\\\/experto-en-utcuts-para-la-actualizacion-de-la-contribucion-determinada-a-nivel-nacional-ndc-de-montenegro\\\/#primaryimage\",\"url\":\"https:\\\/\\\/www.ccatelier.es\\\/wp-content\\\/uploads\\\/2025\\\/07\\\/388-min.jpg\",\"contentUrl\":\"https:\\\/\\\/www.ccatelier.es\\\/wp-content\\\/uploads\\\/2025\\\/07\\\/388-min.jpg\",\"width\":1200,\"height\":800},{\"@type\":\"BreadcrumbList\",\"@id\":\"https:\\\/\\\/www.ccatelier.es\\\/experto-en-utcuts-para-la-actualizacion-de-la-contribucion-determinada-a-nivel-nacional-ndc-de-montenegro\\\/#breadcrumb\",\"itemListElement\":[{\"@type\":\"ListItem\",\"position\":1,\"name\":\"Portada\",\"item\":\"https:\\\/\\\/www.ccatelier.es\\\/\"},{\"@type\":\"ListItem\",\"position\":2,\"name\":\"Apoyo a la actualizaci\u00f3n del NDC de Montenegro en el sector LULUCF\"}]},{\"@type\":\"WebSite\",\"@id\":\"https:\\\/\\\/www.ccatelier.es\\\/#website\",\"url\":\"https:\\\/\\\/www.ccatelier.es\\\/\",\"name\":\"Climate Change Atelier\",\"description\":\"Consultora especializada en cambio clim\u00e1tico, transparencia, NDCs, inventarios GEI y financiamiento clim\u00e1tico. Experiencia internacional y enfoque t\u00e9cnico adaptado.\",\"potentialAction\":[{\"@type\":\"SearchAction\",\"target\":{\"@type\":\"EntryPoint\",\"urlTemplate\":\"https:\\\/\\\/www.ccatelier.es\\\/?s={search_term_string}\"},\"query-input\":{\"@type\":\"PropertyValueSpecification\",\"valueRequired\":true,\"valueName\":\"search_term_string\"}}],\"inLanguage\":\"en-GB\"},{\"@type\":\"Person\",\"@id\":\"https:\\\/\\\/www.ccatelier.es\\\/#\\\/schema\\\/person\\\/468ef15b7071978511257f3cb6a37fd7\",\"name\":\"admin\",\"image\":{\"@type\":\"ImageObject\",\"inLanguage\":\"en-GB\",\"@id\":\"https:\\\/\\\/secure.gravatar.com\\\/avatar\\\/5e5d037f5eb89be41a2c1967d5c5b7113f430db59ccee33ae492b86c0847ab0e?s=96&d=mm&r=g\",\"url\":\"https:\\\/\\\/secure.gravatar.com\\\/avatar\\\/5e5d037f5eb89be41a2c1967d5c5b7113f430db59ccee33ae492b86c0847ab0e?s=96&d=mm&r=g\",\"contentUrl\":\"https:\\\/\\\/secure.gravatar.com\\\/avatar\\\/5e5d037f5eb89be41a2c1967d5c5b7113f430db59ccee33ae492b86c0847ab0e?s=96&d=mm&r=g\",\"caption\":\"admin\"},\"sameAs\":[\"https:\\\/\\\/www.ccatelier.es\"],\"url\":\"https:\\\/\\\/www.ccatelier.es\\\/en\\\/author\\\/admin\\\/\"}]}<\/script>\n<!-- \/ Yoast SEO plugin. -->","yoast_head_json":{"title":"Apoyo a la actualizaci\u00f3n del NDC de Montenegro en el sector LULUCF - Climate Change Atelier","robots":{"index":"index","follow":"follow","max-snippet":"max-snippet:-1","max-image-preview":"max-image-preview:large","max-video-preview":"max-video-preview:-1"},"canonical":"https:\/\/www.ccatelier.es\/en\/experto-en-utcuts-para-la-actualizacion-de-la-contribucion-determinada-a-nivel-nacional-ndc-de-montenegro\/","og_locale":"en_GB","og_type":"article","og_title":"Apoyo a la actualizaci\u00f3n del NDC de Montenegro en el sector LULUCF - Climate Change Atelier","og_description":"El proyecto proporcion\u00f3 apoyo t\u00e9cnico al Gobierno de Montenegro para la revisi\u00f3n de su Contribuci\u00f3n Determinada a Nivel Nacional (NDC), con un enfoque espec\u00edfico en evaluar la viabilidad, el potencial de mitigaci\u00f3n y las implicaciones de la presentaci\u00f3n de informes de la inclusi\u00f3n del sector LULUCF. La tarea abord\u00f3 la falta de cobertura de LULUCF&hellip;&nbsp;","og_url":"https:\/\/www.ccatelier.es\/en\/experto-en-utcuts-para-la-actualizacion-de-la-contribucion-determinada-a-nivel-nacional-ndc-de-montenegro\/","og_site_name":"Climate Change Atelier","article_published_time":"2025-07-24T10:43:16+00:00","article_modified_time":"2026-02-28T23:09:32+00:00","og_image":[{"width":1200,"height":800,"url":"https:\/\/www.ccatelier.es\/wp-content\/uploads\/2025\/07\/388-min.jpg","type":"image\/jpeg"}],"author":"admin","twitter_card":"summary_large_image","twitter_misc":{"Written by":"admin","Estimated reading time":"2 minutes"},"schema":{"@context":"https:\/\/schema.org","@graph":[{"@type":"Article","@id":"https:\/\/www.ccatelier.es\/experto-en-utcuts-para-la-actualizacion-de-la-contribucion-determinada-a-nivel-nacional-ndc-de-montenegro\/#article","isPartOf":{"@id":"https:\/\/www.ccatelier.es\/experto-en-utcuts-para-la-actualizacion-de-la-contribucion-determinada-a-nivel-nacional-ndc-de-montenegro\/"},"author":{"name":"admin","@id":"https:\/\/www.ccatelier.es\/#\/schema\/person\/468ef15b7071978511257f3cb6a37fd7"},"headline":"Apoyo a la actualizaci\u00f3n del NDC de Montenegro en el sector LULUCF","datePublished":"2025-07-24T10:43:16+00:00","dateModified":"2026-02-28T23:09:32+00:00","mainEntityOfPage":{"@id":"https:\/\/www.ccatelier.es\/experto-en-utcuts-para-la-actualizacion-de-la-contribucion-determinada-a-nivel-nacional-ndc-de-montenegro\/"},"wordCount":392,"commentCount":0,"image":{"@id":"https:\/\/www.ccatelier.es\/experto-en-utcuts-para-la-actualizacion-de-la-contribucion-determinada-a-nivel-nacional-ndc-de-montenegro\/#primaryimage"},"thumbnailUrl":"https:\/\/www.ccatelier.es\/wp-content\/uploads\/2025\/07\/388-min.jpg","keywords":["Montenegro"],"articleSection":["Transparencia y sistemas de reporte"],"inLanguage":"en-GB","potentialAction":[{"@type":"CommentAction","name":"Comment","target":["https:\/\/www.ccatelier.es\/experto-en-utcuts-para-la-actualizacion-de-la-contribucion-determinada-a-nivel-nacional-ndc-de-montenegro\/#respond"]}]},{"@type":"WebPage","@id":"https:\/\/www.ccatelier.es\/experto-en-utcuts-para-la-actualizacion-de-la-contribucion-determinada-a-nivel-nacional-ndc-de-montenegro\/","url":"https:\/\/www.ccatelier.es\/experto-en-utcuts-para-la-actualizacion-de-la-contribucion-determinada-a-nivel-nacional-ndc-de-montenegro\/","name":"Apoyo a la actualizaci\u00f3n del NDC de Montenegro en el sector LULUCF - Climate Change Atelier","isPartOf":{"@id":"https:\/\/www.ccatelier.es\/#website"},"primaryImageOfPage":{"@id":"https:\/\/www.ccatelier.es\/experto-en-utcuts-para-la-actualizacion-de-la-contribucion-determinada-a-nivel-nacional-ndc-de-montenegro\/#primaryimage"},"image":{"@id":"https:\/\/www.ccatelier.es\/experto-en-utcuts-para-la-actualizacion-de-la-contribucion-determinada-a-nivel-nacional-ndc-de-montenegro\/#primaryimage"},"thumbnailUrl":"https:\/\/www.ccatelier.es\/wp-content\/uploads\/2025\/07\/388-min.jpg","datePublished":"2025-07-24T10:43:16+00:00","dateModified":"2026-02-28T23:09:32+00:00","author":{"@id":"https:\/\/www.ccatelier.es\/#\/schema\/person\/468ef15b7071978511257f3cb6a37fd7"},"breadcrumb":{"@id":"https:\/\/www.ccatelier.es\/experto-en-utcuts-para-la-actualizacion-de-la-contribucion-determinada-a-nivel-nacional-ndc-de-montenegro\/#breadcrumb"},"inLanguage":"en-GB","potentialAction":[{"@type":"ReadAction","target":["https:\/\/www.ccatelier.es\/experto-en-utcuts-para-la-actualizacion-de-la-contribucion-determinada-a-nivel-nacional-ndc-de-montenegro\/"]}]},{"@type":"ImageObject","inLanguage":"en-GB","@id":"https:\/\/www.ccatelier.es\/experto-en-utcuts-para-la-actualizacion-de-la-contribucion-determinada-a-nivel-nacional-ndc-de-montenegro\/#primaryimage","url":"https:\/\/www.ccatelier.es\/wp-content\/uploads\/2025\/07\/388-min.jpg","contentUrl":"https:\/\/www.ccatelier.es\/wp-content\/uploads\/2025\/07\/388-min.jpg","width":1200,"height":800},{"@type":"BreadcrumbList","@id":"https:\/\/www.ccatelier.es\/experto-en-utcuts-para-la-actualizacion-de-la-contribucion-determinada-a-nivel-nacional-ndc-de-montenegro\/#breadcrumb","itemListElement":[{"@type":"ListItem","position":1,"name":"Portada","item":"https:\/\/www.ccatelier.es\/"},{"@type":"ListItem","position":2,"name":"Apoyo a la actualizaci\u00f3n del NDC de Montenegro en el sector LULUCF"}]},{"@type":"WebSite","@id":"https:\/\/www.ccatelier.es\/#website","url":"https:\/\/www.ccatelier.es\/","name":"Climate Change Atelier","description":"Consultora especializada en cambio clim\u00e1tico, transparencia, NDCs, inventarios GEI y financiamiento clim\u00e1tico. Experiencia internacional y enfoque t\u00e9cnico adaptado.","potentialAction":[{"@type":"SearchAction","target":{"@type":"EntryPoint","urlTemplate":"https:\/\/www.ccatelier.es\/?s={search_term_string}"},"query-input":{"@type":"PropertyValueSpecification","valueRequired":true,"valueName":"search_term_string"}}],"inLanguage":"en-GB"},{"@type":"Person","@id":"https:\/\/www.ccatelier.es\/#\/schema\/person\/468ef15b7071978511257f3cb6a37fd7","name":"admin","image":{"@type":"ImageObject","inLanguage":"en-GB","@id":"https:\/\/secure.gravatar.com\/avatar\/5e5d037f5eb89be41a2c1967d5c5b7113f430db59ccee33ae492b86c0847ab0e?s=96&d=mm&r=g","url":"https:\/\/secure.gravatar.com\/avatar\/5e5d037f5eb89be41a2c1967d5c5b7113f430db59ccee33ae492b86c0847ab0e?s=96&d=mm&r=g","contentUrl":"https:\/\/secure.gravatar.com\/avatar\/5e5d037f5eb89be41a2c1967d5c5b7113f430db59ccee33ae492b86c0847ab0e?s=96&d=mm&r=g","caption":"admin"},"sameAs":["https:\/\/www.ccatelier.es"],"url":"https:\/\/www.ccatelier.es\/en\/author\/admin\/"}]}},"_links":{"self":[{"href":"https:\/\/www.ccatelier.es\/en\/wp-json\/wp\/v2\/posts\/469","targetHints":{"allow":["GET"]}}],"collection":[{"href":"https:\/\/www.ccatelier.es\/en\/wp-json\/wp\/v2\/posts"}],"about":[{"href":"https:\/\/www.ccatelier.es\/en\/wp-json\/wp\/v2\/types\/post"}],"author":[{"embeddable":true,"href":"https:\/\/www.ccatelier.es\/en\/wp-json\/wp\/v2\/users\/1"}],"replies":[{"embeddable":true,"href":"https:\/\/www.ccatelier.es\/en\/wp-json\/wp\/v2\/comments?post=469"}],"version-history":[{"count":9,"href":"https:\/\/www.ccatelier.es\/en\/wp-json\/wp\/v2\/posts\/469\/revisions"}],"predecessor-version":[{"id":1760,"href":"https:\/\/www.ccatelier.es\/en\/wp-json\/wp\/v2\/posts\/469\/revisions\/1760"}],"wp:featuredmedia":[{"embeddable":true,"href":"https:\/\/www.ccatelier.es\/en\/wp-json\/wp\/v2\/media\/470"}],"wp:attachment":[{"href":"https:\/\/www.ccatelier.es\/en\/wp-json\/wp\/v2\/media?parent=469"}],"wp:term":[{"taxonomy":"category","embeddable":true,"href":"https:\/\/www.ccatelier.es\/en\/wp-json\/wp\/v2\/categories?post=469"},{"taxonomy":"post_tag","embeddable":true,"href":"https:\/\/www.ccatelier.es\/en\/wp-json\/wp\/v2\/tags?post=469"}],"curies":[{"name":"wp","href":"https:\/\/api.w.org\/{rel}","templated":true}]}}