{"id":457,"date":"2025-07-24T10:38:36","date_gmt":"2025-07-24T10:38:36","guid":{"rendered":"https:\/\/www.ccatelier.es\/?p=457"},"modified":"2026-02-28T23:15:16","modified_gmt":"2026-02-28T23:15:16","slug":"experto-internacional-de-afolu-para-mejorar-el-igei-de-la-republica-de-serbia","status":"publish","type":"post","link":"https:\/\/www.ccatelier.es\/en\/experto-internacional-de-afolu-para-mejorar-el-igei-de-la-republica-de-serbia\/","title":{"rendered":"Apoyo a la AFOLU para el GHGI de la Rep\u00fablica de Serbia"},"content":{"rendered":"<div data-elementor-type=\"wp-post\" data-elementor-id=\"457\" class=\"elementor elementor-457\" data-elementor-post-type=\"post\">\n\t\t\t\t<div class=\"elementor-element elementor-element-4488a4b6 e-flex e-con-boxed e-con e-parent\" data-id=\"4488a4b6\" data-element_type=\"container\" data-e-type=\"container\">\n\t\t\t\t\t<div class=\"e-con-inner\">\n\t\t\t\t<div class=\"elementor-element elementor-element-13361195 elementor-widget elementor-widget-text-editor\" data-id=\"13361195\" data-element_type=\"widget\" data-e-type=\"widget\" data-widget_type=\"text-editor.default\">\n\t\t\t\t<div class=\"elementor-widget-container\">\n\t\t\t\t\t\t\t\t\t<p>El proyecto apoy\u00f3 el establecimiento de un marco nacional de transparencia para la Rep\u00fablica de Serbia mediante el fortalecimiento del componente de Agricultura, Silvicultura y Otros Usos del Solo (AFOLU) del inventario nacional de GEI. Implementada en el contexto del proyecto CBIT de Serbia y la preparaci\u00f3n del Segundo Informe de Actualizaci\u00f3n Bienal y la Tercera Comunicaci\u00f3n Nacional, la tarea se centr\u00f3 en mejorar la coherencia metodol\u00f3gica, la calidad de los datos y la capacidad institucional para la elaboraci\u00f3n de informes de AFOLU en l\u00ednea con las Directrices del IPCC de 2006 y el Art\u00edculo 13 del Acuerdo de Par\u00eds. El trabajo contribuy\u00f3 directamente al desarrollo de un sistema robusto de MRV, mejor\u00f3 el cumplimiento de los requisitos de informes de la CMNUCC y la UE, y aument\u00f3 la disposici\u00f3n de Serbia para implementar y fortalecer su NDC mediante una mayor transparencia, participaci\u00f3n de las partes interesadas y capacidad t\u00e9cnica dentro de la Agencia Serbia de Protecci\u00f3n Ambiental (SEPA) y las instituciones relevantes.<br \/><br \/><strong>Project Title<\/strong>: Apoyo a la AFOLU para el GHGI de la Rep\u00fablica de Serbia<br \/><strong>Typology<\/strong>Mitigation and technical reviews<br \/><strong>Region:<\/strong> Europe<br \/><strong>Country:<\/strong> Serbia<br \/><strong>Customer:<\/strong> UNDP<br \/><strong>Period:<\/strong> 13\/08\/2019-05\/12\/2019<br \/><br \/><strong>Activities performed:<\/strong> <br \/>&#8211; Realiz\u00f3 una revisi\u00f3n t\u00e9cnica del inventario de GEI AFOLU de Serbia (1990\u20132017), incluyendo el seguimiento de la revisi\u00f3n experta de la CMNUCC de 2019.<br \/>&#8211; Proporcion\u00f3 orientaci\u00f3n metodol\u00f3gica para mejorar la estructura del inventario de AFOLU, la consistencia de datos y el flujo de datos institucionales conforme a las Directrices del IPCC de 2006.<br \/>&#8211; Desarroll\u00f3 recomendaciones para aplicar metodolog\u00edas de Nivel 2 en terrenos forestales y mejorar la completitud y transparencia en las subcategor\u00edas de AFOLU.<br \/>&#8211; Apoy\u00f3 el desarrollo de factores de emisi\u00f3n espec\u00edficos por pa\u00eds para la agricultura y la LULUCF.<br \/>&#8211; Dise\u00f1\u00f3 e imparti\u00f3 una formaci\u00f3n de cinco d\u00edas sobre el IPCC AFOLU 2006 para el personal de inventario de SEPA y una formaci\u00f3n interinstitucional de dos d\u00edas para proveedores clave de datos.<br \/>&#8211; Elabor\u00f3 un informe t\u00e9cnico final con recomendaciones a corto, medio y largo plazo para fortalecer el inventario y el marco de transparencia de GEI AFOLU de Serbia.<\/p>\t\t\t\t\t\t\t\t<\/div>\n\t\t\t\t<\/div>\n\t\t\t\t\t<\/div>\n\t\t\t\t<\/div>\n\t\t\t\t<\/div>","protected":false},"excerpt":{"rendered":"<p>El proyecto apoy\u00f3 el establecimiento de un marco nacional de transparencia para la Rep\u00fablica de Serbia mediante el fortalecimiento del componente de Agricultura, Silvicultura y Otros Usos del Solo (AFOLU) del inventario nacional de GEI. Implementada en el contexto del proyecto CBIT de Serbia y la preparaci\u00f3n del Segundo Informe de Actualizaci\u00f3n Bienal y la&hellip;&nbsp;<\/p>","protected":false},"author":1,"featured_media":458,"comment_status":"open","ping_status":"open","sticky":false,"template":"","format":"standard","meta":{"_acf_changed":false,"neve_meta_sidebar":"","neve_meta_container":"","neve_meta_enable_content_width":"off","neve_meta_content_width":70,"neve_meta_title_alignment":"","neve_meta_author_avatar":"","neve_post_elements_order":"","neve_meta_disable_header":"","neve_meta_disable_footer":"","neve_meta_disable_title":"","footnotes":""},"categories":[14],"tags":[70],"class_list":["post-457","post","type-post","status-publish","format-standard","has-post-thumbnail","hentry","category-mitigacion","tag-serbia"],"acf":[],"yoast_head":"<!-- This site is optimized with the Yoast SEO plugin v27.4 - https:\/\/yoast.com\/product\/yoast-seo-wordpress\/ -->\n<title>Apoyo a la AFOLU para el GHGI de la Rep\u00fablica de Serbia - Climate Change Atelier<\/title>\n<meta name=\"robots\" content=\"index, follow, max-snippet:-1, max-image-preview:large, max-video-preview:-1\" \/>\n<link rel=\"canonical\" href=\"https:\/\/www.ccatelier.es\/en\/experto-internacional-de-afolu-para-mejorar-el-igei-de-la-republica-de-serbia\/\" \/>\n<meta property=\"og:locale\" content=\"en_GB\" \/>\n<meta property=\"og:type\" content=\"article\" \/>\n<meta property=\"og:title\" content=\"Apoyo a la AFOLU para el GHGI de la Rep\u00fablica de Serbia - Climate Change Atelier\" \/>\n<meta property=\"og:description\" content=\"El proyecto apoy\u00f3 el establecimiento de un marco nacional de transparencia para la Rep\u00fablica de Serbia mediante el fortalecimiento del componente de Agricultura, Silvicultura y Otros Usos del Solo (AFOLU) del inventario nacional de GEI. Implementada en el contexto del proyecto CBIT de Serbia y la preparaci\u00f3n del Segundo Informe de Actualizaci\u00f3n Bienal y la&hellip;&nbsp;\" \/>\n<meta property=\"og:url\" content=\"https:\/\/www.ccatelier.es\/en\/experto-internacional-de-afolu-para-mejorar-el-igei-de-la-republica-de-serbia\/\" \/>\n<meta property=\"og:site_name\" content=\"Climate Change Atelier\" \/>\n<meta property=\"article:published_time\" content=\"2025-07-24T10:38:36+00:00\" \/>\n<meta property=\"article:modified_time\" content=\"2026-02-28T23:15:16+00:00\" \/>\n<meta property=\"og:image\" content=\"https:\/\/www.ccatelier.es\/wp-content\/uploads\/2025\/07\/1ee93def7b739ccd082a61c1ee4f2524-scaled.webp\" \/>\n\t<meta property=\"og:image:width\" content=\"2560\" \/>\n\t<meta property=\"og:image:height\" content=\"1695\" \/>\n\t<meta property=\"og:image:type\" content=\"image\/webp\" \/>\n<meta name=\"author\" content=\"admin\" \/>\n<meta name=\"twitter:card\" content=\"summary_large_image\" \/>\n<meta name=\"twitter:label1\" content=\"Written by\" \/>\n\t<meta name=\"twitter:data1\" content=\"admin\" \/>\n\t<meta name=\"twitter:label2\" content=\"Estimated reading time\" \/>\n\t<meta name=\"twitter:data2\" content=\"2 minutes\" \/>\n<script type=\"application\/ld+json\" class=\"yoast-schema-graph\">{\"@context\":\"https:\\\/\\\/schema.org\",\"@graph\":[{\"@type\":\"Article\",\"@id\":\"https:\\\/\\\/www.ccatelier.es\\\/experto-internacional-de-afolu-para-mejorar-el-igei-de-la-republica-de-serbia\\\/#article\",\"isPartOf\":{\"@id\":\"https:\\\/\\\/www.ccatelier.es\\\/experto-internacional-de-afolu-para-mejorar-el-igei-de-la-republica-de-serbia\\\/\"},\"author\":{\"name\":\"admin\",\"@id\":\"https:\\\/\\\/www.ccatelier.es\\\/#\\\/schema\\\/person\\\/468ef15b7071978511257f3cb6a37fd7\"},\"headline\":\"Apoyo a la AFOLU para el GHGI de la Rep\u00fablica de Serbia\",\"datePublished\":\"2025-07-24T10:38:36+00:00\",\"dateModified\":\"2026-02-28T23:15:16+00:00\",\"mainEntityOfPage\":{\"@id\":\"https:\\\/\\\/www.ccatelier.es\\\/experto-internacional-de-afolu-para-mejorar-el-igei-de-la-republica-de-serbia\\\/\"},\"wordCount\":389,\"commentCount\":0,\"image\":{\"@id\":\"https:\\\/\\\/www.ccatelier.es\\\/experto-internacional-de-afolu-para-mejorar-el-igei-de-la-republica-de-serbia\\\/#primaryimage\"},\"thumbnailUrl\":\"https:\\\/\\\/www.ccatelier.es\\\/wp-content\\\/uploads\\\/2025\\\/07\\\/1ee93def7b739ccd082a61c1ee4f2524-scaled.webp\",\"keywords\":[\"Serbia\"],\"articleSection\":[\"Mitigaci\u00f3n y revisiones t\u00e9cnicas\"],\"inLanguage\":\"en-GB\",\"potentialAction\":[{\"@type\":\"CommentAction\",\"name\":\"Comment\",\"target\":[\"https:\\\/\\\/www.ccatelier.es\\\/experto-internacional-de-afolu-para-mejorar-el-igei-de-la-republica-de-serbia\\\/#respond\"]}]},{\"@type\":\"WebPage\",\"@id\":\"https:\\\/\\\/www.ccatelier.es\\\/experto-internacional-de-afolu-para-mejorar-el-igei-de-la-republica-de-serbia\\\/\",\"url\":\"https:\\\/\\\/www.ccatelier.es\\\/experto-internacional-de-afolu-para-mejorar-el-igei-de-la-republica-de-serbia\\\/\",\"name\":\"Apoyo a la AFOLU para el GHGI de la Rep\u00fablica de Serbia - Climate Change Atelier\",\"isPartOf\":{\"@id\":\"https:\\\/\\\/www.ccatelier.es\\\/#website\"},\"primaryImageOfPage\":{\"@id\":\"https:\\\/\\\/www.ccatelier.es\\\/experto-internacional-de-afolu-para-mejorar-el-igei-de-la-republica-de-serbia\\\/#primaryimage\"},\"image\":{\"@id\":\"https:\\\/\\\/www.ccatelier.es\\\/experto-internacional-de-afolu-para-mejorar-el-igei-de-la-republica-de-serbia\\\/#primaryimage\"},\"thumbnailUrl\":\"https:\\\/\\\/www.ccatelier.es\\\/wp-content\\\/uploads\\\/2025\\\/07\\\/1ee93def7b739ccd082a61c1ee4f2524-scaled.webp\",\"datePublished\":\"2025-07-24T10:38:36+00:00\",\"dateModified\":\"2026-02-28T23:15:16+00:00\",\"author\":{\"@id\":\"https:\\\/\\\/www.ccatelier.es\\\/#\\\/schema\\\/person\\\/468ef15b7071978511257f3cb6a37fd7\"},\"breadcrumb\":{\"@id\":\"https:\\\/\\\/www.ccatelier.es\\\/experto-internacional-de-afolu-para-mejorar-el-igei-de-la-republica-de-serbia\\\/#breadcrumb\"},\"inLanguage\":\"en-GB\",\"potentialAction\":[{\"@type\":\"ReadAction\",\"target\":[\"https:\\\/\\\/www.ccatelier.es\\\/experto-internacional-de-afolu-para-mejorar-el-igei-de-la-republica-de-serbia\\\/\"]}]},{\"@type\":\"ImageObject\",\"inLanguage\":\"en-GB\",\"@id\":\"https:\\\/\\\/www.ccatelier.es\\\/experto-internacional-de-afolu-para-mejorar-el-igei-de-la-republica-de-serbia\\\/#primaryimage\",\"url\":\"https:\\\/\\\/www.ccatelier.es\\\/wp-content\\\/uploads\\\/2025\\\/07\\\/1ee93def7b739ccd082a61c1ee4f2524-scaled.webp\",\"contentUrl\":\"https:\\\/\\\/www.ccatelier.es\\\/wp-content\\\/uploads\\\/2025\\\/07\\\/1ee93def7b739ccd082a61c1ee4f2524-scaled.webp\",\"width\":2560,\"height\":1695},{\"@type\":\"BreadcrumbList\",\"@id\":\"https:\\\/\\\/www.ccatelier.es\\\/experto-internacional-de-afolu-para-mejorar-el-igei-de-la-republica-de-serbia\\\/#breadcrumb\",\"itemListElement\":[{\"@type\":\"ListItem\",\"position\":1,\"name\":\"Portada\",\"item\":\"https:\\\/\\\/www.ccatelier.es\\\/\"},{\"@type\":\"ListItem\",\"position\":2,\"name\":\"Apoyo a la AFOLU para el GHGI de la Rep\u00fablica de Serbia\"}]},{\"@type\":\"WebSite\",\"@id\":\"https:\\\/\\\/www.ccatelier.es\\\/#website\",\"url\":\"https:\\\/\\\/www.ccatelier.es\\\/\",\"name\":\"Climate Change Atelier\",\"description\":\"Consultora especializada en cambio clim\u00e1tico, transparencia, NDCs, inventarios GEI y financiamiento clim\u00e1tico. Experiencia internacional y enfoque t\u00e9cnico adaptado.\",\"potentialAction\":[{\"@type\":\"SearchAction\",\"target\":{\"@type\":\"EntryPoint\",\"urlTemplate\":\"https:\\\/\\\/www.ccatelier.es\\\/?s={search_term_string}\"},\"query-input\":{\"@type\":\"PropertyValueSpecification\",\"valueRequired\":true,\"valueName\":\"search_term_string\"}}],\"inLanguage\":\"en-GB\"},{\"@type\":\"Person\",\"@id\":\"https:\\\/\\\/www.ccatelier.es\\\/#\\\/schema\\\/person\\\/468ef15b7071978511257f3cb6a37fd7\",\"name\":\"admin\",\"image\":{\"@type\":\"ImageObject\",\"inLanguage\":\"en-GB\",\"@id\":\"https:\\\/\\\/secure.gravatar.com\\\/avatar\\\/5e5d037f5eb89be41a2c1967d5c5b7113f430db59ccee33ae492b86c0847ab0e?s=96&d=mm&r=g\",\"url\":\"https:\\\/\\\/secure.gravatar.com\\\/avatar\\\/5e5d037f5eb89be41a2c1967d5c5b7113f430db59ccee33ae492b86c0847ab0e?s=96&d=mm&r=g\",\"contentUrl\":\"https:\\\/\\\/secure.gravatar.com\\\/avatar\\\/5e5d037f5eb89be41a2c1967d5c5b7113f430db59ccee33ae492b86c0847ab0e?s=96&d=mm&r=g\",\"caption\":\"admin\"},\"sameAs\":[\"https:\\\/\\\/www.ccatelier.es\"],\"url\":\"https:\\\/\\\/www.ccatelier.es\\\/en\\\/author\\\/admin\\\/\"}]}<\/script>\n<!-- \/ Yoast SEO plugin. -->","yoast_head_json":{"title":"Apoyo a la AFOLU para el GHGI de la Rep\u00fablica de Serbia - Climate Change Atelier","robots":{"index":"index","follow":"follow","max-snippet":"max-snippet:-1","max-image-preview":"max-image-preview:large","max-video-preview":"max-video-preview:-1"},"canonical":"https:\/\/www.ccatelier.es\/en\/experto-internacional-de-afolu-para-mejorar-el-igei-de-la-republica-de-serbia\/","og_locale":"en_GB","og_type":"article","og_title":"Apoyo a la AFOLU para el GHGI de la Rep\u00fablica de Serbia - Climate Change Atelier","og_description":"El proyecto apoy\u00f3 el establecimiento de un marco nacional de transparencia para la Rep\u00fablica de Serbia mediante el fortalecimiento del componente de Agricultura, Silvicultura y Otros Usos del Solo (AFOLU) del inventario nacional de GEI. Implementada en el contexto del proyecto CBIT de Serbia y la preparaci\u00f3n del Segundo Informe de Actualizaci\u00f3n Bienal y la&hellip;&nbsp;","og_url":"https:\/\/www.ccatelier.es\/en\/experto-internacional-de-afolu-para-mejorar-el-igei-de-la-republica-de-serbia\/","og_site_name":"Climate Change Atelier","article_published_time":"2025-07-24T10:38:36+00:00","article_modified_time":"2026-02-28T23:15:16+00:00","og_image":[{"width":2560,"height":1695,"url":"https:\/\/www.ccatelier.es\/wp-content\/uploads\/2025\/07\/1ee93def7b739ccd082a61c1ee4f2524-scaled.webp","type":"image\/webp"}],"author":"admin","twitter_card":"summary_large_image","twitter_misc":{"Written by":"admin","Estimated reading time":"2 minutes"},"schema":{"@context":"https:\/\/schema.org","@graph":[{"@type":"Article","@id":"https:\/\/www.ccatelier.es\/experto-internacional-de-afolu-para-mejorar-el-igei-de-la-republica-de-serbia\/#article","isPartOf":{"@id":"https:\/\/www.ccatelier.es\/experto-internacional-de-afolu-para-mejorar-el-igei-de-la-republica-de-serbia\/"},"author":{"name":"admin","@id":"https:\/\/www.ccatelier.es\/#\/schema\/person\/468ef15b7071978511257f3cb6a37fd7"},"headline":"Apoyo a la AFOLU para el GHGI de la Rep\u00fablica de Serbia","datePublished":"2025-07-24T10:38:36+00:00","dateModified":"2026-02-28T23:15:16+00:00","mainEntityOfPage":{"@id":"https:\/\/www.ccatelier.es\/experto-internacional-de-afolu-para-mejorar-el-igei-de-la-republica-de-serbia\/"},"wordCount":389,"commentCount":0,"image":{"@id":"https:\/\/www.ccatelier.es\/experto-internacional-de-afolu-para-mejorar-el-igei-de-la-republica-de-serbia\/#primaryimage"},"thumbnailUrl":"https:\/\/www.ccatelier.es\/wp-content\/uploads\/2025\/07\/1ee93def7b739ccd082a61c1ee4f2524-scaled.webp","keywords":["Serbia"],"articleSection":["Mitigaci\u00f3n y revisiones t\u00e9cnicas"],"inLanguage":"en-GB","potentialAction":[{"@type":"CommentAction","name":"Comment","target":["https:\/\/www.ccatelier.es\/experto-internacional-de-afolu-para-mejorar-el-igei-de-la-republica-de-serbia\/#respond"]}]},{"@type":"WebPage","@id":"https:\/\/www.ccatelier.es\/experto-internacional-de-afolu-para-mejorar-el-igei-de-la-republica-de-serbia\/","url":"https:\/\/www.ccatelier.es\/experto-internacional-de-afolu-para-mejorar-el-igei-de-la-republica-de-serbia\/","name":"Apoyo a la AFOLU para el GHGI de la Rep\u00fablica de Serbia - Climate Change Atelier","isPartOf":{"@id":"https:\/\/www.ccatelier.es\/#website"},"primaryImageOfPage":{"@id":"https:\/\/www.ccatelier.es\/experto-internacional-de-afolu-para-mejorar-el-igei-de-la-republica-de-serbia\/#primaryimage"},"image":{"@id":"https:\/\/www.ccatelier.es\/experto-internacional-de-afolu-para-mejorar-el-igei-de-la-republica-de-serbia\/#primaryimage"},"thumbnailUrl":"https:\/\/www.ccatelier.es\/wp-content\/uploads\/2025\/07\/1ee93def7b739ccd082a61c1ee4f2524-scaled.webp","datePublished":"2025-07-24T10:38:36+00:00","dateModified":"2026-02-28T23:15:16+00:00","author":{"@id":"https:\/\/www.ccatelier.es\/#\/schema\/person\/468ef15b7071978511257f3cb6a37fd7"},"breadcrumb":{"@id":"https:\/\/www.ccatelier.es\/experto-internacional-de-afolu-para-mejorar-el-igei-de-la-republica-de-serbia\/#breadcrumb"},"inLanguage":"en-GB","potentialAction":[{"@type":"ReadAction","target":["https:\/\/www.ccatelier.es\/experto-internacional-de-afolu-para-mejorar-el-igei-de-la-republica-de-serbia\/"]}]},{"@type":"ImageObject","inLanguage":"en-GB","@id":"https:\/\/www.ccatelier.es\/experto-internacional-de-afolu-para-mejorar-el-igei-de-la-republica-de-serbia\/#primaryimage","url":"https:\/\/www.ccatelier.es\/wp-content\/uploads\/2025\/07\/1ee93def7b739ccd082a61c1ee4f2524-scaled.webp","contentUrl":"https:\/\/www.ccatelier.es\/wp-content\/uploads\/2025\/07\/1ee93def7b739ccd082a61c1ee4f2524-scaled.webp","width":2560,"height":1695},{"@type":"BreadcrumbList","@id":"https:\/\/www.ccatelier.es\/experto-internacional-de-afolu-para-mejorar-el-igei-de-la-republica-de-serbia\/#breadcrumb","itemListElement":[{"@type":"ListItem","position":1,"name":"Portada","item":"https:\/\/www.ccatelier.es\/"},{"@type":"ListItem","position":2,"name":"Apoyo a la AFOLU para el GHGI de la Rep\u00fablica de Serbia"}]},{"@type":"WebSite","@id":"https:\/\/www.ccatelier.es\/#website","url":"https:\/\/www.ccatelier.es\/","name":"Climate Change Atelier","description":"Consultora especializada en cambio clim\u00e1tico, transparencia, NDCs, inventarios GEI y financiamiento clim\u00e1tico. Experiencia internacional y enfoque t\u00e9cnico adaptado.","potentialAction":[{"@type":"SearchAction","target":{"@type":"EntryPoint","urlTemplate":"https:\/\/www.ccatelier.es\/?s={search_term_string}"},"query-input":{"@type":"PropertyValueSpecification","valueRequired":true,"valueName":"search_term_string"}}],"inLanguage":"en-GB"},{"@type":"Person","@id":"https:\/\/www.ccatelier.es\/#\/schema\/person\/468ef15b7071978511257f3cb6a37fd7","name":"admin","image":{"@type":"ImageObject","inLanguage":"en-GB","@id":"https:\/\/secure.gravatar.com\/avatar\/5e5d037f5eb89be41a2c1967d5c5b7113f430db59ccee33ae492b86c0847ab0e?s=96&d=mm&r=g","url":"https:\/\/secure.gravatar.com\/avatar\/5e5d037f5eb89be41a2c1967d5c5b7113f430db59ccee33ae492b86c0847ab0e?s=96&d=mm&r=g","contentUrl":"https:\/\/secure.gravatar.com\/avatar\/5e5d037f5eb89be41a2c1967d5c5b7113f430db59ccee33ae492b86c0847ab0e?s=96&d=mm&r=g","caption":"admin"},"sameAs":["https:\/\/www.ccatelier.es"],"url":"https:\/\/www.ccatelier.es\/en\/author\/admin\/"}]}},"_links":{"self":[{"href":"https:\/\/www.ccatelier.es\/en\/wp-json\/wp\/v2\/posts\/457","targetHints":{"allow":["GET"]}}],"collection":[{"href":"https:\/\/www.ccatelier.es\/en\/wp-json\/wp\/v2\/posts"}],"about":[{"href":"https:\/\/www.ccatelier.es\/en\/wp-json\/wp\/v2\/types\/post"}],"author":[{"embeddable":true,"href":"https:\/\/www.ccatelier.es\/en\/wp-json\/wp\/v2\/users\/1"}],"replies":[{"embeddable":true,"href":"https:\/\/www.ccatelier.es\/en\/wp-json\/wp\/v2\/comments?post=457"}],"version-history":[{"count":10,"href":"https:\/\/www.ccatelier.es\/en\/wp-json\/wp\/v2\/posts\/457\/revisions"}],"predecessor-version":[{"id":1777,"href":"https:\/\/www.ccatelier.es\/en\/wp-json\/wp\/v2\/posts\/457\/revisions\/1777"}],"wp:featuredmedia":[{"embeddable":true,"href":"https:\/\/www.ccatelier.es\/en\/wp-json\/wp\/v2\/media\/458"}],"wp:attachment":[{"href":"https:\/\/www.ccatelier.es\/en\/wp-json\/wp\/v2\/media?parent=457"}],"wp:term":[{"taxonomy":"category","embeddable":true,"href":"https:\/\/www.ccatelier.es\/en\/wp-json\/wp\/v2\/categories?post=457"},{"taxonomy":"post_tag","embeddable":true,"href":"https:\/\/www.ccatelier.es\/en\/wp-json\/wp\/v2\/tags?post=457"}],"curies":[{"name":"wp","href":"https:\/\/api.w.org\/{rel}","templated":true}]}}