{"id":454,"date":"2025-07-24T10:24:24","date_gmt":"2025-07-24T10:24:24","guid":{"rendered":"https:\/\/www.ccatelier.es\/?p=454"},"modified":"2026-02-28T23:17:05","modified_gmt":"2026-02-28T23:17:05","slug":"consultoria-para-apoyar-la-definicion-de-vias-de-implementacion-de-las-medidas-de-mitigacion-priorizadas-de-la-ndc-para-promover-sinergias-de-mitigacion-adaptacion","status":"publish","type":"post","link":"https:\/\/www.ccatelier.es\/en\/consultoria-para-apoyar-la-definicion-de-vias-de-implementacion-de-las-medidas-de-mitigacion-priorizadas-de-la-ndc-para-promover-sinergias-de-mitigacion-adaptacion\/","title":{"rendered":"V\u00edas de Implementaci\u00f3n de la Mitigaci\u00f3n del NDC para Honduras"},"content":{"rendered":"<div data-elementor-type=\"wp-post\" data-elementor-id=\"454\" class=\"elementor elementor-454\" data-elementor-post-type=\"post\">\n\t\t\t\t<div class=\"elementor-element elementor-element-1ce88859 e-flex e-con-boxed e-con e-parent\" data-id=\"1ce88859\" data-element_type=\"container\" data-e-type=\"container\">\n\t\t\t\t\t<div class=\"e-con-inner\">\n\t\t\t\t<div class=\"elementor-element elementor-element-5535cb4c elementor-widget elementor-widget-text-editor\" data-id=\"5535cb4c\" data-element_type=\"widget\" data-e-type=\"widget\" data-widget_type=\"text-editor.default\">\n\t\t\t\t<div class=\"elementor-widget-container\">\n\t\t\t\t\t\t\t\t\t<p>El proyecto apoy\u00f3 al Gobierno de Honduras en la puesta en marcha del componente de mitigaci\u00f3n de su NDC y en el avance del Plan de Asociaci\u00f3n del NDC. Se centr\u00f3 en identificar las principales barreras y oportunidades y en definir v\u00edas concretas de implementaci\u00f3n para medidas de mitigaci\u00f3n prioritarias en los sectores LULUCF, Agricultura y Energ\u00eda. El trabajo tradujo las prioridades de mitigaci\u00f3n existentes en v\u00edas accionables y secuenciadas, promoviendo sinergias entre mitigaci\u00f3n y adaptaci\u00f3n, alineaci\u00f3n con los procesos nacionales de planificaci\u00f3n e integraci\u00f3n de consideraciones de g\u00e9nero. El proyecto fortaleci\u00f3 la preparaci\u00f3n institucional y proporcion\u00f3 una base estructurada para la implementaci\u00f3n eficaz y coordinada de los NDC entre sectores.<br \/><br \/><strong>Project Title<\/strong>: La consultor\u00eda para apoyar la definici\u00f3n de v\u00edas de implementaci\u00f3n para el NDC prioriz\u00f3 medidas de mitigaci\u00f3n para promover sinergias mitigaci\u00f3n-adaptaci\u00f3n<br \/><strong>Typology<\/strong>Climate strategies and analysis:<br \/><strong>Region:<\/strong> Latin America and the Caribbean<br \/><strong>Country:<\/strong> Honduras<br \/><strong>Customer:<\/strong> World Bank<br \/><strong>Period:<\/strong> 01\/10\/2019-25\/06\/2020<br \/><br \/><strong>Activities performed:<\/strong> <br \/>-Actu\u00f3 como coordinador y experto t\u00e9cnico principal, proporcionando asesoramiento estrat\u00e9gico sobre el enfoque general, el enfoque sectorial y la coherencia del marco anal\u00edtico.<br \/>&#8211; Desarrollar y validar la metodolog\u00eda detallada y el plan de trabajo en coordinaci\u00f3n con las instituciones sectoriales y el equipo de trabajo del Banco Mundial.<br \/>&#8211; Lider\u00f3 la evaluaci\u00f3n de barreras y oportunidades pol\u00edticas, institucionales y t\u00e9cnicas para las medidas de mitigaci\u00f3n priorizadas por NDC en LULUCF, Agricultura y Energ\u00eda.<br \/>&#8211; Asesor\u00f3 en el dise\u00f1o de v\u00edas de implementaci\u00f3n espec\u00edficas por sector, incluyendo plazos, acciones ambientales habilitadoras, necesidades de financiaci\u00f3n, indicadores y alineaci\u00f3n con los requisitos de ETF.<br \/>&#8211; Facilit\u00f3 consultas e intersectoriales y talleres para validar hallazgos, promover la coordinaci\u00f3n y fortalecer las capacidades nacionales en la planificaci\u00f3n e implementaci\u00f3n de mitigaciones.<\/p>\t\t\t\t\t\t\t\t<\/div>\n\t\t\t\t<\/div>\n\t\t\t\t\t<\/div>\n\t\t\t\t<\/div>\n\t\t\t\t<\/div>","protected":false},"excerpt":{"rendered":"<p>El proyecto apoy\u00f3 al Gobierno de Honduras en la puesta en marcha del componente de mitigaci\u00f3n de su NDC y en el avance del Plan de Asociaci\u00f3n del NDC. Se centr\u00f3 en identificar las principales barreras y oportunidades y en definir v\u00edas concretas de implementaci\u00f3n para medidas de mitigaci\u00f3n prioritarias en los sectores LULUCF, Agricultura&hellip;&nbsp;<\/p>","protected":false},"author":1,"featured_media":455,"comment_status":"open","ping_status":"open","sticky":false,"template":"","format":"standard","meta":{"_acf_changed":false,"neve_meta_sidebar":"","neve_meta_container":"","neve_meta_enable_content_width":"off","neve_meta_content_width":70,"neve_meta_title_alignment":"","neve_meta_author_avatar":"","neve_post_elements_order":"","neve_meta_disable_header":"","neve_meta_disable_footer":"","neve_meta_disable_title":"","footnotes":""},"categories":[14],"tags":[51],"class_list":["post-454","post","type-post","status-publish","format-standard","has-post-thumbnail","hentry","category-mitigacion","tag-honduras"],"acf":[],"yoast_head":"<!-- This site is optimized with the Yoast SEO plugin v27.4 - https:\/\/yoast.com\/product\/yoast-seo-wordpress\/ -->\n<title>V\u00edas de Implementaci\u00f3n de la Mitigaci\u00f3n del NDC para Honduras - Climate Change Atelier<\/title>\n<meta name=\"robots\" content=\"index, follow, max-snippet:-1, max-image-preview:large, max-video-preview:-1\" \/>\n<link rel=\"canonical\" href=\"https:\/\/www.ccatelier.es\/en\/consultoria-para-apoyar-la-definicion-de-vias-de-implementacion-de-las-medidas-de-mitigacion-priorizadas-de-la-ndc-para-promover-sinergias-de-mitigacion-adaptacion\/\" \/>\n<meta property=\"og:locale\" content=\"en_GB\" \/>\n<meta property=\"og:type\" content=\"article\" \/>\n<meta property=\"og:title\" content=\"V\u00edas de Implementaci\u00f3n de la Mitigaci\u00f3n del NDC para Honduras - Climate Change Atelier\" \/>\n<meta property=\"og:description\" content=\"El proyecto apoy\u00f3 al Gobierno de Honduras en la puesta en marcha del componente de mitigaci\u00f3n de su NDC y en el avance del Plan de Asociaci\u00f3n del NDC. Se centr\u00f3 en identificar las principales barreras y oportunidades y en definir v\u00edas concretas de implementaci\u00f3n para medidas de mitigaci\u00f3n prioritarias en los sectores LULUCF, Agricultura&hellip;&nbsp;\" \/>\n<meta property=\"og:url\" content=\"https:\/\/www.ccatelier.es\/en\/consultoria-para-apoyar-la-definicion-de-vias-de-implementacion-de-las-medidas-de-mitigacion-priorizadas-de-la-ndc-para-promover-sinergias-de-mitigacion-adaptacion\/\" \/>\n<meta property=\"og:site_name\" content=\"Climate Change Atelier\" \/>\n<meta property=\"article:published_time\" content=\"2025-07-24T10:24:24+00:00\" \/>\n<meta property=\"article:modified_time\" content=\"2026-02-28T23:17:05+00:00\" \/>\n<meta property=\"og:image\" content=\"https:\/\/www.ccatelier.es\/wp-content\/uploads\/2025\/07\/1._Descripcio_Albufera_autor_PN.jpg\" \/>\n\t<meta property=\"og:image:width\" content=\"2544\" \/>\n\t<meta property=\"og:image:height\" content=\"1430\" \/>\n\t<meta property=\"og:image:type\" content=\"image\/jpeg\" \/>\n<meta name=\"author\" content=\"admin\" \/>\n<meta name=\"twitter:card\" content=\"summary_large_image\" \/>\n<meta name=\"twitter:label1\" content=\"Written by\" \/>\n\t<meta name=\"twitter:data1\" content=\"admin\" \/>\n\t<meta name=\"twitter:label2\" content=\"Estimated reading time\" \/>\n\t<meta name=\"twitter:data2\" content=\"1 minute\" \/>\n<script type=\"application\/ld+json\" class=\"yoast-schema-graph\">{\"@context\":\"https:\\\/\\\/schema.org\",\"@graph\":[{\"@type\":\"Article\",\"@id\":\"https:\\\/\\\/www.ccatelier.es\\\/consultoria-para-apoyar-la-definicion-de-vias-de-implementacion-de-las-medidas-de-mitigacion-priorizadas-de-la-ndc-para-promover-sinergias-de-mitigacion-adaptacion\\\/#article\",\"isPartOf\":{\"@id\":\"https:\\\/\\\/www.ccatelier.es\\\/consultoria-para-apoyar-la-definicion-de-vias-de-implementacion-de-las-medidas-de-mitigacion-priorizadas-de-la-ndc-para-promover-sinergias-de-mitigacion-adaptacion\\\/\"},\"author\":{\"name\":\"admin\",\"@id\":\"https:\\\/\\\/www.ccatelier.es\\\/#\\\/schema\\\/person\\\/468ef15b7071978511257f3cb6a37fd7\"},\"headline\":\"V\u00edas de Implementaci\u00f3n de la Mitigaci\u00f3n del NDC para Honduras\",\"datePublished\":\"2025-07-24T10:24:24+00:00\",\"dateModified\":\"2026-02-28T23:17:05+00:00\",\"mainEntityOfPage\":{\"@id\":\"https:\\\/\\\/www.ccatelier.es\\\/consultoria-para-apoyar-la-definicion-de-vias-de-implementacion-de-las-medidas-de-mitigacion-priorizadas-de-la-ndc-para-promover-sinergias-de-mitigacion-adaptacion\\\/\"},\"wordCount\":343,\"commentCount\":0,\"image\":{\"@id\":\"https:\\\/\\\/www.ccatelier.es\\\/consultoria-para-apoyar-la-definicion-de-vias-de-implementacion-de-las-medidas-de-mitigacion-priorizadas-de-la-ndc-para-promover-sinergias-de-mitigacion-adaptacion\\\/#primaryimage\"},\"thumbnailUrl\":\"https:\\\/\\\/www.ccatelier.es\\\/wp-content\\\/uploads\\\/2025\\\/07\\\/1._Descripcio_Albufera_autor_PN.jpg\",\"keywords\":[\"Honduras\"],\"articleSection\":[\"Mitigaci\u00f3n y revisiones t\u00e9cnicas\"],\"inLanguage\":\"en-GB\",\"potentialAction\":[{\"@type\":\"CommentAction\",\"name\":\"Comment\",\"target\":[\"https:\\\/\\\/www.ccatelier.es\\\/consultoria-para-apoyar-la-definicion-de-vias-de-implementacion-de-las-medidas-de-mitigacion-priorizadas-de-la-ndc-para-promover-sinergias-de-mitigacion-adaptacion\\\/#respond\"]}]},{\"@type\":\"WebPage\",\"@id\":\"https:\\\/\\\/www.ccatelier.es\\\/consultoria-para-apoyar-la-definicion-de-vias-de-implementacion-de-las-medidas-de-mitigacion-priorizadas-de-la-ndc-para-promover-sinergias-de-mitigacion-adaptacion\\\/\",\"url\":\"https:\\\/\\\/www.ccatelier.es\\\/consultoria-para-apoyar-la-definicion-de-vias-de-implementacion-de-las-medidas-de-mitigacion-priorizadas-de-la-ndc-para-promover-sinergias-de-mitigacion-adaptacion\\\/\",\"name\":\"V\u00edas de Implementaci\u00f3n de la Mitigaci\u00f3n del NDC para Honduras - Climate Change Atelier\",\"isPartOf\":{\"@id\":\"https:\\\/\\\/www.ccatelier.es\\\/#website\"},\"primaryImageOfPage\":{\"@id\":\"https:\\\/\\\/www.ccatelier.es\\\/consultoria-para-apoyar-la-definicion-de-vias-de-implementacion-de-las-medidas-de-mitigacion-priorizadas-de-la-ndc-para-promover-sinergias-de-mitigacion-adaptacion\\\/#primaryimage\"},\"image\":{\"@id\":\"https:\\\/\\\/www.ccatelier.es\\\/consultoria-para-apoyar-la-definicion-de-vias-de-implementacion-de-las-medidas-de-mitigacion-priorizadas-de-la-ndc-para-promover-sinergias-de-mitigacion-adaptacion\\\/#primaryimage\"},\"thumbnailUrl\":\"https:\\\/\\\/www.ccatelier.es\\\/wp-content\\\/uploads\\\/2025\\\/07\\\/1._Descripcio_Albufera_autor_PN.jpg\",\"datePublished\":\"2025-07-24T10:24:24+00:00\",\"dateModified\":\"2026-02-28T23:17:05+00:00\",\"author\":{\"@id\":\"https:\\\/\\\/www.ccatelier.es\\\/#\\\/schema\\\/person\\\/468ef15b7071978511257f3cb6a37fd7\"},\"breadcrumb\":{\"@id\":\"https:\\\/\\\/www.ccatelier.es\\\/consultoria-para-apoyar-la-definicion-de-vias-de-implementacion-de-las-medidas-de-mitigacion-priorizadas-de-la-ndc-para-promover-sinergias-de-mitigacion-adaptacion\\\/#breadcrumb\"},\"inLanguage\":\"en-GB\",\"potentialAction\":[{\"@type\":\"ReadAction\",\"target\":[\"https:\\\/\\\/www.ccatelier.es\\\/consultoria-para-apoyar-la-definicion-de-vias-de-implementacion-de-las-medidas-de-mitigacion-priorizadas-de-la-ndc-para-promover-sinergias-de-mitigacion-adaptacion\\\/\"]}]},{\"@type\":\"ImageObject\",\"inLanguage\":\"en-GB\",\"@id\":\"https:\\\/\\\/www.ccatelier.es\\\/consultoria-para-apoyar-la-definicion-de-vias-de-implementacion-de-las-medidas-de-mitigacion-priorizadas-de-la-ndc-para-promover-sinergias-de-mitigacion-adaptacion\\\/#primaryimage\",\"url\":\"https:\\\/\\\/www.ccatelier.es\\\/wp-content\\\/uploads\\\/2025\\\/07\\\/1._Descripcio_Albufera_autor_PN.jpg\",\"contentUrl\":\"https:\\\/\\\/www.ccatelier.es\\\/wp-content\\\/uploads\\\/2025\\\/07\\\/1._Descripcio_Albufera_autor_PN.jpg\",\"width\":2544,\"height\":1430},{\"@type\":\"BreadcrumbList\",\"@id\":\"https:\\\/\\\/www.ccatelier.es\\\/consultoria-para-apoyar-la-definicion-de-vias-de-implementacion-de-las-medidas-de-mitigacion-priorizadas-de-la-ndc-para-promover-sinergias-de-mitigacion-adaptacion\\\/#breadcrumb\",\"itemListElement\":[{\"@type\":\"ListItem\",\"position\":1,\"name\":\"Portada\",\"item\":\"https:\\\/\\\/www.ccatelier.es\\\/\"},{\"@type\":\"ListItem\",\"position\":2,\"name\":\"V\u00edas de Implementaci\u00f3n de la Mitigaci\u00f3n del NDC para Honduras\"}]},{\"@type\":\"WebSite\",\"@id\":\"https:\\\/\\\/www.ccatelier.es\\\/#website\",\"url\":\"https:\\\/\\\/www.ccatelier.es\\\/\",\"name\":\"Climate Change Atelier\",\"description\":\"Consultora especializada en cambio clim\u00e1tico, transparencia, NDCs, inventarios GEI y financiamiento clim\u00e1tico. Experiencia internacional y enfoque t\u00e9cnico adaptado.\",\"potentialAction\":[{\"@type\":\"SearchAction\",\"target\":{\"@type\":\"EntryPoint\",\"urlTemplate\":\"https:\\\/\\\/www.ccatelier.es\\\/?s={search_term_string}\"},\"query-input\":{\"@type\":\"PropertyValueSpecification\",\"valueRequired\":true,\"valueName\":\"search_term_string\"}}],\"inLanguage\":\"en-GB\"},{\"@type\":\"Person\",\"@id\":\"https:\\\/\\\/www.ccatelier.es\\\/#\\\/schema\\\/person\\\/468ef15b7071978511257f3cb6a37fd7\",\"name\":\"admin\",\"image\":{\"@type\":\"ImageObject\",\"inLanguage\":\"en-GB\",\"@id\":\"https:\\\/\\\/secure.gravatar.com\\\/avatar\\\/5e5d037f5eb89be41a2c1967d5c5b7113f430db59ccee33ae492b86c0847ab0e?s=96&d=mm&r=g\",\"url\":\"https:\\\/\\\/secure.gravatar.com\\\/avatar\\\/5e5d037f5eb89be41a2c1967d5c5b7113f430db59ccee33ae492b86c0847ab0e?s=96&d=mm&r=g\",\"contentUrl\":\"https:\\\/\\\/secure.gravatar.com\\\/avatar\\\/5e5d037f5eb89be41a2c1967d5c5b7113f430db59ccee33ae492b86c0847ab0e?s=96&d=mm&r=g\",\"caption\":\"admin\"},\"sameAs\":[\"https:\\\/\\\/www.ccatelier.es\"],\"url\":\"https:\\\/\\\/www.ccatelier.es\\\/en\\\/author\\\/admin\\\/\"}]}<\/script>\n<!-- \/ Yoast SEO plugin. -->","yoast_head_json":{"title":"V\u00edas de Implementaci\u00f3n de la Mitigaci\u00f3n del NDC para Honduras - Climate Change Atelier","robots":{"index":"index","follow":"follow","max-snippet":"max-snippet:-1","max-image-preview":"max-image-preview:large","max-video-preview":"max-video-preview:-1"},"canonical":"https:\/\/www.ccatelier.es\/en\/consultoria-para-apoyar-la-definicion-de-vias-de-implementacion-de-las-medidas-de-mitigacion-priorizadas-de-la-ndc-para-promover-sinergias-de-mitigacion-adaptacion\/","og_locale":"en_GB","og_type":"article","og_title":"V\u00edas de Implementaci\u00f3n de la Mitigaci\u00f3n del NDC para Honduras - Climate Change Atelier","og_description":"El proyecto apoy\u00f3 al Gobierno de Honduras en la puesta en marcha del componente de mitigaci\u00f3n de su NDC y en el avance del Plan de Asociaci\u00f3n del NDC. Se centr\u00f3 en identificar las principales barreras y oportunidades y en definir v\u00edas concretas de implementaci\u00f3n para medidas de mitigaci\u00f3n prioritarias en los sectores LULUCF, Agricultura&hellip;&nbsp;","og_url":"https:\/\/www.ccatelier.es\/en\/consultoria-para-apoyar-la-definicion-de-vias-de-implementacion-de-las-medidas-de-mitigacion-priorizadas-de-la-ndc-para-promover-sinergias-de-mitigacion-adaptacion\/","og_site_name":"Climate Change Atelier","article_published_time":"2025-07-24T10:24:24+00:00","article_modified_time":"2026-02-28T23:17:05+00:00","og_image":[{"width":2544,"height":1430,"url":"https:\/\/www.ccatelier.es\/wp-content\/uploads\/2025\/07\/1._Descripcio_Albufera_autor_PN.jpg","type":"image\/jpeg"}],"author":"admin","twitter_card":"summary_large_image","twitter_misc":{"Written by":"admin","Estimated reading time":"1 minute"},"schema":{"@context":"https:\/\/schema.org","@graph":[{"@type":"Article","@id":"https:\/\/www.ccatelier.es\/consultoria-para-apoyar-la-definicion-de-vias-de-implementacion-de-las-medidas-de-mitigacion-priorizadas-de-la-ndc-para-promover-sinergias-de-mitigacion-adaptacion\/#article","isPartOf":{"@id":"https:\/\/www.ccatelier.es\/consultoria-para-apoyar-la-definicion-de-vias-de-implementacion-de-las-medidas-de-mitigacion-priorizadas-de-la-ndc-para-promover-sinergias-de-mitigacion-adaptacion\/"},"author":{"name":"admin","@id":"https:\/\/www.ccatelier.es\/#\/schema\/person\/468ef15b7071978511257f3cb6a37fd7"},"headline":"V\u00edas de Implementaci\u00f3n de la Mitigaci\u00f3n del NDC para Honduras","datePublished":"2025-07-24T10:24:24+00:00","dateModified":"2026-02-28T23:17:05+00:00","mainEntityOfPage":{"@id":"https:\/\/www.ccatelier.es\/consultoria-para-apoyar-la-definicion-de-vias-de-implementacion-de-las-medidas-de-mitigacion-priorizadas-de-la-ndc-para-promover-sinergias-de-mitigacion-adaptacion\/"},"wordCount":343,"commentCount":0,"image":{"@id":"https:\/\/www.ccatelier.es\/consultoria-para-apoyar-la-definicion-de-vias-de-implementacion-de-las-medidas-de-mitigacion-priorizadas-de-la-ndc-para-promover-sinergias-de-mitigacion-adaptacion\/#primaryimage"},"thumbnailUrl":"https:\/\/www.ccatelier.es\/wp-content\/uploads\/2025\/07\/1._Descripcio_Albufera_autor_PN.jpg","keywords":["Honduras"],"articleSection":["Mitigaci\u00f3n y revisiones t\u00e9cnicas"],"inLanguage":"en-GB","potentialAction":[{"@type":"CommentAction","name":"Comment","target":["https:\/\/www.ccatelier.es\/consultoria-para-apoyar-la-definicion-de-vias-de-implementacion-de-las-medidas-de-mitigacion-priorizadas-de-la-ndc-para-promover-sinergias-de-mitigacion-adaptacion\/#respond"]}]},{"@type":"WebPage","@id":"https:\/\/www.ccatelier.es\/consultoria-para-apoyar-la-definicion-de-vias-de-implementacion-de-las-medidas-de-mitigacion-priorizadas-de-la-ndc-para-promover-sinergias-de-mitigacion-adaptacion\/","url":"https:\/\/www.ccatelier.es\/consultoria-para-apoyar-la-definicion-de-vias-de-implementacion-de-las-medidas-de-mitigacion-priorizadas-de-la-ndc-para-promover-sinergias-de-mitigacion-adaptacion\/","name":"V\u00edas de Implementaci\u00f3n de la Mitigaci\u00f3n del NDC para Honduras - Climate Change Atelier","isPartOf":{"@id":"https:\/\/www.ccatelier.es\/#website"},"primaryImageOfPage":{"@id":"https:\/\/www.ccatelier.es\/consultoria-para-apoyar-la-definicion-de-vias-de-implementacion-de-las-medidas-de-mitigacion-priorizadas-de-la-ndc-para-promover-sinergias-de-mitigacion-adaptacion\/#primaryimage"},"image":{"@id":"https:\/\/www.ccatelier.es\/consultoria-para-apoyar-la-definicion-de-vias-de-implementacion-de-las-medidas-de-mitigacion-priorizadas-de-la-ndc-para-promover-sinergias-de-mitigacion-adaptacion\/#primaryimage"},"thumbnailUrl":"https:\/\/www.ccatelier.es\/wp-content\/uploads\/2025\/07\/1._Descripcio_Albufera_autor_PN.jpg","datePublished":"2025-07-24T10:24:24+00:00","dateModified":"2026-02-28T23:17:05+00:00","author":{"@id":"https:\/\/www.ccatelier.es\/#\/schema\/person\/468ef15b7071978511257f3cb6a37fd7"},"breadcrumb":{"@id":"https:\/\/www.ccatelier.es\/consultoria-para-apoyar-la-definicion-de-vias-de-implementacion-de-las-medidas-de-mitigacion-priorizadas-de-la-ndc-para-promover-sinergias-de-mitigacion-adaptacion\/#breadcrumb"},"inLanguage":"en-GB","potentialAction":[{"@type":"ReadAction","target":["https:\/\/www.ccatelier.es\/consultoria-para-apoyar-la-definicion-de-vias-de-implementacion-de-las-medidas-de-mitigacion-priorizadas-de-la-ndc-para-promover-sinergias-de-mitigacion-adaptacion\/"]}]},{"@type":"ImageObject","inLanguage":"en-GB","@id":"https:\/\/www.ccatelier.es\/consultoria-para-apoyar-la-definicion-de-vias-de-implementacion-de-las-medidas-de-mitigacion-priorizadas-de-la-ndc-para-promover-sinergias-de-mitigacion-adaptacion\/#primaryimage","url":"https:\/\/www.ccatelier.es\/wp-content\/uploads\/2025\/07\/1._Descripcio_Albufera_autor_PN.jpg","contentUrl":"https:\/\/www.ccatelier.es\/wp-content\/uploads\/2025\/07\/1._Descripcio_Albufera_autor_PN.jpg","width":2544,"height":1430},{"@type":"BreadcrumbList","@id":"https:\/\/www.ccatelier.es\/consultoria-para-apoyar-la-definicion-de-vias-de-implementacion-de-las-medidas-de-mitigacion-priorizadas-de-la-ndc-para-promover-sinergias-de-mitigacion-adaptacion\/#breadcrumb","itemListElement":[{"@type":"ListItem","position":1,"name":"Portada","item":"https:\/\/www.ccatelier.es\/"},{"@type":"ListItem","position":2,"name":"V\u00edas de Implementaci\u00f3n de la Mitigaci\u00f3n del NDC para Honduras"}]},{"@type":"WebSite","@id":"https:\/\/www.ccatelier.es\/#website","url":"https:\/\/www.ccatelier.es\/","name":"Climate Change Atelier","description":"Consultora especializada en cambio clim\u00e1tico, transparencia, NDCs, inventarios GEI y financiamiento clim\u00e1tico. Experiencia internacional y enfoque t\u00e9cnico adaptado.","potentialAction":[{"@type":"SearchAction","target":{"@type":"EntryPoint","urlTemplate":"https:\/\/www.ccatelier.es\/?s={search_term_string}"},"query-input":{"@type":"PropertyValueSpecification","valueRequired":true,"valueName":"search_term_string"}}],"inLanguage":"en-GB"},{"@type":"Person","@id":"https:\/\/www.ccatelier.es\/#\/schema\/person\/468ef15b7071978511257f3cb6a37fd7","name":"admin","image":{"@type":"ImageObject","inLanguage":"en-GB","@id":"https:\/\/secure.gravatar.com\/avatar\/5e5d037f5eb89be41a2c1967d5c5b7113f430db59ccee33ae492b86c0847ab0e?s=96&d=mm&r=g","url":"https:\/\/secure.gravatar.com\/avatar\/5e5d037f5eb89be41a2c1967d5c5b7113f430db59ccee33ae492b86c0847ab0e?s=96&d=mm&r=g","contentUrl":"https:\/\/secure.gravatar.com\/avatar\/5e5d037f5eb89be41a2c1967d5c5b7113f430db59ccee33ae492b86c0847ab0e?s=96&d=mm&r=g","caption":"admin"},"sameAs":["https:\/\/www.ccatelier.es"],"url":"https:\/\/www.ccatelier.es\/en\/author\/admin\/"}]}},"_links":{"self":[{"href":"https:\/\/www.ccatelier.es\/en\/wp-json\/wp\/v2\/posts\/454","targetHints":{"allow":["GET"]}}],"collection":[{"href":"https:\/\/www.ccatelier.es\/en\/wp-json\/wp\/v2\/posts"}],"about":[{"href":"https:\/\/www.ccatelier.es\/en\/wp-json\/wp\/v2\/types\/post"}],"author":[{"embeddable":true,"href":"https:\/\/www.ccatelier.es\/en\/wp-json\/wp\/v2\/users\/1"}],"replies":[{"embeddable":true,"href":"https:\/\/www.ccatelier.es\/en\/wp-json\/wp\/v2\/comments?post=454"}],"version-history":[{"count":9,"href":"https:\/\/www.ccatelier.es\/en\/wp-json\/wp\/v2\/posts\/454\/revisions"}],"predecessor-version":[{"id":1781,"href":"https:\/\/www.ccatelier.es\/en\/wp-json\/wp\/v2\/posts\/454\/revisions\/1781"}],"wp:featuredmedia":[{"embeddable":true,"href":"https:\/\/www.ccatelier.es\/en\/wp-json\/wp\/v2\/media\/455"}],"wp:attachment":[{"href":"https:\/\/www.ccatelier.es\/en\/wp-json\/wp\/v2\/media?parent=454"}],"wp:term":[{"taxonomy":"category","embeddable":true,"href":"https:\/\/www.ccatelier.es\/en\/wp-json\/wp\/v2\/categories?post=454"},{"taxonomy":"post_tag","embeddable":true,"href":"https:\/\/www.ccatelier.es\/en\/wp-json\/wp\/v2\/tags?post=454"}],"curies":[{"name":"wp","href":"https:\/\/api.w.org\/{rel}","templated":true}]}}