{"id":448,"date":"2025-07-24T10:22:28","date_gmt":"2025-07-24T10:22:28","guid":{"rendered":"https:\/\/www.ccatelier.es\/?p=448"},"modified":"2026-02-28T23:19:26","modified_gmt":"2026-02-28T23:19:26","slug":"especialista-internacional-en-transparencia-para-establecer-un-marco-de-transparencia-para-la-republica-de-serbia","status":"publish","type":"post","link":"https:\/\/www.ccatelier.es\/en\/especialista-internacional-en-transparencia-para-establecer-un-marco-de-transparencia-para-la-republica-de-serbia\/","title":{"rendered":"Establecimiento del marco de transparencia para la Rep\u00fablica de Serbia"},"content":{"rendered":"<div data-elementor-type=\"wp-post\" data-elementor-id=\"448\" class=\"elementor elementor-448\" data-elementor-post-type=\"post\">\n\t\t\t\t<div class=\"elementor-element elementor-element-21a6adda e-flex e-con-boxed e-con e-parent\" data-id=\"21a6adda\" data-element_type=\"container\" data-e-type=\"container\">\n\t\t\t\t\t<div class=\"e-con-inner\">\n\t\t\t\t<div class=\"elementor-element elementor-element-551a313 elementor-widget elementor-widget-text-editor\" data-id=\"551a313\" data-element_type=\"widget\" data-e-type=\"widget\" data-widget_type=\"text-editor.default\">\n\t\t\t\t<div class=\"elementor-widget-container\">\n\t\t\t\t\t\t\t\t\t<p>El proyecto apoy\u00f3 al Gobierno de Serbia en el dise\u00f1o y puesta en marcha inicial de un marco nacional de transparencia alineado con el Art\u00edculo 13 del Acuerdo de Par\u00eds. En el marco de la iniciativa CBIT y en estrecha cooperaci\u00f3n con el Ministerio de Protecci\u00f3n Ambiental, se fortaleci\u00f3 el sistema nacional de MRV para garantizar una informaci\u00f3n transparente, coherente y relevante para las pol\u00edticas sobre la acci\u00f3n clim\u00e1tica. El trabajo se centr\u00f3 en mejorar los arreglos institucionales, metodolog\u00edas y herramientas para el seguimiento de acciones de mitigaci\u00f3n y adaptaci\u00f3n, financiaci\u00f3n clim\u00e1tica, y p\u00e9rdidas y da\u00f1os, asegurando al mismo tiempo el cumplimiento de los requisitos de informes de la CMNUCCA y la UE. El proyecto tambi\u00e9n contribuy\u00f3 al proceso de adhesi\u00f3n de Serbia a la UE y fortaleci\u00f3 las capacidades nacionales para el seguimiento y la presentaci\u00f3n de informes de los NDC mediante formaci\u00f3n espec\u00edfica y una participaci\u00f3n estructurada de las partes interesadas a nivel nacional y local, utilizando un enfoque sensible al g\u00e9nero.<br \/><br \/><strong>Project Title<\/strong>: Establecimiento del marco de transparencia para la Rep\u00fablica de Serbia<br \/><strong>Typology<\/strong>Transparency and reporting systems<br \/><strong>Region:<\/strong> Europe<br \/><strong>Country:<\/strong> Serbia<br \/><strong>Customer:<\/strong> UNDP<br \/><strong>Period:<\/strong> 03\/07\/2019-10\/12\/2019<br \/><br \/><strong>Activities performed:<\/strong> <br \/>&#8211; Proporcion\u00f3 orientaci\u00f3n t\u00e9cnica sobre el establecimiento del marco nacional de transparencia conforme a los requisitos de la CMNUCC, ETF y la UE.<br \/>&#8211; Revis\u00f3 los sistemas existentes de recogida y reporte de datos, identificando brechas de transparencia y necesidades institucionales, incluidas las carencias de financiaci\u00f3n clim\u00e1tica.<br \/>&#8211; Desarroll\u00f3 recomendaciones para fortalecer los marcos de transparencia en mitigaci\u00f3n, adaptaci\u00f3n, financiaci\u00f3n clim\u00e1tica y p\u00e9rdidas y da\u00f1os.<br \/>&#8211; Dise\u00f1\u00f3 un marco de seguimiento e informe de NDC para mitigaci\u00f3n y adaptaci\u00f3n, definiendo los roles y responsabilidades institucionales.<br \/>&#8211; Contribuy\u00f3 al desarrollo del marco conceptual nacional de MRV y de los T\u00e9rminos de Referencia para un sistema integrado de informaci\u00f3n MRV.<br \/>&#8211; Dise\u00f1\u00f3 e imparti\u00f3 actividades iniciales de desarrollo de capacidades y formaci\u00f3n sobre el seguimiento y la presentaci\u00f3n de informes de los NDC, incluyendo presentaciones sobre los requisitos de informes de ETF y de la CMNUCC posteriores a 2020.<\/p>\t\t\t\t\t\t\t\t<\/div>\n\t\t\t\t<\/div>\n\t\t\t\t\t<\/div>\n\t\t\t\t<\/div>\n\t\t\t\t<\/div>","protected":false},"excerpt":{"rendered":"<p>El proyecto apoy\u00f3 al Gobierno de Serbia en el dise\u00f1o y puesta en marcha inicial de un marco nacional de transparencia alineado con el Art\u00edculo 13 del Acuerdo de Par\u00eds. En el marco de la iniciativa CBIT y en estrecha cooperaci\u00f3n con el Ministerio de Protecci\u00f3n Ambiental, se fortaleci\u00f3 el sistema nacional de MRV para&hellip;&nbsp;<\/p>","protected":false},"author":1,"featured_media":449,"comment_status":"open","ping_status":"open","sticky":false,"template":"","format":"standard","meta":{"_acf_changed":false,"neve_meta_sidebar":"","neve_meta_container":"","neve_meta_enable_content_width":"off","neve_meta_content_width":70,"neve_meta_title_alignment":"","neve_meta_author_avatar":"","neve_post_elements_order":"","neve_meta_disable_header":"","neve_meta_disable_footer":"","neve_meta_disable_title":"","footnotes":""},"categories":[15],"tags":[70],"class_list":["post-448","post","type-post","status-publish","format-standard","has-post-thumbnail","hentry","category-transparencia-climatica-y-reporte-internacional","tag-serbia"],"acf":[],"yoast_head":"<!-- This site is optimized with the Yoast SEO plugin v27.4 - https:\/\/yoast.com\/product\/yoast-seo-wordpress\/ -->\n<title>Establecimiento del marco de transparencia para la Rep\u00fablica de Serbia - Climate Change Atelier<\/title>\n<meta name=\"robots\" content=\"index, follow, max-snippet:-1, max-image-preview:large, max-video-preview:-1\" \/>\n<link rel=\"canonical\" href=\"https:\/\/www.ccatelier.es\/en\/especialista-internacional-en-transparencia-para-establecer-un-marco-de-transparencia-para-la-republica-de-serbia\/\" \/>\n<meta property=\"og:locale\" content=\"en_GB\" \/>\n<meta property=\"og:type\" content=\"article\" \/>\n<meta property=\"og:title\" content=\"Establecimiento del marco de transparencia para la Rep\u00fablica de Serbia - Climate Change Atelier\" \/>\n<meta property=\"og:description\" content=\"El proyecto apoy\u00f3 al Gobierno de Serbia en el dise\u00f1o y puesta en marcha inicial de un marco nacional de transparencia alineado con el Art\u00edculo 13 del Acuerdo de Par\u00eds. En el marco de la iniciativa CBIT y en estrecha cooperaci\u00f3n con el Ministerio de Protecci\u00f3n Ambiental, se fortaleci\u00f3 el sistema nacional de MRV para&hellip;&nbsp;\" \/>\n<meta property=\"og:url\" content=\"https:\/\/www.ccatelier.es\/en\/especialista-internacional-en-transparencia-para-establecer-un-marco-de-transparencia-para-la-republica-de-serbia\/\" \/>\n<meta property=\"og:site_name\" content=\"Climate Change Atelier\" \/>\n<meta property=\"article:published_time\" content=\"2025-07-24T10:22:28+00:00\" \/>\n<meta property=\"article:modified_time\" content=\"2026-02-28T23:19:26+00:00\" \/>\n<meta property=\"og:image\" content=\"https:\/\/www.ccatelier.es\/wp-content\/uploads\/2025\/07\/Serbia-15-1.jpg\" \/>\n\t<meta property=\"og:image:width\" content=\"1250\" \/>\n\t<meta property=\"og:image:height\" content=\"834\" \/>\n\t<meta property=\"og:image:type\" content=\"image\/jpeg\" \/>\n<meta name=\"author\" content=\"admin\" \/>\n<meta name=\"twitter:card\" content=\"summary_large_image\" \/>\n<meta name=\"twitter:label1\" content=\"Written by\" \/>\n\t<meta name=\"twitter:data1\" content=\"admin\" \/>\n\t<meta name=\"twitter:label2\" content=\"Estimated reading time\" \/>\n\t<meta name=\"twitter:data2\" content=\"2 minutes\" \/>\n<script type=\"application\/ld+json\" class=\"yoast-schema-graph\">{\"@context\":\"https:\\\/\\\/schema.org\",\"@graph\":[{\"@type\":\"Article\",\"@id\":\"https:\\\/\\\/www.ccatelier.es\\\/especialista-internacional-en-transparencia-para-establecer-un-marco-de-transparencia-para-la-republica-de-serbia\\\/#article\",\"isPartOf\":{\"@id\":\"https:\\\/\\\/www.ccatelier.es\\\/especialista-internacional-en-transparencia-para-establecer-un-marco-de-transparencia-para-la-republica-de-serbia\\\/\"},\"author\":{\"name\":\"admin\",\"@id\":\"https:\\\/\\\/www.ccatelier.es\\\/#\\\/schema\\\/person\\\/468ef15b7071978511257f3cb6a37fd7\"},\"headline\":\"Establecimiento del marco de transparencia para la Rep\u00fablica de Serbia\",\"datePublished\":\"2025-07-24T10:22:28+00:00\",\"dateModified\":\"2026-02-28T23:19:26+00:00\",\"mainEntityOfPage\":{\"@id\":\"https:\\\/\\\/www.ccatelier.es\\\/especialista-internacional-en-transparencia-para-establecer-un-marco-de-transparencia-para-la-republica-de-serbia\\\/\"},\"wordCount\":392,\"commentCount\":0,\"image\":{\"@id\":\"https:\\\/\\\/www.ccatelier.es\\\/especialista-internacional-en-transparencia-para-establecer-un-marco-de-transparencia-para-la-republica-de-serbia\\\/#primaryimage\"},\"thumbnailUrl\":\"https:\\\/\\\/www.ccatelier.es\\\/wp-content\\\/uploads\\\/2025\\\/07\\\/Serbia-15-1.jpg\",\"keywords\":[\"Serbia\"],\"articleSection\":[\"Transparencia y sistemas de reporte\"],\"inLanguage\":\"en-GB\",\"potentialAction\":[{\"@type\":\"CommentAction\",\"name\":\"Comment\",\"target\":[\"https:\\\/\\\/www.ccatelier.es\\\/especialista-internacional-en-transparencia-para-establecer-un-marco-de-transparencia-para-la-republica-de-serbia\\\/#respond\"]}]},{\"@type\":\"WebPage\",\"@id\":\"https:\\\/\\\/www.ccatelier.es\\\/especialista-internacional-en-transparencia-para-establecer-un-marco-de-transparencia-para-la-republica-de-serbia\\\/\",\"url\":\"https:\\\/\\\/www.ccatelier.es\\\/especialista-internacional-en-transparencia-para-establecer-un-marco-de-transparencia-para-la-republica-de-serbia\\\/\",\"name\":\"Establecimiento del marco de transparencia para la Rep\u00fablica de Serbia - Climate Change Atelier\",\"isPartOf\":{\"@id\":\"https:\\\/\\\/www.ccatelier.es\\\/#website\"},\"primaryImageOfPage\":{\"@id\":\"https:\\\/\\\/www.ccatelier.es\\\/especialista-internacional-en-transparencia-para-establecer-un-marco-de-transparencia-para-la-republica-de-serbia\\\/#primaryimage\"},\"image\":{\"@id\":\"https:\\\/\\\/www.ccatelier.es\\\/especialista-internacional-en-transparencia-para-establecer-un-marco-de-transparencia-para-la-republica-de-serbia\\\/#primaryimage\"},\"thumbnailUrl\":\"https:\\\/\\\/www.ccatelier.es\\\/wp-content\\\/uploads\\\/2025\\\/07\\\/Serbia-15-1.jpg\",\"datePublished\":\"2025-07-24T10:22:28+00:00\",\"dateModified\":\"2026-02-28T23:19:26+00:00\",\"author\":{\"@id\":\"https:\\\/\\\/www.ccatelier.es\\\/#\\\/schema\\\/person\\\/468ef15b7071978511257f3cb6a37fd7\"},\"breadcrumb\":{\"@id\":\"https:\\\/\\\/www.ccatelier.es\\\/especialista-internacional-en-transparencia-para-establecer-un-marco-de-transparencia-para-la-republica-de-serbia\\\/#breadcrumb\"},\"inLanguage\":\"en-GB\",\"potentialAction\":[{\"@type\":\"ReadAction\",\"target\":[\"https:\\\/\\\/www.ccatelier.es\\\/especialista-internacional-en-transparencia-para-establecer-un-marco-de-transparencia-para-la-republica-de-serbia\\\/\"]}]},{\"@type\":\"ImageObject\",\"inLanguage\":\"en-GB\",\"@id\":\"https:\\\/\\\/www.ccatelier.es\\\/especialista-internacional-en-transparencia-para-establecer-un-marco-de-transparencia-para-la-republica-de-serbia\\\/#primaryimage\",\"url\":\"https:\\\/\\\/www.ccatelier.es\\\/wp-content\\\/uploads\\\/2025\\\/07\\\/Serbia-15-1.jpg\",\"contentUrl\":\"https:\\\/\\\/www.ccatelier.es\\\/wp-content\\\/uploads\\\/2025\\\/07\\\/Serbia-15-1.jpg\",\"width\":1250,\"height\":834},{\"@type\":\"BreadcrumbList\",\"@id\":\"https:\\\/\\\/www.ccatelier.es\\\/especialista-internacional-en-transparencia-para-establecer-un-marco-de-transparencia-para-la-republica-de-serbia\\\/#breadcrumb\",\"itemListElement\":[{\"@type\":\"ListItem\",\"position\":1,\"name\":\"Portada\",\"item\":\"https:\\\/\\\/www.ccatelier.es\\\/\"},{\"@type\":\"ListItem\",\"position\":2,\"name\":\"Establecimiento del marco de transparencia para la Rep\u00fablica de Serbia\"}]},{\"@type\":\"WebSite\",\"@id\":\"https:\\\/\\\/www.ccatelier.es\\\/#website\",\"url\":\"https:\\\/\\\/www.ccatelier.es\\\/\",\"name\":\"Climate Change Atelier\",\"description\":\"Consultora especializada en cambio clim\u00e1tico, transparencia, NDCs, inventarios GEI y financiamiento clim\u00e1tico. Experiencia internacional y enfoque t\u00e9cnico adaptado.\",\"potentialAction\":[{\"@type\":\"SearchAction\",\"target\":{\"@type\":\"EntryPoint\",\"urlTemplate\":\"https:\\\/\\\/www.ccatelier.es\\\/?s={search_term_string}\"},\"query-input\":{\"@type\":\"PropertyValueSpecification\",\"valueRequired\":true,\"valueName\":\"search_term_string\"}}],\"inLanguage\":\"en-GB\"},{\"@type\":\"Person\",\"@id\":\"https:\\\/\\\/www.ccatelier.es\\\/#\\\/schema\\\/person\\\/468ef15b7071978511257f3cb6a37fd7\",\"name\":\"admin\",\"image\":{\"@type\":\"ImageObject\",\"inLanguage\":\"en-GB\",\"@id\":\"https:\\\/\\\/secure.gravatar.com\\\/avatar\\\/5e5d037f5eb89be41a2c1967d5c5b7113f430db59ccee33ae492b86c0847ab0e?s=96&d=mm&r=g\",\"url\":\"https:\\\/\\\/secure.gravatar.com\\\/avatar\\\/5e5d037f5eb89be41a2c1967d5c5b7113f430db59ccee33ae492b86c0847ab0e?s=96&d=mm&r=g\",\"contentUrl\":\"https:\\\/\\\/secure.gravatar.com\\\/avatar\\\/5e5d037f5eb89be41a2c1967d5c5b7113f430db59ccee33ae492b86c0847ab0e?s=96&d=mm&r=g\",\"caption\":\"admin\"},\"sameAs\":[\"https:\\\/\\\/www.ccatelier.es\"],\"url\":\"https:\\\/\\\/www.ccatelier.es\\\/en\\\/author\\\/admin\\\/\"}]}<\/script>\n<!-- \/ Yoast SEO plugin. -->","yoast_head_json":{"title":"Establecimiento del marco de transparencia para la Rep\u00fablica de Serbia - Climate Change Atelier","robots":{"index":"index","follow":"follow","max-snippet":"max-snippet:-1","max-image-preview":"max-image-preview:large","max-video-preview":"max-video-preview:-1"},"canonical":"https:\/\/www.ccatelier.es\/en\/especialista-internacional-en-transparencia-para-establecer-un-marco-de-transparencia-para-la-republica-de-serbia\/","og_locale":"en_GB","og_type":"article","og_title":"Establecimiento del marco de transparencia para la Rep\u00fablica de Serbia - Climate Change Atelier","og_description":"El proyecto apoy\u00f3 al Gobierno de Serbia en el dise\u00f1o y puesta en marcha inicial de un marco nacional de transparencia alineado con el Art\u00edculo 13 del Acuerdo de Par\u00eds. En el marco de la iniciativa CBIT y en estrecha cooperaci\u00f3n con el Ministerio de Protecci\u00f3n Ambiental, se fortaleci\u00f3 el sistema nacional de MRV para&hellip;&nbsp;","og_url":"https:\/\/www.ccatelier.es\/en\/especialista-internacional-en-transparencia-para-establecer-un-marco-de-transparencia-para-la-republica-de-serbia\/","og_site_name":"Climate Change Atelier","article_published_time":"2025-07-24T10:22:28+00:00","article_modified_time":"2026-02-28T23:19:26+00:00","og_image":[{"width":1250,"height":834,"url":"https:\/\/www.ccatelier.es\/wp-content\/uploads\/2025\/07\/Serbia-15-1.jpg","type":"image\/jpeg"}],"author":"admin","twitter_card":"summary_large_image","twitter_misc":{"Written by":"admin","Estimated reading time":"2 minutes"},"schema":{"@context":"https:\/\/schema.org","@graph":[{"@type":"Article","@id":"https:\/\/www.ccatelier.es\/especialista-internacional-en-transparencia-para-establecer-un-marco-de-transparencia-para-la-republica-de-serbia\/#article","isPartOf":{"@id":"https:\/\/www.ccatelier.es\/especialista-internacional-en-transparencia-para-establecer-un-marco-de-transparencia-para-la-republica-de-serbia\/"},"author":{"name":"admin","@id":"https:\/\/www.ccatelier.es\/#\/schema\/person\/468ef15b7071978511257f3cb6a37fd7"},"headline":"Establecimiento del marco de transparencia para la Rep\u00fablica de Serbia","datePublished":"2025-07-24T10:22:28+00:00","dateModified":"2026-02-28T23:19:26+00:00","mainEntityOfPage":{"@id":"https:\/\/www.ccatelier.es\/especialista-internacional-en-transparencia-para-establecer-un-marco-de-transparencia-para-la-republica-de-serbia\/"},"wordCount":392,"commentCount":0,"image":{"@id":"https:\/\/www.ccatelier.es\/especialista-internacional-en-transparencia-para-establecer-un-marco-de-transparencia-para-la-republica-de-serbia\/#primaryimage"},"thumbnailUrl":"https:\/\/www.ccatelier.es\/wp-content\/uploads\/2025\/07\/Serbia-15-1.jpg","keywords":["Serbia"],"articleSection":["Transparencia y sistemas de reporte"],"inLanguage":"en-GB","potentialAction":[{"@type":"CommentAction","name":"Comment","target":["https:\/\/www.ccatelier.es\/especialista-internacional-en-transparencia-para-establecer-un-marco-de-transparencia-para-la-republica-de-serbia\/#respond"]}]},{"@type":"WebPage","@id":"https:\/\/www.ccatelier.es\/especialista-internacional-en-transparencia-para-establecer-un-marco-de-transparencia-para-la-republica-de-serbia\/","url":"https:\/\/www.ccatelier.es\/especialista-internacional-en-transparencia-para-establecer-un-marco-de-transparencia-para-la-republica-de-serbia\/","name":"Establecimiento del marco de transparencia para la Rep\u00fablica de Serbia - Climate Change Atelier","isPartOf":{"@id":"https:\/\/www.ccatelier.es\/#website"},"primaryImageOfPage":{"@id":"https:\/\/www.ccatelier.es\/especialista-internacional-en-transparencia-para-establecer-un-marco-de-transparencia-para-la-republica-de-serbia\/#primaryimage"},"image":{"@id":"https:\/\/www.ccatelier.es\/especialista-internacional-en-transparencia-para-establecer-un-marco-de-transparencia-para-la-republica-de-serbia\/#primaryimage"},"thumbnailUrl":"https:\/\/www.ccatelier.es\/wp-content\/uploads\/2025\/07\/Serbia-15-1.jpg","datePublished":"2025-07-24T10:22:28+00:00","dateModified":"2026-02-28T23:19:26+00:00","author":{"@id":"https:\/\/www.ccatelier.es\/#\/schema\/person\/468ef15b7071978511257f3cb6a37fd7"},"breadcrumb":{"@id":"https:\/\/www.ccatelier.es\/especialista-internacional-en-transparencia-para-establecer-un-marco-de-transparencia-para-la-republica-de-serbia\/#breadcrumb"},"inLanguage":"en-GB","potentialAction":[{"@type":"ReadAction","target":["https:\/\/www.ccatelier.es\/especialista-internacional-en-transparencia-para-establecer-un-marco-de-transparencia-para-la-republica-de-serbia\/"]}]},{"@type":"ImageObject","inLanguage":"en-GB","@id":"https:\/\/www.ccatelier.es\/especialista-internacional-en-transparencia-para-establecer-un-marco-de-transparencia-para-la-republica-de-serbia\/#primaryimage","url":"https:\/\/www.ccatelier.es\/wp-content\/uploads\/2025\/07\/Serbia-15-1.jpg","contentUrl":"https:\/\/www.ccatelier.es\/wp-content\/uploads\/2025\/07\/Serbia-15-1.jpg","width":1250,"height":834},{"@type":"BreadcrumbList","@id":"https:\/\/www.ccatelier.es\/especialista-internacional-en-transparencia-para-establecer-un-marco-de-transparencia-para-la-republica-de-serbia\/#breadcrumb","itemListElement":[{"@type":"ListItem","position":1,"name":"Portada","item":"https:\/\/www.ccatelier.es\/"},{"@type":"ListItem","position":2,"name":"Establecimiento del marco de transparencia para la Rep\u00fablica de Serbia"}]},{"@type":"WebSite","@id":"https:\/\/www.ccatelier.es\/#website","url":"https:\/\/www.ccatelier.es\/","name":"Climate Change Atelier","description":"Consultora especializada en cambio clim\u00e1tico, transparencia, NDCs, inventarios GEI y financiamiento clim\u00e1tico. Experiencia internacional y enfoque t\u00e9cnico adaptado.","potentialAction":[{"@type":"SearchAction","target":{"@type":"EntryPoint","urlTemplate":"https:\/\/www.ccatelier.es\/?s={search_term_string}"},"query-input":{"@type":"PropertyValueSpecification","valueRequired":true,"valueName":"search_term_string"}}],"inLanguage":"en-GB"},{"@type":"Person","@id":"https:\/\/www.ccatelier.es\/#\/schema\/person\/468ef15b7071978511257f3cb6a37fd7","name":"admin","image":{"@type":"ImageObject","inLanguage":"en-GB","@id":"https:\/\/secure.gravatar.com\/avatar\/5e5d037f5eb89be41a2c1967d5c5b7113f430db59ccee33ae492b86c0847ab0e?s=96&d=mm&r=g","url":"https:\/\/secure.gravatar.com\/avatar\/5e5d037f5eb89be41a2c1967d5c5b7113f430db59ccee33ae492b86c0847ab0e?s=96&d=mm&r=g","contentUrl":"https:\/\/secure.gravatar.com\/avatar\/5e5d037f5eb89be41a2c1967d5c5b7113f430db59ccee33ae492b86c0847ab0e?s=96&d=mm&r=g","caption":"admin"},"sameAs":["https:\/\/www.ccatelier.es"],"url":"https:\/\/www.ccatelier.es\/en\/author\/admin\/"}]}},"_links":{"self":[{"href":"https:\/\/www.ccatelier.es\/en\/wp-json\/wp\/v2\/posts\/448","targetHints":{"allow":["GET"]}}],"collection":[{"href":"https:\/\/www.ccatelier.es\/en\/wp-json\/wp\/v2\/posts"}],"about":[{"href":"https:\/\/www.ccatelier.es\/en\/wp-json\/wp\/v2\/types\/post"}],"author":[{"embeddable":true,"href":"https:\/\/www.ccatelier.es\/en\/wp-json\/wp\/v2\/users\/1"}],"replies":[{"embeddable":true,"href":"https:\/\/www.ccatelier.es\/en\/wp-json\/wp\/v2\/comments?post=448"}],"version-history":[{"count":9,"href":"https:\/\/www.ccatelier.es\/en\/wp-json\/wp\/v2\/posts\/448\/revisions"}],"predecessor-version":[{"id":1789,"href":"https:\/\/www.ccatelier.es\/en\/wp-json\/wp\/v2\/posts\/448\/revisions\/1789"}],"wp:featuredmedia":[{"embeddable":true,"href":"https:\/\/www.ccatelier.es\/en\/wp-json\/wp\/v2\/media\/449"}],"wp:attachment":[{"href":"https:\/\/www.ccatelier.es\/en\/wp-json\/wp\/v2\/media?parent=448"}],"wp:term":[{"taxonomy":"category","embeddable":true,"href":"https:\/\/www.ccatelier.es\/en\/wp-json\/wp\/v2\/categories?post=448"},{"taxonomy":"post_tag","embeddable":true,"href":"https:\/\/www.ccatelier.es\/en\/wp-json\/wp\/v2\/tags?post=448"}],"curies":[{"name":"wp","href":"https:\/\/api.w.org\/{rel}","templated":true}]}}