{"id":439,"date":"2025-07-24T10:19:52","date_gmt":"2025-07-24T10:19:52","guid":{"rendered":"https:\/\/www.ccatelier.es\/?p=439"},"modified":"2026-02-28T23:25:59","modified_gmt":"2026-02-28T23:25:59","slug":"armonizar-la-medicion-reporte-y-verificacion-de-gases-de-efecto-invernadero-mrv-de-colombia-con-el-inventario-nacional-para-un-seguimiento-transparente-de-las-ndc","status":"publish","type":"post","link":"https:\/\/www.ccatelier.es\/en\/armonizar-la-medicion-reporte-y-verificacion-de-gases-de-efecto-invernadero-mrv-de-colombia-con-el-inventario-nacional-para-un-seguimiento-transparente-de-las-ndc\/","title":{"rendered":"Armonizando el MRV de GEI de Colombia con el seguimiento NDC"},"content":{"rendered":"<div data-elementor-type=\"wp-post\" data-elementor-id=\"439\" class=\"elementor elementor-439\" data-elementor-post-type=\"post\">\n\t\t\t\t<div class=\"elementor-element elementor-element-630a8c3d e-flex e-con-boxed e-con e-parent\" data-id=\"630a8c3d\" data-element_type=\"container\" data-e-type=\"container\">\n\t\t\t\t\t<div class=\"e-con-inner\">\n\t\t\t\t<div class=\"elementor-element elementor-element-4a93d227 elementor-widget elementor-widget-text-editor\" data-id=\"4a93d227\" data-element_type=\"widget\" data-e-type=\"widget\" data-widget_type=\"text-editor.default\">\n\t\t\t\t<div class=\"elementor-widget-container\">\n\t\t\t\t\t\t\t\t\t<p>El proyecto apoy\u00f3 la armonizaci\u00f3n de los sistemas de medici\u00f3n, reporte y verificaci\u00f3n de gases de efecto invernadero (MRV) de Colombia con el inventario nacional de GEI para permitir un seguimiento transparente de las actividades de mitigaci\u00f3n bajo el NDC del pa\u00eds. Su objetivo era fortalecer la coherencia, precisi\u00f3n y comparabilidad de los datos y la presentaci\u00f3n de informes sobre GEI, proporcionando una base para decisiones pol\u00edticas basadas en la evidencia y una mejora de la rendici\u00f3n de cuentas clim\u00e1tica. La asignaci\u00f3n incluy\u00f3 apoyo t\u00e9cnico en plantillas de MRV, aportaciones de dise\u00f1o de sistemas y preparaci\u00f3n para actividades de formaci\u00f3n y consulta con el Gobierno de Colombia.<br \/><br \/><strong>Project Title<\/strong>: Armonizar la medici\u00f3n, reporte y verificaci\u00f3n de gases de efecto invernadero (MRV) en Colombia con el inventario nacional para un seguimiento transparente de los NDC<br \/><strong>Typology<\/strong>Transparency and reporting systems<br \/><strong>Region:<\/strong> Latin America and the Caribbean<br \/><strong>Country:<\/strong> Colombia<br \/><strong>Customer:<\/strong> MinAmbiente of Colombia<br \/><strong>Period:<\/strong> 06\/08\/2019-01\/03\/2020<br \/><br \/><strong>Activities performed:<\/strong> <br \/>&#8211; Revis\u00f3 los an\u00e1lisis y recomendaciones de armonizaci\u00f3n de GEI preparados por el equipo t\u00e9cnico, contribuyendo a los Resultados 1.3 y 1.4 del informe.<br \/>&#8211; Proporcion\u00f3 aportaciones t\u00e9cnicas y controles de calidad en las plantillas de MRV para actividades de mitigaci\u00f3n, asegurando la alineaci\u00f3n con los requisitos nacionales de inventario y seguimiento de NDC.<\/p>\t\t\t\t\t\t\t\t<\/div>\n\t\t\t\t<\/div>\n\t\t\t\t\t<\/div>\n\t\t\t\t<\/div>\n\t\t\t\t<\/div>","protected":false},"excerpt":{"rendered":"<p>El proyecto apoy\u00f3 la armonizaci\u00f3n de los sistemas de medici\u00f3n, reporte y verificaci\u00f3n de gases de efecto invernadero (MRV) de Colombia con el inventario nacional de GEI para permitir un seguimiento transparente de las actividades de mitigaci\u00f3n bajo el NDC del pa\u00eds. Su objetivo era fortalecer la coherencia, precisi\u00f3n y comparabilidad de los datos y&hellip;&nbsp;<\/p>","protected":false},"author":1,"featured_media":440,"comment_status":"open","ping_status":"open","sticky":false,"template":"","format":"standard","meta":{"_acf_changed":false,"neve_meta_sidebar":"","neve_meta_container":"","neve_meta_enable_content_width":"off","neve_meta_content_width":70,"neve_meta_title_alignment":"","neve_meta_author_avatar":"","neve_post_elements_order":"","neve_meta_disable_header":"","neve_meta_disable_footer":"","neve_meta_disable_title":"","footnotes":""},"categories":[15],"tags":[38],"class_list":["post-439","post","type-post","status-publish","format-standard","has-post-thumbnail","hentry","category-transparencia-climatica-y-reporte-internacional","tag-colombia"],"acf":[],"yoast_head":"<!-- This site is optimized with the Yoast SEO plugin v27.4 - https:\/\/yoast.com\/product\/yoast-seo-wordpress\/ -->\n<title>Armonizando el MRV de GEI de Colombia con el seguimiento NDC - Climate Change Atelier<\/title>\n<meta name=\"robots\" content=\"index, follow, max-snippet:-1, max-image-preview:large, max-video-preview:-1\" \/>\n<link rel=\"canonical\" href=\"https:\/\/www.ccatelier.es\/en\/armonizar-la-medicion-reporte-y-verificacion-de-gases-de-efecto-invernadero-mrv-de-colombia-con-el-inventario-nacional-para-un-seguimiento-transparente-de-las-ndc\/\" \/>\n<meta property=\"og:locale\" content=\"en_GB\" \/>\n<meta property=\"og:type\" content=\"article\" \/>\n<meta property=\"og:title\" content=\"Armonizando el MRV de GEI de Colombia con el seguimiento NDC - Climate Change Atelier\" \/>\n<meta property=\"og:description\" content=\"El proyecto apoy\u00f3 la armonizaci\u00f3n de los sistemas de medici\u00f3n, reporte y verificaci\u00f3n de gases de efecto invernadero (MRV) de Colombia con el inventario nacional de GEI para permitir un seguimiento transparente de las actividades de mitigaci\u00f3n bajo el NDC del pa\u00eds. Su objetivo era fortalecer la coherencia, precisi\u00f3n y comparabilidad de los datos y&hellip;&nbsp;\" \/>\n<meta property=\"og:url\" content=\"https:\/\/www.ccatelier.es\/en\/armonizar-la-medicion-reporte-y-verificacion-de-gases-de-efecto-invernadero-mrv-de-colombia-con-el-inventario-nacional-para-un-seguimiento-transparente-de-las-ndc\/\" \/>\n<meta property=\"og:site_name\" content=\"Climate Change Atelier\" \/>\n<meta property=\"article:published_time\" content=\"2025-07-24T10:19:52+00:00\" \/>\n<meta property=\"article:modified_time\" content=\"2026-02-28T23:25:59+00:00\" \/>\n<meta property=\"og:image\" content=\"https:\/\/www.ccatelier.es\/wp-content\/uploads\/2025\/07\/actualidad_257238929_130047415_1118x760.jpg\" \/>\n\t<meta property=\"og:image:width\" content=\"1118\" \/>\n\t<meta property=\"og:image:height\" content=\"760\" \/>\n\t<meta property=\"og:image:type\" content=\"image\/jpeg\" \/>\n<meta name=\"author\" content=\"admin\" \/>\n<meta name=\"twitter:card\" content=\"summary_large_image\" \/>\n<meta name=\"twitter:label1\" content=\"Written by\" \/>\n\t<meta name=\"twitter:data1\" content=\"admin\" \/>\n\t<meta name=\"twitter:label2\" content=\"Estimated reading time\" \/>\n\t<meta name=\"twitter:data2\" content=\"1 minute\" \/>\n<script type=\"application\/ld+json\" class=\"yoast-schema-graph\">{\"@context\":\"https:\\\/\\\/schema.org\",\"@graph\":[{\"@type\":\"Article\",\"@id\":\"https:\\\/\\\/www.ccatelier.es\\\/armonizar-la-medicion-reporte-y-verificacion-de-gases-de-efecto-invernadero-mrv-de-colombia-con-el-inventario-nacional-para-un-seguimiento-transparente-de-las-ndc\\\/#article\",\"isPartOf\":{\"@id\":\"https:\\\/\\\/www.ccatelier.es\\\/armonizar-la-medicion-reporte-y-verificacion-de-gases-de-efecto-invernadero-mrv-de-colombia-con-el-inventario-nacional-para-un-seguimiento-transparente-de-las-ndc\\\/\"},\"author\":{\"name\":\"admin\",\"@id\":\"https:\\\/\\\/www.ccatelier.es\\\/#\\\/schema\\\/person\\\/468ef15b7071978511257f3cb6a37fd7\"},\"headline\":\"Armonizando el MRV de GEI de Colombia con el seguimiento NDC\",\"datePublished\":\"2025-07-24T10:19:52+00:00\",\"dateModified\":\"2026-02-28T23:25:59+00:00\",\"mainEntityOfPage\":{\"@id\":\"https:\\\/\\\/www.ccatelier.es\\\/armonizar-la-medicion-reporte-y-verificacion-de-gases-de-efecto-invernadero-mrv-de-colombia-con-el-inventario-nacional-para-un-seguimiento-transparente-de-las-ndc\\\/\"},\"wordCount\":247,\"commentCount\":0,\"image\":{\"@id\":\"https:\\\/\\\/www.ccatelier.es\\\/armonizar-la-medicion-reporte-y-verificacion-de-gases-de-efecto-invernadero-mrv-de-colombia-con-el-inventario-nacional-para-un-seguimiento-transparente-de-las-ndc\\\/#primaryimage\"},\"thumbnailUrl\":\"https:\\\/\\\/www.ccatelier.es\\\/wp-content\\\/uploads\\\/2025\\\/07\\\/actualidad_257238929_130047415_1118x760.jpg\",\"keywords\":[\"Colombia\"],\"articleSection\":[\"Transparencia y sistemas de reporte\"],\"inLanguage\":\"en-GB\",\"potentialAction\":[{\"@type\":\"CommentAction\",\"name\":\"Comment\",\"target\":[\"https:\\\/\\\/www.ccatelier.es\\\/armonizar-la-medicion-reporte-y-verificacion-de-gases-de-efecto-invernadero-mrv-de-colombia-con-el-inventario-nacional-para-un-seguimiento-transparente-de-las-ndc\\\/#respond\"]}]},{\"@type\":\"WebPage\",\"@id\":\"https:\\\/\\\/www.ccatelier.es\\\/armonizar-la-medicion-reporte-y-verificacion-de-gases-de-efecto-invernadero-mrv-de-colombia-con-el-inventario-nacional-para-un-seguimiento-transparente-de-las-ndc\\\/\",\"url\":\"https:\\\/\\\/www.ccatelier.es\\\/armonizar-la-medicion-reporte-y-verificacion-de-gases-de-efecto-invernadero-mrv-de-colombia-con-el-inventario-nacional-para-un-seguimiento-transparente-de-las-ndc\\\/\",\"name\":\"Armonizando el MRV de GEI de Colombia con el seguimiento NDC - Climate Change Atelier\",\"isPartOf\":{\"@id\":\"https:\\\/\\\/www.ccatelier.es\\\/#website\"},\"primaryImageOfPage\":{\"@id\":\"https:\\\/\\\/www.ccatelier.es\\\/armonizar-la-medicion-reporte-y-verificacion-de-gases-de-efecto-invernadero-mrv-de-colombia-con-el-inventario-nacional-para-un-seguimiento-transparente-de-las-ndc\\\/#primaryimage\"},\"image\":{\"@id\":\"https:\\\/\\\/www.ccatelier.es\\\/armonizar-la-medicion-reporte-y-verificacion-de-gases-de-efecto-invernadero-mrv-de-colombia-con-el-inventario-nacional-para-un-seguimiento-transparente-de-las-ndc\\\/#primaryimage\"},\"thumbnailUrl\":\"https:\\\/\\\/www.ccatelier.es\\\/wp-content\\\/uploads\\\/2025\\\/07\\\/actualidad_257238929_130047415_1118x760.jpg\",\"datePublished\":\"2025-07-24T10:19:52+00:00\",\"dateModified\":\"2026-02-28T23:25:59+00:00\",\"author\":{\"@id\":\"https:\\\/\\\/www.ccatelier.es\\\/#\\\/schema\\\/person\\\/468ef15b7071978511257f3cb6a37fd7\"},\"breadcrumb\":{\"@id\":\"https:\\\/\\\/www.ccatelier.es\\\/armonizar-la-medicion-reporte-y-verificacion-de-gases-de-efecto-invernadero-mrv-de-colombia-con-el-inventario-nacional-para-un-seguimiento-transparente-de-las-ndc\\\/#breadcrumb\"},\"inLanguage\":\"en-GB\",\"potentialAction\":[{\"@type\":\"ReadAction\",\"target\":[\"https:\\\/\\\/www.ccatelier.es\\\/armonizar-la-medicion-reporte-y-verificacion-de-gases-de-efecto-invernadero-mrv-de-colombia-con-el-inventario-nacional-para-un-seguimiento-transparente-de-las-ndc\\\/\"]}]},{\"@type\":\"ImageObject\",\"inLanguage\":\"en-GB\",\"@id\":\"https:\\\/\\\/www.ccatelier.es\\\/armonizar-la-medicion-reporte-y-verificacion-de-gases-de-efecto-invernadero-mrv-de-colombia-con-el-inventario-nacional-para-un-seguimiento-transparente-de-las-ndc\\\/#primaryimage\",\"url\":\"https:\\\/\\\/www.ccatelier.es\\\/wp-content\\\/uploads\\\/2025\\\/07\\\/actualidad_257238929_130047415_1118x760.jpg\",\"contentUrl\":\"https:\\\/\\\/www.ccatelier.es\\\/wp-content\\\/uploads\\\/2025\\\/07\\\/actualidad_257238929_130047415_1118x760.jpg\",\"width\":1118,\"height\":760},{\"@type\":\"BreadcrumbList\",\"@id\":\"https:\\\/\\\/www.ccatelier.es\\\/armonizar-la-medicion-reporte-y-verificacion-de-gases-de-efecto-invernadero-mrv-de-colombia-con-el-inventario-nacional-para-un-seguimiento-transparente-de-las-ndc\\\/#breadcrumb\",\"itemListElement\":[{\"@type\":\"ListItem\",\"position\":1,\"name\":\"Portada\",\"item\":\"https:\\\/\\\/www.ccatelier.es\\\/\"},{\"@type\":\"ListItem\",\"position\":2,\"name\":\"Armonizando el MRV de GEI de Colombia con el seguimiento NDC\"}]},{\"@type\":\"WebSite\",\"@id\":\"https:\\\/\\\/www.ccatelier.es\\\/#website\",\"url\":\"https:\\\/\\\/www.ccatelier.es\\\/\",\"name\":\"Climate Change Atelier\",\"description\":\"Consultora especializada en cambio clim\u00e1tico, transparencia, NDCs, inventarios GEI y financiamiento clim\u00e1tico. Experiencia internacional y enfoque t\u00e9cnico adaptado.\",\"potentialAction\":[{\"@type\":\"SearchAction\",\"target\":{\"@type\":\"EntryPoint\",\"urlTemplate\":\"https:\\\/\\\/www.ccatelier.es\\\/?s={search_term_string}\"},\"query-input\":{\"@type\":\"PropertyValueSpecification\",\"valueRequired\":true,\"valueName\":\"search_term_string\"}}],\"inLanguage\":\"en-GB\"},{\"@type\":\"Person\",\"@id\":\"https:\\\/\\\/www.ccatelier.es\\\/#\\\/schema\\\/person\\\/468ef15b7071978511257f3cb6a37fd7\",\"name\":\"admin\",\"image\":{\"@type\":\"ImageObject\",\"inLanguage\":\"en-GB\",\"@id\":\"https:\\\/\\\/secure.gravatar.com\\\/avatar\\\/5e5d037f5eb89be41a2c1967d5c5b7113f430db59ccee33ae492b86c0847ab0e?s=96&d=mm&r=g\",\"url\":\"https:\\\/\\\/secure.gravatar.com\\\/avatar\\\/5e5d037f5eb89be41a2c1967d5c5b7113f430db59ccee33ae492b86c0847ab0e?s=96&d=mm&r=g\",\"contentUrl\":\"https:\\\/\\\/secure.gravatar.com\\\/avatar\\\/5e5d037f5eb89be41a2c1967d5c5b7113f430db59ccee33ae492b86c0847ab0e?s=96&d=mm&r=g\",\"caption\":\"admin\"},\"sameAs\":[\"https:\\\/\\\/www.ccatelier.es\"],\"url\":\"https:\\\/\\\/www.ccatelier.es\\\/en\\\/author\\\/admin\\\/\"}]}<\/script>\n<!-- \/ Yoast SEO plugin. -->","yoast_head_json":{"title":"Armonizando el MRV de GEI de Colombia con el seguimiento NDC - Climate Change Atelier","robots":{"index":"index","follow":"follow","max-snippet":"max-snippet:-1","max-image-preview":"max-image-preview:large","max-video-preview":"max-video-preview:-1"},"canonical":"https:\/\/www.ccatelier.es\/en\/armonizar-la-medicion-reporte-y-verificacion-de-gases-de-efecto-invernadero-mrv-de-colombia-con-el-inventario-nacional-para-un-seguimiento-transparente-de-las-ndc\/","og_locale":"en_GB","og_type":"article","og_title":"Armonizando el MRV de GEI de Colombia con el seguimiento NDC - Climate Change Atelier","og_description":"El proyecto apoy\u00f3 la armonizaci\u00f3n de los sistemas de medici\u00f3n, reporte y verificaci\u00f3n de gases de efecto invernadero (MRV) de Colombia con el inventario nacional de GEI para permitir un seguimiento transparente de las actividades de mitigaci\u00f3n bajo el NDC del pa\u00eds. Su objetivo era fortalecer la coherencia, precisi\u00f3n y comparabilidad de los datos y&hellip;&nbsp;","og_url":"https:\/\/www.ccatelier.es\/en\/armonizar-la-medicion-reporte-y-verificacion-de-gases-de-efecto-invernadero-mrv-de-colombia-con-el-inventario-nacional-para-un-seguimiento-transparente-de-las-ndc\/","og_site_name":"Climate Change Atelier","article_published_time":"2025-07-24T10:19:52+00:00","article_modified_time":"2026-02-28T23:25:59+00:00","og_image":[{"width":1118,"height":760,"url":"https:\/\/www.ccatelier.es\/wp-content\/uploads\/2025\/07\/actualidad_257238929_130047415_1118x760.jpg","type":"image\/jpeg"}],"author":"admin","twitter_card":"summary_large_image","twitter_misc":{"Written by":"admin","Estimated reading time":"1 minute"},"schema":{"@context":"https:\/\/schema.org","@graph":[{"@type":"Article","@id":"https:\/\/www.ccatelier.es\/armonizar-la-medicion-reporte-y-verificacion-de-gases-de-efecto-invernadero-mrv-de-colombia-con-el-inventario-nacional-para-un-seguimiento-transparente-de-las-ndc\/#article","isPartOf":{"@id":"https:\/\/www.ccatelier.es\/armonizar-la-medicion-reporte-y-verificacion-de-gases-de-efecto-invernadero-mrv-de-colombia-con-el-inventario-nacional-para-un-seguimiento-transparente-de-las-ndc\/"},"author":{"name":"admin","@id":"https:\/\/www.ccatelier.es\/#\/schema\/person\/468ef15b7071978511257f3cb6a37fd7"},"headline":"Armonizando el MRV de GEI de Colombia con el seguimiento NDC","datePublished":"2025-07-24T10:19:52+00:00","dateModified":"2026-02-28T23:25:59+00:00","mainEntityOfPage":{"@id":"https:\/\/www.ccatelier.es\/armonizar-la-medicion-reporte-y-verificacion-de-gases-de-efecto-invernadero-mrv-de-colombia-con-el-inventario-nacional-para-un-seguimiento-transparente-de-las-ndc\/"},"wordCount":247,"commentCount":0,"image":{"@id":"https:\/\/www.ccatelier.es\/armonizar-la-medicion-reporte-y-verificacion-de-gases-de-efecto-invernadero-mrv-de-colombia-con-el-inventario-nacional-para-un-seguimiento-transparente-de-las-ndc\/#primaryimage"},"thumbnailUrl":"https:\/\/www.ccatelier.es\/wp-content\/uploads\/2025\/07\/actualidad_257238929_130047415_1118x760.jpg","keywords":["Colombia"],"articleSection":["Transparencia y sistemas de reporte"],"inLanguage":"en-GB","potentialAction":[{"@type":"CommentAction","name":"Comment","target":["https:\/\/www.ccatelier.es\/armonizar-la-medicion-reporte-y-verificacion-de-gases-de-efecto-invernadero-mrv-de-colombia-con-el-inventario-nacional-para-un-seguimiento-transparente-de-las-ndc\/#respond"]}]},{"@type":"WebPage","@id":"https:\/\/www.ccatelier.es\/armonizar-la-medicion-reporte-y-verificacion-de-gases-de-efecto-invernadero-mrv-de-colombia-con-el-inventario-nacional-para-un-seguimiento-transparente-de-las-ndc\/","url":"https:\/\/www.ccatelier.es\/armonizar-la-medicion-reporte-y-verificacion-de-gases-de-efecto-invernadero-mrv-de-colombia-con-el-inventario-nacional-para-un-seguimiento-transparente-de-las-ndc\/","name":"Armonizando el MRV de GEI de Colombia con el seguimiento NDC - Climate Change Atelier","isPartOf":{"@id":"https:\/\/www.ccatelier.es\/#website"},"primaryImageOfPage":{"@id":"https:\/\/www.ccatelier.es\/armonizar-la-medicion-reporte-y-verificacion-de-gases-de-efecto-invernadero-mrv-de-colombia-con-el-inventario-nacional-para-un-seguimiento-transparente-de-las-ndc\/#primaryimage"},"image":{"@id":"https:\/\/www.ccatelier.es\/armonizar-la-medicion-reporte-y-verificacion-de-gases-de-efecto-invernadero-mrv-de-colombia-con-el-inventario-nacional-para-un-seguimiento-transparente-de-las-ndc\/#primaryimage"},"thumbnailUrl":"https:\/\/www.ccatelier.es\/wp-content\/uploads\/2025\/07\/actualidad_257238929_130047415_1118x760.jpg","datePublished":"2025-07-24T10:19:52+00:00","dateModified":"2026-02-28T23:25:59+00:00","author":{"@id":"https:\/\/www.ccatelier.es\/#\/schema\/person\/468ef15b7071978511257f3cb6a37fd7"},"breadcrumb":{"@id":"https:\/\/www.ccatelier.es\/armonizar-la-medicion-reporte-y-verificacion-de-gases-de-efecto-invernadero-mrv-de-colombia-con-el-inventario-nacional-para-un-seguimiento-transparente-de-las-ndc\/#breadcrumb"},"inLanguage":"en-GB","potentialAction":[{"@type":"ReadAction","target":["https:\/\/www.ccatelier.es\/armonizar-la-medicion-reporte-y-verificacion-de-gases-de-efecto-invernadero-mrv-de-colombia-con-el-inventario-nacional-para-un-seguimiento-transparente-de-las-ndc\/"]}]},{"@type":"ImageObject","inLanguage":"en-GB","@id":"https:\/\/www.ccatelier.es\/armonizar-la-medicion-reporte-y-verificacion-de-gases-de-efecto-invernadero-mrv-de-colombia-con-el-inventario-nacional-para-un-seguimiento-transparente-de-las-ndc\/#primaryimage","url":"https:\/\/www.ccatelier.es\/wp-content\/uploads\/2025\/07\/actualidad_257238929_130047415_1118x760.jpg","contentUrl":"https:\/\/www.ccatelier.es\/wp-content\/uploads\/2025\/07\/actualidad_257238929_130047415_1118x760.jpg","width":1118,"height":760},{"@type":"BreadcrumbList","@id":"https:\/\/www.ccatelier.es\/armonizar-la-medicion-reporte-y-verificacion-de-gases-de-efecto-invernadero-mrv-de-colombia-con-el-inventario-nacional-para-un-seguimiento-transparente-de-las-ndc\/#breadcrumb","itemListElement":[{"@type":"ListItem","position":1,"name":"Portada","item":"https:\/\/www.ccatelier.es\/"},{"@type":"ListItem","position":2,"name":"Armonizando el MRV de GEI de Colombia con el seguimiento NDC"}]},{"@type":"WebSite","@id":"https:\/\/www.ccatelier.es\/#website","url":"https:\/\/www.ccatelier.es\/","name":"Climate Change Atelier","description":"Consultora especializada en cambio clim\u00e1tico, transparencia, NDCs, inventarios GEI y financiamiento clim\u00e1tico. Experiencia internacional y enfoque t\u00e9cnico adaptado.","potentialAction":[{"@type":"SearchAction","target":{"@type":"EntryPoint","urlTemplate":"https:\/\/www.ccatelier.es\/?s={search_term_string}"},"query-input":{"@type":"PropertyValueSpecification","valueRequired":true,"valueName":"search_term_string"}}],"inLanguage":"en-GB"},{"@type":"Person","@id":"https:\/\/www.ccatelier.es\/#\/schema\/person\/468ef15b7071978511257f3cb6a37fd7","name":"admin","image":{"@type":"ImageObject","inLanguage":"en-GB","@id":"https:\/\/secure.gravatar.com\/avatar\/5e5d037f5eb89be41a2c1967d5c5b7113f430db59ccee33ae492b86c0847ab0e?s=96&d=mm&r=g","url":"https:\/\/secure.gravatar.com\/avatar\/5e5d037f5eb89be41a2c1967d5c5b7113f430db59ccee33ae492b86c0847ab0e?s=96&d=mm&r=g","contentUrl":"https:\/\/secure.gravatar.com\/avatar\/5e5d037f5eb89be41a2c1967d5c5b7113f430db59ccee33ae492b86c0847ab0e?s=96&d=mm&r=g","caption":"admin"},"sameAs":["https:\/\/www.ccatelier.es"],"url":"https:\/\/www.ccatelier.es\/en\/author\/admin\/"}]}},"_links":{"self":[{"href":"https:\/\/www.ccatelier.es\/en\/wp-json\/wp\/v2\/posts\/439","targetHints":{"allow":["GET"]}}],"collection":[{"href":"https:\/\/www.ccatelier.es\/en\/wp-json\/wp\/v2\/posts"}],"about":[{"href":"https:\/\/www.ccatelier.es\/en\/wp-json\/wp\/v2\/types\/post"}],"author":[{"embeddable":true,"href":"https:\/\/www.ccatelier.es\/en\/wp-json\/wp\/v2\/users\/1"}],"replies":[{"embeddable":true,"href":"https:\/\/www.ccatelier.es\/en\/wp-json\/wp\/v2\/comments?post=439"}],"version-history":[{"count":9,"href":"https:\/\/www.ccatelier.es\/en\/wp-json\/wp\/v2\/posts\/439\/revisions"}],"predecessor-version":[{"id":1801,"href":"https:\/\/www.ccatelier.es\/en\/wp-json\/wp\/v2\/posts\/439\/revisions\/1801"}],"wp:featuredmedia":[{"embeddable":true,"href":"https:\/\/www.ccatelier.es\/en\/wp-json\/wp\/v2\/media\/440"}],"wp:attachment":[{"href":"https:\/\/www.ccatelier.es\/en\/wp-json\/wp\/v2\/media?parent=439"}],"wp:term":[{"taxonomy":"category","embeddable":true,"href":"https:\/\/www.ccatelier.es\/en\/wp-json\/wp\/v2\/categories?post=439"},{"taxonomy":"post_tag","embeddable":true,"href":"https:\/\/www.ccatelier.es\/en\/wp-json\/wp\/v2\/tags?post=439"}],"curies":[{"name":"wp","href":"https:\/\/api.w.org\/{rel}","templated":true}]}}