{"id":433,"date":"2025-07-24T10:16:43","date_gmt":"2025-07-24T10:16:43","guid":{"rendered":"https:\/\/www.ccatelier.es\/?p=433"},"modified":"2026-02-28T23:27:43","modified_gmt":"2026-02-28T23:27:43","slug":"apoyo-tecnico-para-el-desarrollo-de-capacidades-en-los-estados-miembros-con-el-fin-de-aplicar-niveles-de-referencia-forestales-y-mejorar-los-inventarios-de-gases-de-efecto-invernadero-tal-como-se-sol","status":"publish","type":"post","link":"https:\/\/www.ccatelier.es\/en\/apoyo-tecnico-para-el-desarrollo-de-capacidades-en-los-estados-miembros-con-el-fin-de-aplicar-niveles-de-referencia-forestales-y-mejorar-los-inventarios-de-gases-de-efecto-invernadero-tal-como-se-sol\/","title":{"rendered":"Soporte t\u00e9cnico para los Niveles de Referencia Forestal y los inventarios de GEI LULUCF en la UE"},"content":{"rendered":"<div data-elementor-type=\"wp-post\" data-elementor-id=\"433\" class=\"elementor elementor-433\" data-elementor-post-type=\"post\">\n\t\t\t\t<div class=\"elementor-element elementor-element-5ac37c2e e-flex e-con-boxed e-con e-parent\" data-id=\"5ac37c2e\" data-element_type=\"container\" data-e-type=\"container\">\n\t\t\t\t\t<div class=\"e-con-inner\">\n\t\t\t\t<div class=\"elementor-element elementor-element-1e2596d6 elementor-widget elementor-widget-text-editor\" data-id=\"1e2596d6\" data-element_type=\"widget\" data-e-type=\"widget\" data-widget_type=\"text-editor.default\">\n\t\t\t\t<div class=\"elementor-widget-container\">\n\t\t\t\t\t\t\t\t\t<p>Esta consultor\u00eda ten\u00eda como objetivo proporcionar asistencia t\u00e9cnica a los Estados miembros de la UE para implementar el nuevo Reglamento LULUCF (UE 2018\/841), centr\u00e1ndose en la preparaci\u00f3n de planes de acci\u00f3n forestales nacionales (NFAP), Niveles de Referencia Forestal (FRL) para 2021\u20132025 y mejoras en la notificaci\u00f3n y eliminaci\u00f3n de emisiones de gases de efecto invernadero (GEI) desde tierra. El proyecto apoy\u00f3 a los Estados miembros en la mejora de la calidad, coherencia y transparencia de sus inventarios de GEI LULUCF, asegurando al mismo tiempo la alineaci\u00f3n con los requisitos y obligaciones de reporte de la UE bajo el Reglamento. El trabajo tambi\u00e9n contribuy\u00f3 a construir capacidades nacionales a largo plazo para actualizar las FRLs y mejorar las metodolog\u00edas de inventario m\u00e1s all\u00e1 del periodo inmediato de informe.<br \/><br \/><strong>Project Title<\/strong>: Apoyo t\u00e9cnico para el fortalecimiento de capacidades en los Estados miembros para implementar los Niveles de Referencia Forestal y mejoras en los Inventarios de Gases de Efecto Invernadero, tal y como lo solicita el Reglamento LULUCF<br \/><strong>Typology<\/strong>Mitigation and technical reviews<br \/><strong>Region:<\/strong> Europe<br \/><strong>Country:<\/strong> European Union<br \/><strong>Customer:<\/strong> European Commission (DG CLIMA)<br \/><strong>Period:<\/strong> 01\/06\/2018-01\/03\/2020<br \/><br \/><strong>Activities performed:<\/strong> <br \/>&#8211; Realiz\u00f3 entrevistas preliminares con los Estados miembros para evaluar las capacidades existentes, la disponibilidad de datos y las lagunas en la notificaci\u00f3n del inventario de GEI de LULUCF.<br \/>&#8211; Paquetes de orientaci\u00f3n t\u00e9cnica espec\u00edficos de pa\u00edses desarrollados y planes de desarrollo de capacidades alineados con el Reglamento LULUCF (UE 2018\/841).<br \/>&#8211; Realiz\u00f3 visitas en el pa\u00eds a 3 Estados miembros (Islandia, Grecia y Lituania), colaborando con expertos nacionales para revisar los niveles de referencia forestal, metodolog\u00edas de inventario y pr\u00e1cticas de gesti\u00f3n de datos.<br \/>&#8211; Elabor\u00f3 informes detallados de visitas a pa\u00edses con recomendaciones para mejorar la precisi\u00f3n, transparencia y coherencia de las estimaciones de emisiones y retiradas de GEI.<br \/>&#8211; Proporcion\u00f3 asesoramiento experto sobre mejoras metodol\u00f3gicas para la elaboraci\u00f3n de informes basados en tierras, incluyendo todos los usos del suelo y dep\u00f3sitos de carbono relevantes.<br \/>&#8211; Contribuy\u00f3 al desarrollo del Informe Final de S\u00edntesis, consolidando las lecciones aprendidas, las mejores pr\u00e1cticas y las recomendaciones para apoyar a los Estados Miembros en la implementaci\u00f3n de las FRL y mejorar sus inventarios de GEI LULUCF.<\/p>\t\t\t\t\t\t\t\t<\/div>\n\t\t\t\t<\/div>\n\t\t\t\t\t<\/div>\n\t\t\t\t<\/div>\n\t\t\t\t<\/div>","protected":false},"excerpt":{"rendered":"<p>Esta consultor\u00eda ten\u00eda como objetivo proporcionar asistencia t\u00e9cnica a los Estados miembros de la UE para implementar el nuevo Reglamento LULUCF (UE 2018\/841), centr\u00e1ndose en la preparaci\u00f3n de planes de acci\u00f3n forestales nacionales (NFAP), Niveles de Referencia Forestal (FRL) para 2021\u20132025 y mejoras en la notificaci\u00f3n y eliminaci\u00f3n de emisiones de gases de efecto invernadero&hellip;&nbsp;<\/p>","protected":false},"author":1,"featured_media":434,"comment_status":"open","ping_status":"open","sticky":false,"template":"","format":"standard","meta":{"_acf_changed":false,"neve_meta_sidebar":"","neve_meta_container":"","neve_meta_enable_content_width":"off","neve_meta_content_width":70,"neve_meta_title_alignment":"","neve_meta_author_avatar":"","neve_post_elements_order":"","neve_meta_disable_header":"","neve_meta_disable_footer":"","neve_meta_disable_title":"","footnotes":""},"categories":[16],"tags":[81],"class_list":["post-433","post","type-post","status-publish","format-standard","has-post-thumbnail","hentry","category-fortalecimiento-de-capacidades","tag-union-europea"],"acf":[],"yoast_head":"<!-- This site is optimized with the Yoast SEO plugin v27.4 - https:\/\/yoast.com\/product\/yoast-seo-wordpress\/ -->\n<title>Soporte t\u00e9cnico para los Niveles de Referencia Forestal y los inventarios de GEI LULUCF en la UE - Climate Change Atelier<\/title>\n<meta name=\"robots\" content=\"index, follow, max-snippet:-1, max-image-preview:large, max-video-preview:-1\" \/>\n<link rel=\"canonical\" href=\"https:\/\/www.ccatelier.es\/en\/apoyo-tecnico-para-el-desarrollo-de-capacidades-en-los-estados-miembros-con-el-fin-de-aplicar-niveles-de-referencia-forestales-y-mejorar-los-inventarios-de-gases-de-efecto-invernadero-tal-como-se-sol\/\" \/>\n<meta property=\"og:locale\" content=\"en_GB\" \/>\n<meta property=\"og:type\" content=\"article\" \/>\n<meta property=\"og:title\" content=\"Soporte t\u00e9cnico para los Niveles de Referencia Forestal y los inventarios de GEI LULUCF en la UE - Climate Change Atelier\" \/>\n<meta property=\"og:description\" content=\"Esta consultor\u00eda ten\u00eda como objetivo proporcionar asistencia t\u00e9cnica a los Estados miembros de la UE para implementar el nuevo Reglamento LULUCF (UE 2018\/841), centr\u00e1ndose en la preparaci\u00f3n de planes de acci\u00f3n forestales nacionales (NFAP), Niveles de Referencia Forestal (FRL) para 2021\u20132025 y mejoras en la notificaci\u00f3n y eliminaci\u00f3n de emisiones de gases de efecto invernadero&hellip;&nbsp;\" \/>\n<meta property=\"og:url\" content=\"https:\/\/www.ccatelier.es\/en\/apoyo-tecnico-para-el-desarrollo-de-capacidades-en-los-estados-miembros-con-el-fin-de-aplicar-niveles-de-referencia-forestales-y-mejorar-los-inventarios-de-gases-de-efecto-invernadero-tal-como-se-sol\/\" \/>\n<meta property=\"og:site_name\" content=\"Climate Change Atelier\" \/>\n<meta property=\"article:published_time\" content=\"2025-07-24T10:16:43+00:00\" \/>\n<meta property=\"article:modified_time\" content=\"2026-02-28T23:27:43+00:00\" \/>\n<meta property=\"og:image\" content=\"https:\/\/www.ccatelier.es\/wp-content\/uploads\/2025\/07\/DSC_0510.jpg\" \/>\n\t<meta property=\"og:image:width\" content=\"1920\" \/>\n\t<meta property=\"og:image:height\" content=\"1281\" \/>\n\t<meta property=\"og:image:type\" content=\"image\/jpeg\" \/>\n<meta name=\"author\" content=\"admin\" \/>\n<meta name=\"twitter:card\" content=\"summary_large_image\" \/>\n<meta name=\"twitter:label1\" content=\"Written by\" \/>\n\t<meta name=\"twitter:data1\" content=\"admin\" \/>\n\t<meta name=\"twitter:label2\" content=\"Estimated reading time\" \/>\n\t<meta name=\"twitter:data2\" content=\"2 minutes\" \/>\n<script type=\"application\/ld+json\" class=\"yoast-schema-graph\">{\"@context\":\"https:\\\/\\\/schema.org\",\"@graph\":[{\"@type\":\"Article\",\"@id\":\"https:\\\/\\\/www.ccatelier.es\\\/apoyo-tecnico-para-el-desarrollo-de-capacidades-en-los-estados-miembros-con-el-fin-de-aplicar-niveles-de-referencia-forestales-y-mejorar-los-inventarios-de-gases-de-efecto-invernadero-tal-como-se-sol\\\/#article\",\"isPartOf\":{\"@id\":\"https:\\\/\\\/www.ccatelier.es\\\/apoyo-tecnico-para-el-desarrollo-de-capacidades-en-los-estados-miembros-con-el-fin-de-aplicar-niveles-de-referencia-forestales-y-mejorar-los-inventarios-de-gases-de-efecto-invernadero-tal-como-se-sol\\\/\"},\"author\":{\"name\":\"admin\",\"@id\":\"https:\\\/\\\/www.ccatelier.es\\\/#\\\/schema\\\/person\\\/468ef15b7071978511257f3cb6a37fd7\"},\"headline\":\"Soporte t\u00e9cnico para los Niveles de Referencia Forestal y los inventarios de GEI LULUCF en la UE\",\"datePublished\":\"2025-07-24T10:16:43+00:00\",\"dateModified\":\"2026-02-28T23:27:43+00:00\",\"mainEntityOfPage\":{\"@id\":\"https:\\\/\\\/www.ccatelier.es\\\/apoyo-tecnico-para-el-desarrollo-de-capacidades-en-los-estados-miembros-con-el-fin-de-aplicar-niveles-de-referencia-forestales-y-mejorar-los-inventarios-de-gases-de-efecto-invernadero-tal-como-se-sol\\\/\"},\"wordCount\":410,\"commentCount\":0,\"image\":{\"@id\":\"https:\\\/\\\/www.ccatelier.es\\\/apoyo-tecnico-para-el-desarrollo-de-capacidades-en-los-estados-miembros-con-el-fin-de-aplicar-niveles-de-referencia-forestales-y-mejorar-los-inventarios-de-gases-de-efecto-invernadero-tal-como-se-sol\\\/#primaryimage\"},\"thumbnailUrl\":\"https:\\\/\\\/www.ccatelier.es\\\/wp-content\\\/uploads\\\/2025\\\/07\\\/DSC_0510.jpg\",\"keywords\":[\"Union Europea\"],\"articleSection\":[\"Fortalecimiento de capacidades\"],\"inLanguage\":\"en-GB\",\"potentialAction\":[{\"@type\":\"CommentAction\",\"name\":\"Comment\",\"target\":[\"https:\\\/\\\/www.ccatelier.es\\\/apoyo-tecnico-para-el-desarrollo-de-capacidades-en-los-estados-miembros-con-el-fin-de-aplicar-niveles-de-referencia-forestales-y-mejorar-los-inventarios-de-gases-de-efecto-invernadero-tal-como-se-sol\\\/#respond\"]}]},{\"@type\":\"WebPage\",\"@id\":\"https:\\\/\\\/www.ccatelier.es\\\/apoyo-tecnico-para-el-desarrollo-de-capacidades-en-los-estados-miembros-con-el-fin-de-aplicar-niveles-de-referencia-forestales-y-mejorar-los-inventarios-de-gases-de-efecto-invernadero-tal-como-se-sol\\\/\",\"url\":\"https:\\\/\\\/www.ccatelier.es\\\/apoyo-tecnico-para-el-desarrollo-de-capacidades-en-los-estados-miembros-con-el-fin-de-aplicar-niveles-de-referencia-forestales-y-mejorar-los-inventarios-de-gases-de-efecto-invernadero-tal-como-se-sol\\\/\",\"name\":\"Soporte t\u00e9cnico para los Niveles de Referencia Forestal y los inventarios de GEI LULUCF en la UE - Climate Change Atelier\",\"isPartOf\":{\"@id\":\"https:\\\/\\\/www.ccatelier.es\\\/#website\"},\"primaryImageOfPage\":{\"@id\":\"https:\\\/\\\/www.ccatelier.es\\\/apoyo-tecnico-para-el-desarrollo-de-capacidades-en-los-estados-miembros-con-el-fin-de-aplicar-niveles-de-referencia-forestales-y-mejorar-los-inventarios-de-gases-de-efecto-invernadero-tal-como-se-sol\\\/#primaryimage\"},\"image\":{\"@id\":\"https:\\\/\\\/www.ccatelier.es\\\/apoyo-tecnico-para-el-desarrollo-de-capacidades-en-los-estados-miembros-con-el-fin-de-aplicar-niveles-de-referencia-forestales-y-mejorar-los-inventarios-de-gases-de-efecto-invernadero-tal-como-se-sol\\\/#primaryimage\"},\"thumbnailUrl\":\"https:\\\/\\\/www.ccatelier.es\\\/wp-content\\\/uploads\\\/2025\\\/07\\\/DSC_0510.jpg\",\"datePublished\":\"2025-07-24T10:16:43+00:00\",\"dateModified\":\"2026-02-28T23:27:43+00:00\",\"author\":{\"@id\":\"https:\\\/\\\/www.ccatelier.es\\\/#\\\/schema\\\/person\\\/468ef15b7071978511257f3cb6a37fd7\"},\"breadcrumb\":{\"@id\":\"https:\\\/\\\/www.ccatelier.es\\\/apoyo-tecnico-para-el-desarrollo-de-capacidades-en-los-estados-miembros-con-el-fin-de-aplicar-niveles-de-referencia-forestales-y-mejorar-los-inventarios-de-gases-de-efecto-invernadero-tal-como-se-sol\\\/#breadcrumb\"},\"inLanguage\":\"en-GB\",\"potentialAction\":[{\"@type\":\"ReadAction\",\"target\":[\"https:\\\/\\\/www.ccatelier.es\\\/apoyo-tecnico-para-el-desarrollo-de-capacidades-en-los-estados-miembros-con-el-fin-de-aplicar-niveles-de-referencia-forestales-y-mejorar-los-inventarios-de-gases-de-efecto-invernadero-tal-como-se-sol\\\/\"]}]},{\"@type\":\"ImageObject\",\"inLanguage\":\"en-GB\",\"@id\":\"https:\\\/\\\/www.ccatelier.es\\\/apoyo-tecnico-para-el-desarrollo-de-capacidades-en-los-estados-miembros-con-el-fin-de-aplicar-niveles-de-referencia-forestales-y-mejorar-los-inventarios-de-gases-de-efecto-invernadero-tal-como-se-sol\\\/#primaryimage\",\"url\":\"https:\\\/\\\/www.ccatelier.es\\\/wp-content\\\/uploads\\\/2025\\\/07\\\/DSC_0510.jpg\",\"contentUrl\":\"https:\\\/\\\/www.ccatelier.es\\\/wp-content\\\/uploads\\\/2025\\\/07\\\/DSC_0510.jpg\",\"width\":1920,\"height\":1281},{\"@type\":\"BreadcrumbList\",\"@id\":\"https:\\\/\\\/www.ccatelier.es\\\/apoyo-tecnico-para-el-desarrollo-de-capacidades-en-los-estados-miembros-con-el-fin-de-aplicar-niveles-de-referencia-forestales-y-mejorar-los-inventarios-de-gases-de-efecto-invernadero-tal-como-se-sol\\\/#breadcrumb\",\"itemListElement\":[{\"@type\":\"ListItem\",\"position\":1,\"name\":\"Portada\",\"item\":\"https:\\\/\\\/www.ccatelier.es\\\/\"},{\"@type\":\"ListItem\",\"position\":2,\"name\":\"Soporte t\u00e9cnico para los Niveles de Referencia Forestal y los inventarios de GEI LULUCF en la UE\"}]},{\"@type\":\"WebSite\",\"@id\":\"https:\\\/\\\/www.ccatelier.es\\\/#website\",\"url\":\"https:\\\/\\\/www.ccatelier.es\\\/\",\"name\":\"Climate Change Atelier\",\"description\":\"Consultora especializada en cambio clim\u00e1tico, transparencia, NDCs, inventarios GEI y financiamiento clim\u00e1tico. Experiencia internacional y enfoque t\u00e9cnico adaptado.\",\"potentialAction\":[{\"@type\":\"SearchAction\",\"target\":{\"@type\":\"EntryPoint\",\"urlTemplate\":\"https:\\\/\\\/www.ccatelier.es\\\/?s={search_term_string}\"},\"query-input\":{\"@type\":\"PropertyValueSpecification\",\"valueRequired\":true,\"valueName\":\"search_term_string\"}}],\"inLanguage\":\"en-GB\"},{\"@type\":\"Person\",\"@id\":\"https:\\\/\\\/www.ccatelier.es\\\/#\\\/schema\\\/person\\\/468ef15b7071978511257f3cb6a37fd7\",\"name\":\"admin\",\"image\":{\"@type\":\"ImageObject\",\"inLanguage\":\"en-GB\",\"@id\":\"https:\\\/\\\/secure.gravatar.com\\\/avatar\\\/5e5d037f5eb89be41a2c1967d5c5b7113f430db59ccee33ae492b86c0847ab0e?s=96&d=mm&r=g\",\"url\":\"https:\\\/\\\/secure.gravatar.com\\\/avatar\\\/5e5d037f5eb89be41a2c1967d5c5b7113f430db59ccee33ae492b86c0847ab0e?s=96&d=mm&r=g\",\"contentUrl\":\"https:\\\/\\\/secure.gravatar.com\\\/avatar\\\/5e5d037f5eb89be41a2c1967d5c5b7113f430db59ccee33ae492b86c0847ab0e?s=96&d=mm&r=g\",\"caption\":\"admin\"},\"sameAs\":[\"https:\\\/\\\/www.ccatelier.es\"],\"url\":\"https:\\\/\\\/www.ccatelier.es\\\/en\\\/author\\\/admin\\\/\"}]}<\/script>\n<!-- \/ Yoast SEO plugin. -->","yoast_head_json":{"title":"Soporte t\u00e9cnico para los Niveles de Referencia Forestal y los inventarios de GEI LULUCF en la UE - Climate Change Atelier","robots":{"index":"index","follow":"follow","max-snippet":"max-snippet:-1","max-image-preview":"max-image-preview:large","max-video-preview":"max-video-preview:-1"},"canonical":"https:\/\/www.ccatelier.es\/en\/apoyo-tecnico-para-el-desarrollo-de-capacidades-en-los-estados-miembros-con-el-fin-de-aplicar-niveles-de-referencia-forestales-y-mejorar-los-inventarios-de-gases-de-efecto-invernadero-tal-como-se-sol\/","og_locale":"en_GB","og_type":"article","og_title":"Soporte t\u00e9cnico para los Niveles de Referencia Forestal y los inventarios de GEI LULUCF en la UE - Climate Change Atelier","og_description":"Esta consultor\u00eda ten\u00eda como objetivo proporcionar asistencia t\u00e9cnica a los Estados miembros de la UE para implementar el nuevo Reglamento LULUCF (UE 2018\/841), centr\u00e1ndose en la preparaci\u00f3n de planes de acci\u00f3n forestales nacionales (NFAP), Niveles de Referencia Forestal (FRL) para 2021\u20132025 y mejoras en la notificaci\u00f3n y eliminaci\u00f3n de emisiones de gases de efecto invernadero&hellip;&nbsp;","og_url":"https:\/\/www.ccatelier.es\/en\/apoyo-tecnico-para-el-desarrollo-de-capacidades-en-los-estados-miembros-con-el-fin-de-aplicar-niveles-de-referencia-forestales-y-mejorar-los-inventarios-de-gases-de-efecto-invernadero-tal-como-se-sol\/","og_site_name":"Climate Change Atelier","article_published_time":"2025-07-24T10:16:43+00:00","article_modified_time":"2026-02-28T23:27:43+00:00","og_image":[{"width":1920,"height":1281,"url":"https:\/\/www.ccatelier.es\/wp-content\/uploads\/2025\/07\/DSC_0510.jpg","type":"image\/jpeg"}],"author":"admin","twitter_card":"summary_large_image","twitter_misc":{"Written by":"admin","Estimated reading time":"2 minutes"},"schema":{"@context":"https:\/\/schema.org","@graph":[{"@type":"Article","@id":"https:\/\/www.ccatelier.es\/apoyo-tecnico-para-el-desarrollo-de-capacidades-en-los-estados-miembros-con-el-fin-de-aplicar-niveles-de-referencia-forestales-y-mejorar-los-inventarios-de-gases-de-efecto-invernadero-tal-como-se-sol\/#article","isPartOf":{"@id":"https:\/\/www.ccatelier.es\/apoyo-tecnico-para-el-desarrollo-de-capacidades-en-los-estados-miembros-con-el-fin-de-aplicar-niveles-de-referencia-forestales-y-mejorar-los-inventarios-de-gases-de-efecto-invernadero-tal-como-se-sol\/"},"author":{"name":"admin","@id":"https:\/\/www.ccatelier.es\/#\/schema\/person\/468ef15b7071978511257f3cb6a37fd7"},"headline":"Soporte t\u00e9cnico para los Niveles de Referencia Forestal y los inventarios de GEI LULUCF en la UE","datePublished":"2025-07-24T10:16:43+00:00","dateModified":"2026-02-28T23:27:43+00:00","mainEntityOfPage":{"@id":"https:\/\/www.ccatelier.es\/apoyo-tecnico-para-el-desarrollo-de-capacidades-en-los-estados-miembros-con-el-fin-de-aplicar-niveles-de-referencia-forestales-y-mejorar-los-inventarios-de-gases-de-efecto-invernadero-tal-como-se-sol\/"},"wordCount":410,"commentCount":0,"image":{"@id":"https:\/\/www.ccatelier.es\/apoyo-tecnico-para-el-desarrollo-de-capacidades-en-los-estados-miembros-con-el-fin-de-aplicar-niveles-de-referencia-forestales-y-mejorar-los-inventarios-de-gases-de-efecto-invernadero-tal-como-se-sol\/#primaryimage"},"thumbnailUrl":"https:\/\/www.ccatelier.es\/wp-content\/uploads\/2025\/07\/DSC_0510.jpg","keywords":["Union Europea"],"articleSection":["Fortalecimiento de capacidades"],"inLanguage":"en-GB","potentialAction":[{"@type":"CommentAction","name":"Comment","target":["https:\/\/www.ccatelier.es\/apoyo-tecnico-para-el-desarrollo-de-capacidades-en-los-estados-miembros-con-el-fin-de-aplicar-niveles-de-referencia-forestales-y-mejorar-los-inventarios-de-gases-de-efecto-invernadero-tal-como-se-sol\/#respond"]}]},{"@type":"WebPage","@id":"https:\/\/www.ccatelier.es\/apoyo-tecnico-para-el-desarrollo-de-capacidades-en-los-estados-miembros-con-el-fin-de-aplicar-niveles-de-referencia-forestales-y-mejorar-los-inventarios-de-gases-de-efecto-invernadero-tal-como-se-sol\/","url":"https:\/\/www.ccatelier.es\/apoyo-tecnico-para-el-desarrollo-de-capacidades-en-los-estados-miembros-con-el-fin-de-aplicar-niveles-de-referencia-forestales-y-mejorar-los-inventarios-de-gases-de-efecto-invernadero-tal-como-se-sol\/","name":"Soporte t\u00e9cnico para los Niveles de Referencia Forestal y los inventarios de GEI LULUCF en la UE - Climate Change Atelier","isPartOf":{"@id":"https:\/\/www.ccatelier.es\/#website"},"primaryImageOfPage":{"@id":"https:\/\/www.ccatelier.es\/apoyo-tecnico-para-el-desarrollo-de-capacidades-en-los-estados-miembros-con-el-fin-de-aplicar-niveles-de-referencia-forestales-y-mejorar-los-inventarios-de-gases-de-efecto-invernadero-tal-como-se-sol\/#primaryimage"},"image":{"@id":"https:\/\/www.ccatelier.es\/apoyo-tecnico-para-el-desarrollo-de-capacidades-en-los-estados-miembros-con-el-fin-de-aplicar-niveles-de-referencia-forestales-y-mejorar-los-inventarios-de-gases-de-efecto-invernadero-tal-como-se-sol\/#primaryimage"},"thumbnailUrl":"https:\/\/www.ccatelier.es\/wp-content\/uploads\/2025\/07\/DSC_0510.jpg","datePublished":"2025-07-24T10:16:43+00:00","dateModified":"2026-02-28T23:27:43+00:00","author":{"@id":"https:\/\/www.ccatelier.es\/#\/schema\/person\/468ef15b7071978511257f3cb6a37fd7"},"breadcrumb":{"@id":"https:\/\/www.ccatelier.es\/apoyo-tecnico-para-el-desarrollo-de-capacidades-en-los-estados-miembros-con-el-fin-de-aplicar-niveles-de-referencia-forestales-y-mejorar-los-inventarios-de-gases-de-efecto-invernadero-tal-como-se-sol\/#breadcrumb"},"inLanguage":"en-GB","potentialAction":[{"@type":"ReadAction","target":["https:\/\/www.ccatelier.es\/apoyo-tecnico-para-el-desarrollo-de-capacidades-en-los-estados-miembros-con-el-fin-de-aplicar-niveles-de-referencia-forestales-y-mejorar-los-inventarios-de-gases-de-efecto-invernadero-tal-como-se-sol\/"]}]},{"@type":"ImageObject","inLanguage":"en-GB","@id":"https:\/\/www.ccatelier.es\/apoyo-tecnico-para-el-desarrollo-de-capacidades-en-los-estados-miembros-con-el-fin-de-aplicar-niveles-de-referencia-forestales-y-mejorar-los-inventarios-de-gases-de-efecto-invernadero-tal-como-se-sol\/#primaryimage","url":"https:\/\/www.ccatelier.es\/wp-content\/uploads\/2025\/07\/DSC_0510.jpg","contentUrl":"https:\/\/www.ccatelier.es\/wp-content\/uploads\/2025\/07\/DSC_0510.jpg","width":1920,"height":1281},{"@type":"BreadcrumbList","@id":"https:\/\/www.ccatelier.es\/apoyo-tecnico-para-el-desarrollo-de-capacidades-en-los-estados-miembros-con-el-fin-de-aplicar-niveles-de-referencia-forestales-y-mejorar-los-inventarios-de-gases-de-efecto-invernadero-tal-como-se-sol\/#breadcrumb","itemListElement":[{"@type":"ListItem","position":1,"name":"Portada","item":"https:\/\/www.ccatelier.es\/"},{"@type":"ListItem","position":2,"name":"Soporte t\u00e9cnico para los Niveles de Referencia Forestal y los inventarios de GEI LULUCF en la UE"}]},{"@type":"WebSite","@id":"https:\/\/www.ccatelier.es\/#website","url":"https:\/\/www.ccatelier.es\/","name":"Climate Change Atelier","description":"Consultora especializada en cambio clim\u00e1tico, transparencia, NDCs, inventarios GEI y financiamiento clim\u00e1tico. Experiencia internacional y enfoque t\u00e9cnico adaptado.","potentialAction":[{"@type":"SearchAction","target":{"@type":"EntryPoint","urlTemplate":"https:\/\/www.ccatelier.es\/?s={search_term_string}"},"query-input":{"@type":"PropertyValueSpecification","valueRequired":true,"valueName":"search_term_string"}}],"inLanguage":"en-GB"},{"@type":"Person","@id":"https:\/\/www.ccatelier.es\/#\/schema\/person\/468ef15b7071978511257f3cb6a37fd7","name":"admin","image":{"@type":"ImageObject","inLanguage":"en-GB","@id":"https:\/\/secure.gravatar.com\/avatar\/5e5d037f5eb89be41a2c1967d5c5b7113f430db59ccee33ae492b86c0847ab0e?s=96&d=mm&r=g","url":"https:\/\/secure.gravatar.com\/avatar\/5e5d037f5eb89be41a2c1967d5c5b7113f430db59ccee33ae492b86c0847ab0e?s=96&d=mm&r=g","contentUrl":"https:\/\/secure.gravatar.com\/avatar\/5e5d037f5eb89be41a2c1967d5c5b7113f430db59ccee33ae492b86c0847ab0e?s=96&d=mm&r=g","caption":"admin"},"sameAs":["https:\/\/www.ccatelier.es"],"url":"https:\/\/www.ccatelier.es\/en\/author\/admin\/"}]}},"_links":{"self":[{"href":"https:\/\/www.ccatelier.es\/en\/wp-json\/wp\/v2\/posts\/433","targetHints":{"allow":["GET"]}}],"collection":[{"href":"https:\/\/www.ccatelier.es\/en\/wp-json\/wp\/v2\/posts"}],"about":[{"href":"https:\/\/www.ccatelier.es\/en\/wp-json\/wp\/v2\/types\/post"}],"author":[{"embeddable":true,"href":"https:\/\/www.ccatelier.es\/en\/wp-json\/wp\/v2\/users\/1"}],"replies":[{"embeddable":true,"href":"https:\/\/www.ccatelier.es\/en\/wp-json\/wp\/v2\/comments?post=433"}],"version-history":[{"count":8,"href":"https:\/\/www.ccatelier.es\/en\/wp-json\/wp\/v2\/posts\/433\/revisions"}],"predecessor-version":[{"id":1809,"href":"https:\/\/www.ccatelier.es\/en\/wp-json\/wp\/v2\/posts\/433\/revisions\/1809"}],"wp:featuredmedia":[{"embeddable":true,"href":"https:\/\/www.ccatelier.es\/en\/wp-json\/wp\/v2\/media\/434"}],"wp:attachment":[{"href":"https:\/\/www.ccatelier.es\/en\/wp-json\/wp\/v2\/media?parent=433"}],"wp:term":[{"taxonomy":"category","embeddable":true,"href":"https:\/\/www.ccatelier.es\/en\/wp-json\/wp\/v2\/categories?post=433"},{"taxonomy":"post_tag","embeddable":true,"href":"https:\/\/www.ccatelier.es\/en\/wp-json\/wp\/v2\/tags?post=433"}],"curies":[{"name":"wp","href":"https:\/\/api.w.org\/{rel}","templated":true}]}}