{"id":430,"date":"2025-07-24T10:15:50","date_gmt":"2025-07-24T10:15:50","guid":{"rendered":"https:\/\/www.ccatelier.es\/?p=430"},"modified":"2026-02-28T23:29:04","modified_gmt":"2026-02-28T23:29:04","slug":"consultoria-para-el-desarrollo-de-un-modelo-de-estimacion-del-nivel-de-referencia-forestal-frl-de-espana-para-el-periodo-2021-2025","status":"publish","type":"post","link":"https:\/\/www.ccatelier.es\/en\/consultoria-para-el-desarrollo-de-un-modelo-de-estimacion-del-nivel-de-referencia-forestal-frl-de-espana-para-el-periodo-2021-2025\/","title":{"rendered":"Desarrollo del modelo de Nivel de Referencia Forestal de Espa\u00f1a para 2021\u20132025"},"content":{"rendered":"<div data-elementor-type=\"wp-post\" data-elementor-id=\"430\" class=\"elementor elementor-430\" data-elementor-post-type=\"post\">\n\t\t\t\t<div class=\"elementor-element elementor-element-54864938 e-flex e-con-boxed e-con e-parent\" data-id=\"54864938\" data-element_type=\"container\" data-e-type=\"container\">\n\t\t\t\t\t<div class=\"e-con-inner\">\n\t\t\t\t<div class=\"elementor-element elementor-element-68fc5be elementor-widget elementor-widget-text-editor\" data-id=\"68fc5be\" data-element_type=\"widget\" data-e-type=\"widget\" data-widget_type=\"text-editor.default\">\n\t\t\t\t<div class=\"elementor-widget-container\">\n\t\t\t\t\t\t\t\t\t<p>Apoyo t\u00e9cnico a la Direcci\u00f3n General de Calidad y Evaluaci\u00f3n Ambiental y Medio Natural (DGCEAyMN) para el desarrollo e implementaci\u00f3n de un modelo nacional de c\u00e1lculo que establezca el Nivel de Referencia Forestal (FRL) de Espa\u00f1a para el periodo 2021\u20132025, de acuerdo con el Reglamento (UE) 2018\/841 sobre LULUCF. La tarea se centr\u00f3 en garantizar la solidez metodol\u00f3gica, transparencia y plena coherencia con el Sistema Nacional Espa\u00f1ol de GHG y las normas contables relevantes de la UE. El proyecto implic\u00f3 la integraci\u00f3n de datos de sucesivos Inventarios Forestales Nacionales (IFN2, IFN3 e IFN4), el an\u00e1lisis de pr\u00e1cticas hist\u00f3ricas de gesti\u00f3n forestal y niveles de tala durante el periodo de referencia, y la aplicaci\u00f3n de modelos de crecimiento y rendimiento adecuados para los diversos ecosistemas forestales de Espa\u00f1a. Se prest\u00f3 especial atenci\u00f3n a garantizar la coherencia entre las proyecciones de FRL y las emisiones y eliminaciones hist\u00f3ricas reportadas, as\u00ed como a la documentaci\u00f3n de supuestos, fuentes de datos y opciones de modelizaci\u00f3n.<br \/><br \/><strong>Project Title<\/strong>: Consultor\u00eda para el desarrollo de un modelo que estime el Nivel de Referencia Forestal (FRL) de Espa\u00f1a para el periodo 2021-2025<br \/><strong>Typology<\/strong>Mitigation and technical reviews<br \/><strong>Region:<\/strong> Europe<br \/><strong>Country:<\/strong> Spain<br \/><strong>Customer:<\/strong> Ministry of Environment<br \/><strong>Period:<\/strong> 29\/07\/2018-30\/11\/2018<br \/><br \/><strong>Activities performed:<\/strong> <br \/>&#8211; Compilar, procesar y armonizar datos de sucesivos Inventarios Forestales Nacionales (IFN2, IFN3 e IFN4) para generar conjuntos de datos de entrada consistentes para la modelizaci\u00f3n FRL.<br \/>&#8211; Analiz\u00f3 las pr\u00e1cticas hist\u00f3ricas de gesti\u00f3n forestal, las tasas de tala y la din\u00e1mica de las \u00e1reas forestales, con un enfoque espec\u00edfico en el periodo de referencia 2000\u20132009.<br \/>&#8211; Dise\u00f1\u00f3 e implement\u00f3 un marco nacional de estratificaci\u00f3n forestal basado en especies, regiones clim\u00e1ticas y reg\u00edmenes de gesti\u00f3n, en coordinaci\u00f3n con las autoridades nacionales competentes.<br \/>&#8211; Seleccionar, desarrollar y aplicar metodolog\u00edas de c\u00e1lculo y modelos de crecimiento para estimar la din\u00e1mica de la biomasa de bosques vivos para el periodo 2000\u20132025.<br \/>&#8211; Evaluar el rendimiento del modelo mediante comparaci\u00f3n con los datos oficiales del Inventario Nacional de GEI y implementar procedimientos de ajuste para mejorar la consistencia y precisi\u00f3n.<br \/>&#8211; Definir las condiciones l\u00edmite para las proyecciones futuras, incluyendo las intensidades de tala y las suposiciones sobre la superficie forestal, y realizar los c\u00e1lculos finales de la FRL de Espa\u00f1a para 2021\u20132025.<br \/>&#8211; Prepar\u00f3 el informe t\u00e9cnico final que garantizaba transparencia, justificaci\u00f3n metodol\u00f3gica y trazabilidad de todas las suposiciones, fuentes de datos y resultados.<\/p>\t\t\t\t\t\t\t\t<\/div>\n\t\t\t\t<\/div>\n\t\t\t\t\t<\/div>\n\t\t\t\t<\/div>\n\t\t\t\t<\/div>","protected":false},"excerpt":{"rendered":"<p>Apoyo t\u00e9cnico a la Direcci\u00f3n General de Calidad y Evaluaci\u00f3n Ambiental y Medio Natural (DGCEAyMN) para el desarrollo e implementaci\u00f3n de un modelo nacional de c\u00e1lculo que establezca el Nivel de Referencia Forestal (FRL) de Espa\u00f1a para el periodo 2021\u20132025, de acuerdo con el Reglamento (UE) 2018\/841 sobre LULUCF. La tarea se centr\u00f3 en garantizar&hellip;&nbsp;<\/p>","protected":false},"author":1,"featured_media":431,"comment_status":"open","ping_status":"open","sticky":false,"template":"","format":"standard","meta":{"_acf_changed":false,"neve_meta_sidebar":"","neve_meta_container":"","neve_meta_enable_content_width":"off","neve_meta_content_width":70,"neve_meta_title_alignment":"","neve_meta_author_avatar":"","neve_post_elements_order":"","neve_meta_disable_header":"","neve_meta_disable_footer":"","neve_meta_disable_title":"","footnotes":""},"categories":[14],"tags":[71],"class_list":["post-430","post","type-post","status-publish","format-standard","has-post-thumbnail","hentry","category-mitigacion","tag-espana"],"acf":[],"yoast_head":"<!-- This site is optimized with the Yoast SEO plugin v27.4 - https:\/\/yoast.com\/product\/yoast-seo-wordpress\/ -->\n<title>Desarrollo del modelo de Nivel de Referencia Forestal de Espa\u00f1a para 2021\u20132025 - Climate Change Atelier<\/title>\n<meta name=\"robots\" content=\"index, follow, max-snippet:-1, max-image-preview:large, max-video-preview:-1\" \/>\n<link rel=\"canonical\" href=\"https:\/\/www.ccatelier.es\/en\/consultoria-para-el-desarrollo-de-un-modelo-de-estimacion-del-nivel-de-referencia-forestal-frl-de-espana-para-el-periodo-2021-2025\/\" \/>\n<meta property=\"og:locale\" content=\"en_GB\" \/>\n<meta property=\"og:type\" content=\"article\" \/>\n<meta property=\"og:title\" content=\"Desarrollo del modelo de Nivel de Referencia Forestal de Espa\u00f1a para 2021\u20132025 - Climate Change Atelier\" \/>\n<meta property=\"og:description\" content=\"Apoyo t\u00e9cnico a la Direcci\u00f3n General de Calidad y Evaluaci\u00f3n Ambiental y Medio Natural (DGCEAyMN) para el desarrollo e implementaci\u00f3n de un modelo nacional de c\u00e1lculo que establezca el Nivel de Referencia Forestal (FRL) de Espa\u00f1a para el periodo 2021\u20132025, de acuerdo con el Reglamento (UE) 2018\/841 sobre LULUCF. La tarea se centr\u00f3 en garantizar&hellip;&nbsp;\" \/>\n<meta property=\"og:url\" content=\"https:\/\/www.ccatelier.es\/en\/consultoria-para-el-desarrollo-de-un-modelo-de-estimacion-del-nivel-de-referencia-forestal-frl-de-espana-para-el-periodo-2021-2025\/\" \/>\n<meta property=\"og:site_name\" content=\"Climate Change Atelier\" \/>\n<meta property=\"article:published_time\" content=\"2025-07-24T10:15:50+00:00\" \/>\n<meta property=\"article:modified_time\" content=\"2026-02-28T23:29:04+00:00\" \/>\n<meta property=\"og:image\" content=\"https:\/\/www.ccatelier.es\/wp-content\/uploads\/2025\/07\/1988614988-FF-REFORESTACION-BOSQUE-DIETRICH-LEPPERT-WEB-SHUTTERSTOCK.jpg\" \/>\n\t<meta property=\"og:image:width\" content=\"1920\" \/>\n\t<meta property=\"og:image:height\" content=\"1080\" \/>\n\t<meta property=\"og:image:type\" content=\"image\/jpeg\" \/>\n<meta name=\"author\" content=\"admin\" \/>\n<meta name=\"twitter:card\" content=\"summary_large_image\" \/>\n<meta name=\"twitter:label1\" content=\"Written by\" \/>\n\t<meta name=\"twitter:data1\" content=\"admin\" \/>\n\t<meta name=\"twitter:label2\" content=\"Estimated reading time\" \/>\n\t<meta name=\"twitter:data2\" content=\"2 minutes\" \/>\n<script type=\"application\/ld+json\" class=\"yoast-schema-graph\">{\"@context\":\"https:\\\/\\\/schema.org\",\"@graph\":[{\"@type\":\"Article\",\"@id\":\"https:\\\/\\\/www.ccatelier.es\\\/consultoria-para-el-desarrollo-de-un-modelo-de-estimacion-del-nivel-de-referencia-forestal-frl-de-espana-para-el-periodo-2021-2025\\\/#article\",\"isPartOf\":{\"@id\":\"https:\\\/\\\/www.ccatelier.es\\\/consultoria-para-el-desarrollo-de-un-modelo-de-estimacion-del-nivel-de-referencia-forestal-frl-de-espana-para-el-periodo-2021-2025\\\/\"},\"author\":{\"name\":\"admin\",\"@id\":\"https:\\\/\\\/www.ccatelier.es\\\/#\\\/schema\\\/person\\\/468ef15b7071978511257f3cb6a37fd7\"},\"headline\":\"Desarrollo del modelo de Nivel de Referencia Forestal de Espa\u00f1a para 2021\u20132025\",\"datePublished\":\"2025-07-24T10:15:50+00:00\",\"dateModified\":\"2026-02-28T23:29:04+00:00\",\"mainEntityOfPage\":{\"@id\":\"https:\\\/\\\/www.ccatelier.es\\\/consultoria-para-el-desarrollo-de-un-modelo-de-estimacion-del-nivel-de-referencia-forestal-frl-de-espana-para-el-periodo-2021-2025\\\/\"},\"wordCount\":449,\"commentCount\":0,\"image\":{\"@id\":\"https:\\\/\\\/www.ccatelier.es\\\/consultoria-para-el-desarrollo-de-un-modelo-de-estimacion-del-nivel-de-referencia-forestal-frl-de-espana-para-el-periodo-2021-2025\\\/#primaryimage\"},\"thumbnailUrl\":\"https:\\\/\\\/www.ccatelier.es\\\/wp-content\\\/uploads\\\/2025\\\/07\\\/1988614988-FF-REFORESTACION-BOSQUE-DIETRICH-LEPPERT-WEB-SHUTTERSTOCK.jpg\",\"keywords\":[\"Espa\u00f1a\"],\"articleSection\":[\"Mitigaci\u00f3n y revisiones t\u00e9cnicas\"],\"inLanguage\":\"en-GB\",\"potentialAction\":[{\"@type\":\"CommentAction\",\"name\":\"Comment\",\"target\":[\"https:\\\/\\\/www.ccatelier.es\\\/consultoria-para-el-desarrollo-de-un-modelo-de-estimacion-del-nivel-de-referencia-forestal-frl-de-espana-para-el-periodo-2021-2025\\\/#respond\"]}]},{\"@type\":\"WebPage\",\"@id\":\"https:\\\/\\\/www.ccatelier.es\\\/consultoria-para-el-desarrollo-de-un-modelo-de-estimacion-del-nivel-de-referencia-forestal-frl-de-espana-para-el-periodo-2021-2025\\\/\",\"url\":\"https:\\\/\\\/www.ccatelier.es\\\/consultoria-para-el-desarrollo-de-un-modelo-de-estimacion-del-nivel-de-referencia-forestal-frl-de-espana-para-el-periodo-2021-2025\\\/\",\"name\":\"Desarrollo del modelo de Nivel de Referencia Forestal de Espa\u00f1a para 2021\u20132025 - Climate Change Atelier\",\"isPartOf\":{\"@id\":\"https:\\\/\\\/www.ccatelier.es\\\/#website\"},\"primaryImageOfPage\":{\"@id\":\"https:\\\/\\\/www.ccatelier.es\\\/consultoria-para-el-desarrollo-de-un-modelo-de-estimacion-del-nivel-de-referencia-forestal-frl-de-espana-para-el-periodo-2021-2025\\\/#primaryimage\"},\"image\":{\"@id\":\"https:\\\/\\\/www.ccatelier.es\\\/consultoria-para-el-desarrollo-de-un-modelo-de-estimacion-del-nivel-de-referencia-forestal-frl-de-espana-para-el-periodo-2021-2025\\\/#primaryimage\"},\"thumbnailUrl\":\"https:\\\/\\\/www.ccatelier.es\\\/wp-content\\\/uploads\\\/2025\\\/07\\\/1988614988-FF-REFORESTACION-BOSQUE-DIETRICH-LEPPERT-WEB-SHUTTERSTOCK.jpg\",\"datePublished\":\"2025-07-24T10:15:50+00:00\",\"dateModified\":\"2026-02-28T23:29:04+00:00\",\"author\":{\"@id\":\"https:\\\/\\\/www.ccatelier.es\\\/#\\\/schema\\\/person\\\/468ef15b7071978511257f3cb6a37fd7\"},\"breadcrumb\":{\"@id\":\"https:\\\/\\\/www.ccatelier.es\\\/consultoria-para-el-desarrollo-de-un-modelo-de-estimacion-del-nivel-de-referencia-forestal-frl-de-espana-para-el-periodo-2021-2025\\\/#breadcrumb\"},\"inLanguage\":\"en-GB\",\"potentialAction\":[{\"@type\":\"ReadAction\",\"target\":[\"https:\\\/\\\/www.ccatelier.es\\\/consultoria-para-el-desarrollo-de-un-modelo-de-estimacion-del-nivel-de-referencia-forestal-frl-de-espana-para-el-periodo-2021-2025\\\/\"]}]},{\"@type\":\"ImageObject\",\"inLanguage\":\"en-GB\",\"@id\":\"https:\\\/\\\/www.ccatelier.es\\\/consultoria-para-el-desarrollo-de-un-modelo-de-estimacion-del-nivel-de-referencia-forestal-frl-de-espana-para-el-periodo-2021-2025\\\/#primaryimage\",\"url\":\"https:\\\/\\\/www.ccatelier.es\\\/wp-content\\\/uploads\\\/2025\\\/07\\\/1988614988-FF-REFORESTACION-BOSQUE-DIETRICH-LEPPERT-WEB-SHUTTERSTOCK.jpg\",\"contentUrl\":\"https:\\\/\\\/www.ccatelier.es\\\/wp-content\\\/uploads\\\/2025\\\/07\\\/1988614988-FF-REFORESTACION-BOSQUE-DIETRICH-LEPPERT-WEB-SHUTTERSTOCK.jpg\",\"width\":1920,\"height\":1080},{\"@type\":\"BreadcrumbList\",\"@id\":\"https:\\\/\\\/www.ccatelier.es\\\/consultoria-para-el-desarrollo-de-un-modelo-de-estimacion-del-nivel-de-referencia-forestal-frl-de-espana-para-el-periodo-2021-2025\\\/#breadcrumb\",\"itemListElement\":[{\"@type\":\"ListItem\",\"position\":1,\"name\":\"Portada\",\"item\":\"https:\\\/\\\/www.ccatelier.es\\\/\"},{\"@type\":\"ListItem\",\"position\":2,\"name\":\"Desarrollo del modelo de Nivel de Referencia Forestal de Espa\u00f1a para 2021\u20132025\"}]},{\"@type\":\"WebSite\",\"@id\":\"https:\\\/\\\/www.ccatelier.es\\\/#website\",\"url\":\"https:\\\/\\\/www.ccatelier.es\\\/\",\"name\":\"Climate Change Atelier\",\"description\":\"Consultora especializada en cambio clim\u00e1tico, transparencia, NDCs, inventarios GEI y financiamiento clim\u00e1tico. Experiencia internacional y enfoque t\u00e9cnico adaptado.\",\"potentialAction\":[{\"@type\":\"SearchAction\",\"target\":{\"@type\":\"EntryPoint\",\"urlTemplate\":\"https:\\\/\\\/www.ccatelier.es\\\/?s={search_term_string}\"},\"query-input\":{\"@type\":\"PropertyValueSpecification\",\"valueRequired\":true,\"valueName\":\"search_term_string\"}}],\"inLanguage\":\"en-GB\"},{\"@type\":\"Person\",\"@id\":\"https:\\\/\\\/www.ccatelier.es\\\/#\\\/schema\\\/person\\\/468ef15b7071978511257f3cb6a37fd7\",\"name\":\"admin\",\"image\":{\"@type\":\"ImageObject\",\"inLanguage\":\"en-GB\",\"@id\":\"https:\\\/\\\/secure.gravatar.com\\\/avatar\\\/5e5d037f5eb89be41a2c1967d5c5b7113f430db59ccee33ae492b86c0847ab0e?s=96&d=mm&r=g\",\"url\":\"https:\\\/\\\/secure.gravatar.com\\\/avatar\\\/5e5d037f5eb89be41a2c1967d5c5b7113f430db59ccee33ae492b86c0847ab0e?s=96&d=mm&r=g\",\"contentUrl\":\"https:\\\/\\\/secure.gravatar.com\\\/avatar\\\/5e5d037f5eb89be41a2c1967d5c5b7113f430db59ccee33ae492b86c0847ab0e?s=96&d=mm&r=g\",\"caption\":\"admin\"},\"sameAs\":[\"https:\\\/\\\/www.ccatelier.es\"],\"url\":\"https:\\\/\\\/www.ccatelier.es\\\/en\\\/author\\\/admin\\\/\"}]}<\/script>\n<!-- \/ Yoast SEO plugin. -->","yoast_head_json":{"title":"Desarrollo del modelo de Nivel de Referencia Forestal de Espa\u00f1a para 2021\u20132025 - Climate Change Atelier","robots":{"index":"index","follow":"follow","max-snippet":"max-snippet:-1","max-image-preview":"max-image-preview:large","max-video-preview":"max-video-preview:-1"},"canonical":"https:\/\/www.ccatelier.es\/en\/consultoria-para-el-desarrollo-de-un-modelo-de-estimacion-del-nivel-de-referencia-forestal-frl-de-espana-para-el-periodo-2021-2025\/","og_locale":"en_GB","og_type":"article","og_title":"Desarrollo del modelo de Nivel de Referencia Forestal de Espa\u00f1a para 2021\u20132025 - Climate Change Atelier","og_description":"Apoyo t\u00e9cnico a la Direcci\u00f3n General de Calidad y Evaluaci\u00f3n Ambiental y Medio Natural (DGCEAyMN) para el desarrollo e implementaci\u00f3n de un modelo nacional de c\u00e1lculo que establezca el Nivel de Referencia Forestal (FRL) de Espa\u00f1a para el periodo 2021\u20132025, de acuerdo con el Reglamento (UE) 2018\/841 sobre LULUCF. La tarea se centr\u00f3 en garantizar&hellip;&nbsp;","og_url":"https:\/\/www.ccatelier.es\/en\/consultoria-para-el-desarrollo-de-un-modelo-de-estimacion-del-nivel-de-referencia-forestal-frl-de-espana-para-el-periodo-2021-2025\/","og_site_name":"Climate Change Atelier","article_published_time":"2025-07-24T10:15:50+00:00","article_modified_time":"2026-02-28T23:29:04+00:00","og_image":[{"width":1920,"height":1080,"url":"https:\/\/www.ccatelier.es\/wp-content\/uploads\/2025\/07\/1988614988-FF-REFORESTACION-BOSQUE-DIETRICH-LEPPERT-WEB-SHUTTERSTOCK.jpg","type":"image\/jpeg"}],"author":"admin","twitter_card":"summary_large_image","twitter_misc":{"Written by":"admin","Estimated reading time":"2 minutes"},"schema":{"@context":"https:\/\/schema.org","@graph":[{"@type":"Article","@id":"https:\/\/www.ccatelier.es\/consultoria-para-el-desarrollo-de-un-modelo-de-estimacion-del-nivel-de-referencia-forestal-frl-de-espana-para-el-periodo-2021-2025\/#article","isPartOf":{"@id":"https:\/\/www.ccatelier.es\/consultoria-para-el-desarrollo-de-un-modelo-de-estimacion-del-nivel-de-referencia-forestal-frl-de-espana-para-el-periodo-2021-2025\/"},"author":{"name":"admin","@id":"https:\/\/www.ccatelier.es\/#\/schema\/person\/468ef15b7071978511257f3cb6a37fd7"},"headline":"Desarrollo del modelo de Nivel de Referencia Forestal de Espa\u00f1a para 2021\u20132025","datePublished":"2025-07-24T10:15:50+00:00","dateModified":"2026-02-28T23:29:04+00:00","mainEntityOfPage":{"@id":"https:\/\/www.ccatelier.es\/consultoria-para-el-desarrollo-de-un-modelo-de-estimacion-del-nivel-de-referencia-forestal-frl-de-espana-para-el-periodo-2021-2025\/"},"wordCount":449,"commentCount":0,"image":{"@id":"https:\/\/www.ccatelier.es\/consultoria-para-el-desarrollo-de-un-modelo-de-estimacion-del-nivel-de-referencia-forestal-frl-de-espana-para-el-periodo-2021-2025\/#primaryimage"},"thumbnailUrl":"https:\/\/www.ccatelier.es\/wp-content\/uploads\/2025\/07\/1988614988-FF-REFORESTACION-BOSQUE-DIETRICH-LEPPERT-WEB-SHUTTERSTOCK.jpg","keywords":["Espa\u00f1a"],"articleSection":["Mitigaci\u00f3n y revisiones t\u00e9cnicas"],"inLanguage":"en-GB","potentialAction":[{"@type":"CommentAction","name":"Comment","target":["https:\/\/www.ccatelier.es\/consultoria-para-el-desarrollo-de-un-modelo-de-estimacion-del-nivel-de-referencia-forestal-frl-de-espana-para-el-periodo-2021-2025\/#respond"]}]},{"@type":"WebPage","@id":"https:\/\/www.ccatelier.es\/consultoria-para-el-desarrollo-de-un-modelo-de-estimacion-del-nivel-de-referencia-forestal-frl-de-espana-para-el-periodo-2021-2025\/","url":"https:\/\/www.ccatelier.es\/consultoria-para-el-desarrollo-de-un-modelo-de-estimacion-del-nivel-de-referencia-forestal-frl-de-espana-para-el-periodo-2021-2025\/","name":"Desarrollo del modelo de Nivel de Referencia Forestal de Espa\u00f1a para 2021\u20132025 - Climate Change Atelier","isPartOf":{"@id":"https:\/\/www.ccatelier.es\/#website"},"primaryImageOfPage":{"@id":"https:\/\/www.ccatelier.es\/consultoria-para-el-desarrollo-de-un-modelo-de-estimacion-del-nivel-de-referencia-forestal-frl-de-espana-para-el-periodo-2021-2025\/#primaryimage"},"image":{"@id":"https:\/\/www.ccatelier.es\/consultoria-para-el-desarrollo-de-un-modelo-de-estimacion-del-nivel-de-referencia-forestal-frl-de-espana-para-el-periodo-2021-2025\/#primaryimage"},"thumbnailUrl":"https:\/\/www.ccatelier.es\/wp-content\/uploads\/2025\/07\/1988614988-FF-REFORESTACION-BOSQUE-DIETRICH-LEPPERT-WEB-SHUTTERSTOCK.jpg","datePublished":"2025-07-24T10:15:50+00:00","dateModified":"2026-02-28T23:29:04+00:00","author":{"@id":"https:\/\/www.ccatelier.es\/#\/schema\/person\/468ef15b7071978511257f3cb6a37fd7"},"breadcrumb":{"@id":"https:\/\/www.ccatelier.es\/consultoria-para-el-desarrollo-de-un-modelo-de-estimacion-del-nivel-de-referencia-forestal-frl-de-espana-para-el-periodo-2021-2025\/#breadcrumb"},"inLanguage":"en-GB","potentialAction":[{"@type":"ReadAction","target":["https:\/\/www.ccatelier.es\/consultoria-para-el-desarrollo-de-un-modelo-de-estimacion-del-nivel-de-referencia-forestal-frl-de-espana-para-el-periodo-2021-2025\/"]}]},{"@type":"ImageObject","inLanguage":"en-GB","@id":"https:\/\/www.ccatelier.es\/consultoria-para-el-desarrollo-de-un-modelo-de-estimacion-del-nivel-de-referencia-forestal-frl-de-espana-para-el-periodo-2021-2025\/#primaryimage","url":"https:\/\/www.ccatelier.es\/wp-content\/uploads\/2025\/07\/1988614988-FF-REFORESTACION-BOSQUE-DIETRICH-LEPPERT-WEB-SHUTTERSTOCK.jpg","contentUrl":"https:\/\/www.ccatelier.es\/wp-content\/uploads\/2025\/07\/1988614988-FF-REFORESTACION-BOSQUE-DIETRICH-LEPPERT-WEB-SHUTTERSTOCK.jpg","width":1920,"height":1080},{"@type":"BreadcrumbList","@id":"https:\/\/www.ccatelier.es\/consultoria-para-el-desarrollo-de-un-modelo-de-estimacion-del-nivel-de-referencia-forestal-frl-de-espana-para-el-periodo-2021-2025\/#breadcrumb","itemListElement":[{"@type":"ListItem","position":1,"name":"Portada","item":"https:\/\/www.ccatelier.es\/"},{"@type":"ListItem","position":2,"name":"Desarrollo del modelo de Nivel de Referencia Forestal de Espa\u00f1a para 2021\u20132025"}]},{"@type":"WebSite","@id":"https:\/\/www.ccatelier.es\/#website","url":"https:\/\/www.ccatelier.es\/","name":"Climate Change Atelier","description":"Consultora especializada en cambio clim\u00e1tico, transparencia, NDCs, inventarios GEI y financiamiento clim\u00e1tico. Experiencia internacional y enfoque t\u00e9cnico adaptado.","potentialAction":[{"@type":"SearchAction","target":{"@type":"EntryPoint","urlTemplate":"https:\/\/www.ccatelier.es\/?s={search_term_string}"},"query-input":{"@type":"PropertyValueSpecification","valueRequired":true,"valueName":"search_term_string"}}],"inLanguage":"en-GB"},{"@type":"Person","@id":"https:\/\/www.ccatelier.es\/#\/schema\/person\/468ef15b7071978511257f3cb6a37fd7","name":"admin","image":{"@type":"ImageObject","inLanguage":"en-GB","@id":"https:\/\/secure.gravatar.com\/avatar\/5e5d037f5eb89be41a2c1967d5c5b7113f430db59ccee33ae492b86c0847ab0e?s=96&d=mm&r=g","url":"https:\/\/secure.gravatar.com\/avatar\/5e5d037f5eb89be41a2c1967d5c5b7113f430db59ccee33ae492b86c0847ab0e?s=96&d=mm&r=g","contentUrl":"https:\/\/secure.gravatar.com\/avatar\/5e5d037f5eb89be41a2c1967d5c5b7113f430db59ccee33ae492b86c0847ab0e?s=96&d=mm&r=g","caption":"admin"},"sameAs":["https:\/\/www.ccatelier.es"],"url":"https:\/\/www.ccatelier.es\/en\/author\/admin\/"}]}},"_links":{"self":[{"href":"https:\/\/www.ccatelier.es\/en\/wp-json\/wp\/v2\/posts\/430","targetHints":{"allow":["GET"]}}],"collection":[{"href":"https:\/\/www.ccatelier.es\/en\/wp-json\/wp\/v2\/posts"}],"about":[{"href":"https:\/\/www.ccatelier.es\/en\/wp-json\/wp\/v2\/types\/post"}],"author":[{"embeddable":true,"href":"https:\/\/www.ccatelier.es\/en\/wp-json\/wp\/v2\/users\/1"}],"replies":[{"embeddable":true,"href":"https:\/\/www.ccatelier.es\/en\/wp-json\/wp\/v2\/comments?post=430"}],"version-history":[{"count":10,"href":"https:\/\/www.ccatelier.es\/en\/wp-json\/wp\/v2\/posts\/430\/revisions"}],"predecessor-version":[{"id":1813,"href":"https:\/\/www.ccatelier.es\/en\/wp-json\/wp\/v2\/posts\/430\/revisions\/1813"}],"wp:featuredmedia":[{"embeddable":true,"href":"https:\/\/www.ccatelier.es\/en\/wp-json\/wp\/v2\/media\/431"}],"wp:attachment":[{"href":"https:\/\/www.ccatelier.es\/en\/wp-json\/wp\/v2\/media?parent=430"}],"wp:term":[{"taxonomy":"category","embeddable":true,"href":"https:\/\/www.ccatelier.es\/en\/wp-json\/wp\/v2\/categories?post=430"},{"taxonomy":"post_tag","embeddable":true,"href":"https:\/\/www.ccatelier.es\/en\/wp-json\/wp\/v2\/tags?post=430"}],"curies":[{"name":"wp","href":"https:\/\/api.w.org\/{rel}","templated":true}]}}