{"id":424,"date":"2025-07-24T10:10:44","date_gmt":"2025-07-24T10:10:44","guid":{"rendered":"https:\/\/www.ccatelier.es\/?p=424"},"modified":"2026-02-28T23:31:22","modified_gmt":"2026-02-28T23:31:22","slug":"apoyo-a-la-evaluacion-tecnica-de-los-niveles-de-referencia-forestales-tal-como-exige-el-reglamento-utcuts","status":"publish","type":"post","link":"https:\/\/www.ccatelier.es\/en\/apoyo-a-la-evaluacion-tecnica-de-los-niveles-de-referencia-forestales-tal-como-exige-el-reglamento-utcuts\/","title":{"rendered":"Evaluaci\u00f3n t\u00e9cnica de la UE de los Niveles de Referencia Forestal (FRL) bajo el Reglamento LULUCF"},"content":{"rendered":"<div data-elementor-type=\"wp-post\" data-elementor-id=\"424\" class=\"elementor elementor-424\" data-elementor-post-type=\"post\">\n\t\t\t\t<div class=\"elementor-element elementor-element-7541ca4c e-flex e-con-boxed e-con e-parent\" data-id=\"7541ca4c\" data-element_type=\"container\" data-e-type=\"container\">\n\t\t\t\t\t<div class=\"e-con-inner\">\n\t\t\t\t<div class=\"elementor-element elementor-element-5cc05642 elementor-widget elementor-widget-text-editor\" data-id=\"5cc05642\" data-element_type=\"widget\" data-e-type=\"widget\" data-widget_type=\"text-editor.default\">\n\t\t\t\t<div class=\"elementor-widget-container\">\n\t\t\t\t\t\t\t\t\t<p>Apoyo t\u00e9cnico a la Comisi\u00f3n Europea (DG CLIMA) para la implementaci\u00f3n del marco de gobernanza del Nivel de Referencia Forestal (FRL) bajo el Reglamento LULUCF, centrado tanto en el fortalecimiento de capacidades para los Estados miembros como en la asistencia durante la evaluaci\u00f3n t\u00e9cnica a nivel de la UE de los Planes Nacionales de Contabilidad Forestal (NFAP). El proyecto apoy\u00f3 la primera aplicaci\u00f3n a nivel de la UE de las FRL como referencia contable para tierras forestales gestionadas bajo el marco clim\u00e1tico de la UE 2030. La tarea abarc\u00f3 el desarrollo de directrices t\u00e9cnicas armonizadas para ayudar a los Estados Miembros en la preparaci\u00f3n de NFAPs y FRLs para el periodo 2021\u20132025, traduciendo los requisitos legales y t\u00e9cnicos del Reglamento LULUCF adoptado y su Anexo IV en enfoques pr\u00e1cticos y operativos. Paralelamente, el proyecto proporcion\u00f3 apoyo t\u00e9cnico pr\u00e1ctico a la Comisi\u00f3n Europea y al Grupo de Expertos ad hoc durante el proceso de evaluaci\u00f3n t\u00e9cnica de la FRL. Esto incluy\u00f3 la preparaci\u00f3n de herramientas de evaluaci\u00f3n, materiales de orientaci\u00f3n y s\u00edntesis, as\u00ed como la facilitaci\u00f3n de intercambios t\u00e9cnicos entre la Comisi\u00f3n, el Grupo de Expertos y los Estados Miembros.<br \/><br \/><strong>Project Title<\/strong>: Apoyo para la Evaluaci\u00f3n T\u00e9cnica de los Niveles de Referencia Forestal seg\u00fan lo solicitado por el Reglamento LULUCF<br \/><strong>Typology<\/strong>Mitigation and technical reviews<br \/><strong>Region:<\/strong> Europe<br \/><strong>Country:<\/strong> European Union<br \/><strong>Customer:<\/strong> European Commission (DG CLIMA)<br \/><strong>Period:<\/strong> 01\/02\/2018-01\/11\/2019<br \/><br \/><strong>Activities performed:<\/strong> <br \/>&#8211; Proporcion\u00f3 aportaciones expertas al desarrollo del documento de Orientaci\u00f3n T\u00e9cnica para los Estados Miembros sobre la preparaci\u00f3n de NFAPs y Niveles de Referencia Forestal, con especial atenci\u00f3n a las metodolog\u00edas de contabilidad forestal de GEI.<br \/>&#8211; Contribuy\u00f3 a la interpretaci\u00f3n y operativizaci\u00f3n de los requisitos del Reglamento LULUCF, incluidos los criterios del Anexo IV, asegurando la coherencia con las directrices existentes de la UE y las metodolog\u00edas del Inventario Nacional de GEI.<br \/>&#8211; Lider\u00f3 la redacci\u00f3n de la Gu\u00eda de Evaluaci\u00f3n T\u00e9cnica para el Grupo de Expertos, incluyendo plantillas y listas de verificaci\u00f3n para apoyar un proceso de evaluaci\u00f3n armonizado y transparente.<br \/>&#8211; Imparti\u00f3 formaci\u00f3n t\u00e9cnica espec\u00edfica a los miembros del Grupo de Expertos sobre conceptos de contabilidad forestal de GEI, metodolog\u00edas FRL y desaf\u00edos clave de evaluaci\u00f3n, y proporcion\u00f3 apoyo t\u00e9cnico continuo durante las reuniones del Grupo de Expertos, incluyendo la clarificaci\u00f3n de cuestiones metodol\u00f3gicas, apoyo a discusiones espec\u00edficas por pa\u00eds y consolidaci\u00f3n de hallazgos t\u00e9cnicos.<br \/>&#8211; Contribuy\u00f3 a la preparaci\u00f3n de materiales de s\u00edntesis que resumen los resultados del proceso de evaluaci\u00f3n t\u00e9cnica, apoyando la toma de decisiones finales de la Comisi\u00f3n sobre la adopci\u00f3n de FRL.<\/p>\t\t\t\t\t\t\t\t<\/div>\n\t\t\t\t<\/div>\n\t\t\t\t\t<\/div>\n\t\t\t\t<\/div>\n\t\t\t\t<\/div>","protected":false},"excerpt":{"rendered":"<p>Apoyo t\u00e9cnico a la Comisi\u00f3n Europea (DG CLIMA) para la implementaci\u00f3n del marco de gobernanza del Nivel de Referencia Forestal (FRL) bajo el Reglamento LULUCF, centrado tanto en el fortalecimiento de capacidades para los Estados miembros como en la asistencia durante la evaluaci\u00f3n t\u00e9cnica a nivel de la UE de los Planes Nacionales de Contabilidad&hellip;&nbsp;<\/p>","protected":false},"author":1,"featured_media":425,"comment_status":"open","ping_status":"open","sticky":false,"template":"","format":"standard","meta":{"_acf_changed":false,"neve_meta_sidebar":"","neve_meta_container":"","neve_meta_enable_content_width":"off","neve_meta_content_width":70,"neve_meta_title_alignment":"","neve_meta_author_avatar":"","neve_post_elements_order":"","neve_meta_disable_header":"","neve_meta_disable_footer":"","neve_meta_disable_title":"","footnotes":""},"categories":[14],"tags":[81],"class_list":["post-424","post","type-post","status-publish","format-standard","has-post-thumbnail","hentry","category-mitigacion","tag-union-europea"],"acf":[],"yoast_head":"<!-- This site is optimized with the Yoast SEO plugin v27.4 - https:\/\/yoast.com\/product\/yoast-seo-wordpress\/ -->\n<title>Evaluaci\u00f3n t\u00e9cnica de la UE de los Niveles de Referencia Forestal (FRL) bajo el Reglamento LULUCF - Climate Change Atelier<\/title>\n<meta name=\"robots\" content=\"index, follow, max-snippet:-1, max-image-preview:large, max-video-preview:-1\" \/>\n<link rel=\"canonical\" href=\"https:\/\/www.ccatelier.es\/en\/apoyo-a-la-evaluacion-tecnica-de-los-niveles-de-referencia-forestales-tal-como-exige-el-reglamento-utcuts\/\" \/>\n<meta property=\"og:locale\" content=\"en_GB\" \/>\n<meta property=\"og:type\" content=\"article\" \/>\n<meta property=\"og:title\" content=\"Evaluaci\u00f3n t\u00e9cnica de la UE de los Niveles de Referencia Forestal (FRL) bajo el Reglamento LULUCF - Climate Change Atelier\" \/>\n<meta property=\"og:description\" content=\"Apoyo t\u00e9cnico a la Comisi\u00f3n Europea (DG CLIMA) para la implementaci\u00f3n del marco de gobernanza del Nivel de Referencia Forestal (FRL) bajo el Reglamento LULUCF, centrado tanto en el fortalecimiento de capacidades para los Estados miembros como en la asistencia durante la evaluaci\u00f3n t\u00e9cnica a nivel de la UE de los Planes Nacionales de Contabilidad&hellip;&nbsp;\" \/>\n<meta property=\"og:url\" content=\"https:\/\/www.ccatelier.es\/en\/apoyo-a-la-evaluacion-tecnica-de-los-niveles-de-referencia-forestales-tal-como-exige-el-reglamento-utcuts\/\" \/>\n<meta property=\"og:site_name\" content=\"Climate Change Atelier\" \/>\n<meta property=\"article:published_time\" content=\"2025-07-24T10:10:44+00:00\" \/>\n<meta property=\"article:modified_time\" content=\"2026-02-28T23:31:22+00:00\" \/>\n<meta property=\"og:image\" content=\"https:\/\/www.ccatelier.es\/wp-content\/uploads\/2025\/07\/landscape-975091_1280.jpeg\" \/>\n\t<meta property=\"og:image:width\" content=\"1280\" \/>\n\t<meta property=\"og:image:height\" content=\"853\" \/>\n\t<meta property=\"og:image:type\" content=\"image\/jpeg\" \/>\n<meta name=\"author\" content=\"admin\" \/>\n<meta name=\"twitter:card\" content=\"summary_large_image\" \/>\n<meta name=\"twitter:label1\" content=\"Written by\" \/>\n\t<meta name=\"twitter:data1\" content=\"admin\" \/>\n\t<meta name=\"twitter:label2\" content=\"Estimated reading time\" \/>\n\t<meta name=\"twitter:data2\" content=\"1 minute\" \/>\n<script type=\"application\/ld+json\" class=\"yoast-schema-graph\">{\"@context\":\"https:\\\/\\\/schema.org\",\"@graph\":[{\"@type\":\"Article\",\"@id\":\"https:\\\/\\\/www.ccatelier.es\\\/apoyo-a-la-evaluacion-tecnica-de-los-niveles-de-referencia-forestales-tal-como-exige-el-reglamento-utcuts\\\/#article\",\"isPartOf\":{\"@id\":\"https:\\\/\\\/www.ccatelier.es\\\/apoyo-a-la-evaluacion-tecnica-de-los-niveles-de-referencia-forestales-tal-como-exige-el-reglamento-utcuts\\\/\"},\"author\":{\"name\":\"admin\",\"@id\":\"https:\\\/\\\/www.ccatelier.es\\\/#\\\/schema\\\/person\\\/468ef15b7071978511257f3cb6a37fd7\"},\"headline\":\"Evaluaci\u00f3n t\u00e9cnica de la UE de los Niveles de Referencia Forestal (FRL) bajo el Reglamento LULUCF\",\"datePublished\":\"2025-07-24T10:10:44+00:00\",\"dateModified\":\"2026-02-28T23:31:22+00:00\",\"mainEntityOfPage\":{\"@id\":\"https:\\\/\\\/www.ccatelier.es\\\/apoyo-a-la-evaluacion-tecnica-de-los-niveles-de-referencia-forestales-tal-como-exige-el-reglamento-utcuts\\\/\"},\"wordCount\":500,\"commentCount\":0,\"image\":{\"@id\":\"https:\\\/\\\/www.ccatelier.es\\\/apoyo-a-la-evaluacion-tecnica-de-los-niveles-de-referencia-forestales-tal-como-exige-el-reglamento-utcuts\\\/#primaryimage\"},\"thumbnailUrl\":\"https:\\\/\\\/www.ccatelier.es\\\/wp-content\\\/uploads\\\/2025\\\/07\\\/landscape-975091_1280.jpeg\",\"keywords\":[\"Union Europea\"],\"articleSection\":[\"Mitigaci\u00f3n y revisiones t\u00e9cnicas\"],\"inLanguage\":\"en-GB\",\"potentialAction\":[{\"@type\":\"CommentAction\",\"name\":\"Comment\",\"target\":[\"https:\\\/\\\/www.ccatelier.es\\\/apoyo-a-la-evaluacion-tecnica-de-los-niveles-de-referencia-forestales-tal-como-exige-el-reglamento-utcuts\\\/#respond\"]}]},{\"@type\":\"WebPage\",\"@id\":\"https:\\\/\\\/www.ccatelier.es\\\/apoyo-a-la-evaluacion-tecnica-de-los-niveles-de-referencia-forestales-tal-como-exige-el-reglamento-utcuts\\\/\",\"url\":\"https:\\\/\\\/www.ccatelier.es\\\/apoyo-a-la-evaluacion-tecnica-de-los-niveles-de-referencia-forestales-tal-como-exige-el-reglamento-utcuts\\\/\",\"name\":\"Evaluaci\u00f3n t\u00e9cnica de la UE de los Niveles de Referencia Forestal (FRL) bajo el Reglamento LULUCF - Climate Change Atelier\",\"isPartOf\":{\"@id\":\"https:\\\/\\\/www.ccatelier.es\\\/#website\"},\"primaryImageOfPage\":{\"@id\":\"https:\\\/\\\/www.ccatelier.es\\\/apoyo-a-la-evaluacion-tecnica-de-los-niveles-de-referencia-forestales-tal-como-exige-el-reglamento-utcuts\\\/#primaryimage\"},\"image\":{\"@id\":\"https:\\\/\\\/www.ccatelier.es\\\/apoyo-a-la-evaluacion-tecnica-de-los-niveles-de-referencia-forestales-tal-como-exige-el-reglamento-utcuts\\\/#primaryimage\"},\"thumbnailUrl\":\"https:\\\/\\\/www.ccatelier.es\\\/wp-content\\\/uploads\\\/2025\\\/07\\\/landscape-975091_1280.jpeg\",\"datePublished\":\"2025-07-24T10:10:44+00:00\",\"dateModified\":\"2026-02-28T23:31:22+00:00\",\"author\":{\"@id\":\"https:\\\/\\\/www.ccatelier.es\\\/#\\\/schema\\\/person\\\/468ef15b7071978511257f3cb6a37fd7\"},\"breadcrumb\":{\"@id\":\"https:\\\/\\\/www.ccatelier.es\\\/apoyo-a-la-evaluacion-tecnica-de-los-niveles-de-referencia-forestales-tal-como-exige-el-reglamento-utcuts\\\/#breadcrumb\"},\"inLanguage\":\"en-GB\",\"potentialAction\":[{\"@type\":\"ReadAction\",\"target\":[\"https:\\\/\\\/www.ccatelier.es\\\/apoyo-a-la-evaluacion-tecnica-de-los-niveles-de-referencia-forestales-tal-como-exige-el-reglamento-utcuts\\\/\"]}]},{\"@type\":\"ImageObject\",\"inLanguage\":\"en-GB\",\"@id\":\"https:\\\/\\\/www.ccatelier.es\\\/apoyo-a-la-evaluacion-tecnica-de-los-niveles-de-referencia-forestales-tal-como-exige-el-reglamento-utcuts\\\/#primaryimage\",\"url\":\"https:\\\/\\\/www.ccatelier.es\\\/wp-content\\\/uploads\\\/2025\\\/07\\\/landscape-975091_1280.jpeg\",\"contentUrl\":\"https:\\\/\\\/www.ccatelier.es\\\/wp-content\\\/uploads\\\/2025\\\/07\\\/landscape-975091_1280.jpeg\",\"width\":1280,\"height\":853},{\"@type\":\"BreadcrumbList\",\"@id\":\"https:\\\/\\\/www.ccatelier.es\\\/apoyo-a-la-evaluacion-tecnica-de-los-niveles-de-referencia-forestales-tal-como-exige-el-reglamento-utcuts\\\/#breadcrumb\",\"itemListElement\":[{\"@type\":\"ListItem\",\"position\":1,\"name\":\"Portada\",\"item\":\"https:\\\/\\\/www.ccatelier.es\\\/\"},{\"@type\":\"ListItem\",\"position\":2,\"name\":\"Evaluaci\u00f3n t\u00e9cnica de la UE de los Niveles de Referencia Forestal (FRL) bajo el Reglamento LULUCF\"}]},{\"@type\":\"WebSite\",\"@id\":\"https:\\\/\\\/www.ccatelier.es\\\/#website\",\"url\":\"https:\\\/\\\/www.ccatelier.es\\\/\",\"name\":\"Climate Change Atelier\",\"description\":\"Consultora especializada en cambio clim\u00e1tico, transparencia, NDCs, inventarios GEI y financiamiento clim\u00e1tico. Experiencia internacional y enfoque t\u00e9cnico adaptado.\",\"potentialAction\":[{\"@type\":\"SearchAction\",\"target\":{\"@type\":\"EntryPoint\",\"urlTemplate\":\"https:\\\/\\\/www.ccatelier.es\\\/?s={search_term_string}\"},\"query-input\":{\"@type\":\"PropertyValueSpecification\",\"valueRequired\":true,\"valueName\":\"search_term_string\"}}],\"inLanguage\":\"en-GB\"},{\"@type\":\"Person\",\"@id\":\"https:\\\/\\\/www.ccatelier.es\\\/#\\\/schema\\\/person\\\/468ef15b7071978511257f3cb6a37fd7\",\"name\":\"admin\",\"image\":{\"@type\":\"ImageObject\",\"inLanguage\":\"en-GB\",\"@id\":\"https:\\\/\\\/secure.gravatar.com\\\/avatar\\\/5e5d037f5eb89be41a2c1967d5c5b7113f430db59ccee33ae492b86c0847ab0e?s=96&d=mm&r=g\",\"url\":\"https:\\\/\\\/secure.gravatar.com\\\/avatar\\\/5e5d037f5eb89be41a2c1967d5c5b7113f430db59ccee33ae492b86c0847ab0e?s=96&d=mm&r=g\",\"contentUrl\":\"https:\\\/\\\/secure.gravatar.com\\\/avatar\\\/5e5d037f5eb89be41a2c1967d5c5b7113f430db59ccee33ae492b86c0847ab0e?s=96&d=mm&r=g\",\"caption\":\"admin\"},\"sameAs\":[\"https:\\\/\\\/www.ccatelier.es\"],\"url\":\"https:\\\/\\\/www.ccatelier.es\\\/en\\\/author\\\/admin\\\/\"}]}<\/script>\n<!-- \/ Yoast SEO plugin. -->","yoast_head_json":{"title":"Evaluaci\u00f3n t\u00e9cnica de la UE de los Niveles de Referencia Forestal (FRL) bajo el Reglamento LULUCF - Climate Change Atelier","robots":{"index":"index","follow":"follow","max-snippet":"max-snippet:-1","max-image-preview":"max-image-preview:large","max-video-preview":"max-video-preview:-1"},"canonical":"https:\/\/www.ccatelier.es\/en\/apoyo-a-la-evaluacion-tecnica-de-los-niveles-de-referencia-forestales-tal-como-exige-el-reglamento-utcuts\/","og_locale":"en_GB","og_type":"article","og_title":"Evaluaci\u00f3n t\u00e9cnica de la UE de los Niveles de Referencia Forestal (FRL) bajo el Reglamento LULUCF - Climate Change Atelier","og_description":"Apoyo t\u00e9cnico a la Comisi\u00f3n Europea (DG CLIMA) para la implementaci\u00f3n del marco de gobernanza del Nivel de Referencia Forestal (FRL) bajo el Reglamento LULUCF, centrado tanto en el fortalecimiento de capacidades para los Estados miembros como en la asistencia durante la evaluaci\u00f3n t\u00e9cnica a nivel de la UE de los Planes Nacionales de Contabilidad&hellip;&nbsp;","og_url":"https:\/\/www.ccatelier.es\/en\/apoyo-a-la-evaluacion-tecnica-de-los-niveles-de-referencia-forestales-tal-como-exige-el-reglamento-utcuts\/","og_site_name":"Climate Change Atelier","article_published_time":"2025-07-24T10:10:44+00:00","article_modified_time":"2026-02-28T23:31:22+00:00","og_image":[{"width":1280,"height":853,"url":"https:\/\/www.ccatelier.es\/wp-content\/uploads\/2025\/07\/landscape-975091_1280.jpeg","type":"image\/jpeg"}],"author":"admin","twitter_card":"summary_large_image","twitter_misc":{"Written by":"admin","Estimated reading time":"1 minute"},"schema":{"@context":"https:\/\/schema.org","@graph":[{"@type":"Article","@id":"https:\/\/www.ccatelier.es\/apoyo-a-la-evaluacion-tecnica-de-los-niveles-de-referencia-forestales-tal-como-exige-el-reglamento-utcuts\/#article","isPartOf":{"@id":"https:\/\/www.ccatelier.es\/apoyo-a-la-evaluacion-tecnica-de-los-niveles-de-referencia-forestales-tal-como-exige-el-reglamento-utcuts\/"},"author":{"name":"admin","@id":"https:\/\/www.ccatelier.es\/#\/schema\/person\/468ef15b7071978511257f3cb6a37fd7"},"headline":"Evaluaci\u00f3n t\u00e9cnica de la UE de los Niveles de Referencia Forestal (FRL) bajo el Reglamento LULUCF","datePublished":"2025-07-24T10:10:44+00:00","dateModified":"2026-02-28T23:31:22+00:00","mainEntityOfPage":{"@id":"https:\/\/www.ccatelier.es\/apoyo-a-la-evaluacion-tecnica-de-los-niveles-de-referencia-forestales-tal-como-exige-el-reglamento-utcuts\/"},"wordCount":500,"commentCount":0,"image":{"@id":"https:\/\/www.ccatelier.es\/apoyo-a-la-evaluacion-tecnica-de-los-niveles-de-referencia-forestales-tal-como-exige-el-reglamento-utcuts\/#primaryimage"},"thumbnailUrl":"https:\/\/www.ccatelier.es\/wp-content\/uploads\/2025\/07\/landscape-975091_1280.jpeg","keywords":["Union Europea"],"articleSection":["Mitigaci\u00f3n y revisiones t\u00e9cnicas"],"inLanguage":"en-GB","potentialAction":[{"@type":"CommentAction","name":"Comment","target":["https:\/\/www.ccatelier.es\/apoyo-a-la-evaluacion-tecnica-de-los-niveles-de-referencia-forestales-tal-como-exige-el-reglamento-utcuts\/#respond"]}]},{"@type":"WebPage","@id":"https:\/\/www.ccatelier.es\/apoyo-a-la-evaluacion-tecnica-de-los-niveles-de-referencia-forestales-tal-como-exige-el-reglamento-utcuts\/","url":"https:\/\/www.ccatelier.es\/apoyo-a-la-evaluacion-tecnica-de-los-niveles-de-referencia-forestales-tal-como-exige-el-reglamento-utcuts\/","name":"Evaluaci\u00f3n t\u00e9cnica de la UE de los Niveles de Referencia Forestal (FRL) bajo el Reglamento LULUCF - Climate Change Atelier","isPartOf":{"@id":"https:\/\/www.ccatelier.es\/#website"},"primaryImageOfPage":{"@id":"https:\/\/www.ccatelier.es\/apoyo-a-la-evaluacion-tecnica-de-los-niveles-de-referencia-forestales-tal-como-exige-el-reglamento-utcuts\/#primaryimage"},"image":{"@id":"https:\/\/www.ccatelier.es\/apoyo-a-la-evaluacion-tecnica-de-los-niveles-de-referencia-forestales-tal-como-exige-el-reglamento-utcuts\/#primaryimage"},"thumbnailUrl":"https:\/\/www.ccatelier.es\/wp-content\/uploads\/2025\/07\/landscape-975091_1280.jpeg","datePublished":"2025-07-24T10:10:44+00:00","dateModified":"2026-02-28T23:31:22+00:00","author":{"@id":"https:\/\/www.ccatelier.es\/#\/schema\/person\/468ef15b7071978511257f3cb6a37fd7"},"breadcrumb":{"@id":"https:\/\/www.ccatelier.es\/apoyo-a-la-evaluacion-tecnica-de-los-niveles-de-referencia-forestales-tal-como-exige-el-reglamento-utcuts\/#breadcrumb"},"inLanguage":"en-GB","potentialAction":[{"@type":"ReadAction","target":["https:\/\/www.ccatelier.es\/apoyo-a-la-evaluacion-tecnica-de-los-niveles-de-referencia-forestales-tal-como-exige-el-reglamento-utcuts\/"]}]},{"@type":"ImageObject","inLanguage":"en-GB","@id":"https:\/\/www.ccatelier.es\/apoyo-a-la-evaluacion-tecnica-de-los-niveles-de-referencia-forestales-tal-como-exige-el-reglamento-utcuts\/#primaryimage","url":"https:\/\/www.ccatelier.es\/wp-content\/uploads\/2025\/07\/landscape-975091_1280.jpeg","contentUrl":"https:\/\/www.ccatelier.es\/wp-content\/uploads\/2025\/07\/landscape-975091_1280.jpeg","width":1280,"height":853},{"@type":"BreadcrumbList","@id":"https:\/\/www.ccatelier.es\/apoyo-a-la-evaluacion-tecnica-de-los-niveles-de-referencia-forestales-tal-como-exige-el-reglamento-utcuts\/#breadcrumb","itemListElement":[{"@type":"ListItem","position":1,"name":"Portada","item":"https:\/\/www.ccatelier.es\/"},{"@type":"ListItem","position":2,"name":"Evaluaci\u00f3n t\u00e9cnica de la UE de los Niveles de Referencia Forestal (FRL) bajo el Reglamento LULUCF"}]},{"@type":"WebSite","@id":"https:\/\/www.ccatelier.es\/#website","url":"https:\/\/www.ccatelier.es\/","name":"Climate Change Atelier","description":"Consultora especializada en cambio clim\u00e1tico, transparencia, NDCs, inventarios GEI y financiamiento clim\u00e1tico. Experiencia internacional y enfoque t\u00e9cnico adaptado.","potentialAction":[{"@type":"SearchAction","target":{"@type":"EntryPoint","urlTemplate":"https:\/\/www.ccatelier.es\/?s={search_term_string}"},"query-input":{"@type":"PropertyValueSpecification","valueRequired":true,"valueName":"search_term_string"}}],"inLanguage":"en-GB"},{"@type":"Person","@id":"https:\/\/www.ccatelier.es\/#\/schema\/person\/468ef15b7071978511257f3cb6a37fd7","name":"admin","image":{"@type":"ImageObject","inLanguage":"en-GB","@id":"https:\/\/secure.gravatar.com\/avatar\/5e5d037f5eb89be41a2c1967d5c5b7113f430db59ccee33ae492b86c0847ab0e?s=96&d=mm&r=g","url":"https:\/\/secure.gravatar.com\/avatar\/5e5d037f5eb89be41a2c1967d5c5b7113f430db59ccee33ae492b86c0847ab0e?s=96&d=mm&r=g","contentUrl":"https:\/\/secure.gravatar.com\/avatar\/5e5d037f5eb89be41a2c1967d5c5b7113f430db59ccee33ae492b86c0847ab0e?s=96&d=mm&r=g","caption":"admin"},"sameAs":["https:\/\/www.ccatelier.es"],"url":"https:\/\/www.ccatelier.es\/en\/author\/admin\/"}]}},"_links":{"self":[{"href":"https:\/\/www.ccatelier.es\/en\/wp-json\/wp\/v2\/posts\/424","targetHints":{"allow":["GET"]}}],"collection":[{"href":"https:\/\/www.ccatelier.es\/en\/wp-json\/wp\/v2\/posts"}],"about":[{"href":"https:\/\/www.ccatelier.es\/en\/wp-json\/wp\/v2\/types\/post"}],"author":[{"embeddable":true,"href":"https:\/\/www.ccatelier.es\/en\/wp-json\/wp\/v2\/users\/1"}],"replies":[{"embeddable":true,"href":"https:\/\/www.ccatelier.es\/en\/wp-json\/wp\/v2\/comments?post=424"}],"version-history":[{"count":7,"href":"https:\/\/www.ccatelier.es\/en\/wp-json\/wp\/v2\/posts\/424\/revisions"}],"predecessor-version":[{"id":1821,"href":"https:\/\/www.ccatelier.es\/en\/wp-json\/wp\/v2\/posts\/424\/revisions\/1821"}],"wp:featuredmedia":[{"embeddable":true,"href":"https:\/\/www.ccatelier.es\/en\/wp-json\/wp\/v2\/media\/425"}],"wp:attachment":[{"href":"https:\/\/www.ccatelier.es\/en\/wp-json\/wp\/v2\/media?parent=424"}],"wp:term":[{"taxonomy":"category","embeddable":true,"href":"https:\/\/www.ccatelier.es\/en\/wp-json\/wp\/v2\/categories?post=424"},{"taxonomy":"post_tag","embeddable":true,"href":"https:\/\/www.ccatelier.es\/en\/wp-json\/wp\/v2\/tags?post=424"}],"curies":[{"name":"wp","href":"https:\/\/api.w.org\/{rel}","templated":true}]}}