{"id":421,"date":"2025-07-24T10:09:02","date_gmt":"2025-07-24T10:09:02","guid":{"rendered":"https:\/\/www.ccatelier.es\/?p=421"},"modified":"2026-02-28T23:32:10","modified_gmt":"2026-02-28T23:32:10","slug":"apoyo-al-fortalecimiento-de-las-capacidades-administrativas-para-la-elaboracion-de-proyecciones-y-modelos-en-el-clrtap-relacionados-con-la-agricultura-para-serbia","status":"publish","type":"post","link":"https:\/\/www.ccatelier.es\/en\/apoyo-al-fortalecimiento-de-las-capacidades-administrativas-para-la-elaboracion-de-proyecciones-y-modelos-en-el-clrtap-relacionados-con-la-agricultura-para-serbia\/","title":{"rendered":"Proyecciones agr\u00edcolas CLRTAP Fortalecimiento de capacidades para Serbia"},"content":{"rendered":"<div data-elementor-type=\"wp-post\" data-elementor-id=\"421\" class=\"elementor elementor-421\" data-elementor-post-type=\"post\">\n\t\t\t\t<div class=\"elementor-element elementor-element-3978905c e-flex e-con-boxed e-con e-parent\" data-id=\"3978905c\" data-element_type=\"container\" data-e-type=\"container\">\n\t\t\t\t\t<div class=\"e-con-inner\">\n\t\t\t\t<div class=\"elementor-element elementor-element-5f61e0c3 elementor-widget elementor-widget-text-editor\" data-id=\"5f61e0c3\" data-element_type=\"widget\" data-e-type=\"widget\" data-widget_type=\"text-editor.default\">\n\t\t\t\t<div class=\"elementor-widget-container\">\n\t\t\t\t\t\t\t\t\t<p>Asistencia t\u00e9cnica proporcionada en el marco del proyecto Centro de Asesoramiento Pol\u00edtico y Legal (PLAC II), financiado por la UE, para fortalecer las capacidades administrativas y t\u00e9cnicas de las instituciones serbias para el desarrollo de proyecciones y modelizaci\u00f3n de emisiones de contaminantes atmosf\u00e9ricos bajo la Convenci\u00f3n de la UNECE sobre la Contaminaci\u00f3n Atmosf\u00e9rica Transfronteriza a Largo Plazo (CLRTAP). La tarea se centr\u00f3 en apoyar la alineaci\u00f3n de Serbia con los requisitos de la UE y la Directiva (UE) 2016\/2284, en el contexto del proceso de adhesi\u00f3n al pa\u00eds a la UE. El proyecto ten\u00eda como objetivo mejorar la capacidad de la Agencia Serbia de Protecci\u00f3n Ambiental (SEPA), el Ministerio de Agricultura y Protecci\u00f3n Ambiental y otros actores nacionales relevantes para preparar proyecciones transparentes, consistentes, comparables, completas y precisas para categor\u00edas de fuentes seleccionadas.\u00a0 Abarc\u00f3 el desarrollo de proyecciones y escenarios sectoriales, la identificaci\u00f3n de necesidades de datos y enfoques de modelizaci\u00f3n, as\u00ed como la aplicaci\u00f3n de buenas pr\u00e1cticas en l\u00ednea con CLRTAP, EEP\/EEA Guidebook y los requisitos de informes de la UE. La tarea tambi\u00e9n incluy\u00f3 una transferencia estructurada de conocimientos a trav\u00e9s de talleres, asegurando que los expertos nacionales estuvieran preparados para replicar y desarrollar proyecciones de forma independiente en futuros ciclos de informe.<br \/><br \/><strong>Project Title<\/strong>: Apoyo en el fortalecimiento de las capacidades administrativas para desarrollar proyecciones y modelos en CLRTAP relacionados con la agricultura para Serbia<br \/><strong>Typology<\/strong>Mitigation and technical reviews<br \/><strong>Region:<\/strong> Europe<br \/><strong>Country:<\/strong> Serbia<br \/><strong>Customer:<\/strong> Serbian SEPA<br \/><strong>Period:<\/strong> 01\/08\/2017-31\/03\/2018<br \/><br \/><strong>Activities performed:<\/strong> <br \/>&#8211; Elabor\u00f3 proyecciones preliminares de emisiones para el sector agr\u00edcola de acuerdo con la Directiva (UE) 2016\/2284 y los requisitos de notificaci\u00f3n CLRTAP.<br \/>&#8211; Preparados escenarios \u00abcon medidas\u00bb (WM) y \u00abcon medidas adicionales\u00bb (WAM) para categor\u00edas de fuentes agr\u00edcolas, incluyendo manejo de ganado y esti\u00e9rcol.<br \/>&#8211; Analizar par\u00e1metros clave de entrada y salida para proyecciones agr\u00edcolas, identificando datos relevantes de actividad, factores de emisi\u00f3n y fuentes de datos nacionales e internacionales.<br \/>&#8211; Revis\u00f3 y compar\u00f3 enfoques metodol\u00f3gicos para calcular proyecciones de emisiones agr\u00edcolas, evaluando su idoneidad para las circunstancias nacionales en Serbia.<br \/>&#8211; Desarroll\u00f3 directrices para la preparaci\u00f3n de an\u00e1lisis de sensibilidad para proyecciones agr\u00edcolas, destacando los principales factores de incertidumbre y variabilidad.<br \/>&#8211; Recopil\u00f3 y present\u00f3 ejemplos de buenas pr\u00e1cticas de otros pa\u00edses para la presentaci\u00f3n de proyecciones agr\u00edcolas bajo los requisitos de CLRTAP y la UE.<br \/>&#8211; Dise\u00f1\u00f3 e imparti\u00f3 un taller t\u00e9cnico dedicado a actores nacionales, proporcionando formaci\u00f3n pr\u00e1ctica sobre proyecciones agr\u00edcolas, escenarios, enfoques de modelizaci\u00f3n y pr\u00e1cticas de informe.<\/p>\t\t\t\t\t\t\t\t<\/div>\n\t\t\t\t<\/div>\n\t\t\t\t\t<\/div>\n\t\t\t\t<\/div>\n\t\t\t\t<\/div>","protected":false},"excerpt":{"rendered":"<p>Asistencia t\u00e9cnica proporcionada en el marco del proyecto Centro de Asesoramiento Pol\u00edtico y Legal (PLAC II), financiado por la UE, para fortalecer las capacidades administrativas y t\u00e9cnicas de las instituciones serbias para el desarrollo de proyecciones y modelizaci\u00f3n de emisiones de contaminantes atmosf\u00e9ricos bajo la Convenci\u00f3n de la UNECE sobre la Contaminaci\u00f3n Atmosf\u00e9rica Transfronteriza a&hellip;&nbsp;<\/p>","protected":false},"author":1,"featured_media":1122,"comment_status":"open","ping_status":"open","sticky":false,"template":"","format":"standard","meta":{"_acf_changed":false,"neve_meta_sidebar":"","neve_meta_container":"","neve_meta_enable_content_width":"off","neve_meta_content_width":70,"neve_meta_title_alignment":"","neve_meta_author_avatar":"","neve_post_elements_order":"","neve_meta_disable_header":"","neve_meta_disable_footer":"","neve_meta_disable_title":"","footnotes":""},"categories":[16],"tags":[70],"class_list":["post-421","post","type-post","status-publish","format-standard","has-post-thumbnail","hentry","category-fortalecimiento-de-capacidades","tag-serbia"],"acf":[],"yoast_head":"<!-- This site is optimized with the Yoast SEO plugin v27.4 - https:\/\/yoast.com\/product\/yoast-seo-wordpress\/ -->\n<title>Proyecciones agr\u00edcolas CLRTAP Fortalecimiento de capacidades para Serbia - Climate Change Atelier<\/title>\n<meta name=\"robots\" content=\"index, follow, max-snippet:-1, max-image-preview:large, max-video-preview:-1\" \/>\n<link rel=\"canonical\" href=\"https:\/\/www.ccatelier.es\/en\/apoyo-al-fortalecimiento-de-las-capacidades-administrativas-para-la-elaboracion-de-proyecciones-y-modelos-en-el-clrtap-relacionados-con-la-agricultura-para-serbia\/\" \/>\n<meta property=\"og:locale\" content=\"en_GB\" \/>\n<meta property=\"og:type\" content=\"article\" \/>\n<meta property=\"og:title\" content=\"Proyecciones agr\u00edcolas CLRTAP Fortalecimiento de capacidades para Serbia - Climate Change Atelier\" \/>\n<meta property=\"og:description\" content=\"Asistencia t\u00e9cnica proporcionada en el marco del proyecto Centro de Asesoramiento Pol\u00edtico y Legal (PLAC II), financiado por la UE, para fortalecer las capacidades administrativas y t\u00e9cnicas de las instituciones serbias para el desarrollo de proyecciones y modelizaci\u00f3n de emisiones de contaminantes atmosf\u00e9ricos bajo la Convenci\u00f3n de la UNECE sobre la Contaminaci\u00f3n Atmosf\u00e9rica Transfronteriza a&hellip;&nbsp;\" \/>\n<meta property=\"og:url\" content=\"https:\/\/www.ccatelier.es\/en\/apoyo-al-fortalecimiento-de-las-capacidades-administrativas-para-la-elaboracion-de-proyecciones-y-modelos-en-el-clrtap-relacionados-con-la-agricultura-para-serbia\/\" \/>\n<meta property=\"og:site_name\" content=\"Climate Change Atelier\" \/>\n<meta property=\"article:published_time\" content=\"2025-07-24T10:09:02+00:00\" \/>\n<meta property=\"article:modified_time\" content=\"2026-02-28T23:32:10+00:00\" \/>\n<meta property=\"og:image\" content=\"https:\/\/www.ccatelier.es\/wp-content\/uploads\/2025\/07\/Captura-de-pantalla-2025-09-29-003321.png\" \/>\n\t<meta property=\"og:image:width\" content=\"703\" \/>\n\t<meta property=\"og:image:height\" content=\"709\" \/>\n\t<meta property=\"og:image:type\" content=\"image\/png\" \/>\n<meta name=\"author\" content=\"admin\" \/>\n<meta name=\"twitter:card\" content=\"summary_large_image\" \/>\n<meta name=\"twitter:label1\" content=\"Written by\" \/>\n\t<meta name=\"twitter:data1\" content=\"admin\" \/>\n\t<meta name=\"twitter:label2\" content=\"Estimated reading time\" \/>\n\t<meta name=\"twitter:data2\" content=\"2 minutes\" \/>\n<script type=\"application\/ld+json\" class=\"yoast-schema-graph\">{\"@context\":\"https:\\\/\\\/schema.org\",\"@graph\":[{\"@type\":\"Article\",\"@id\":\"https:\\\/\\\/www.ccatelier.es\\\/apoyo-al-fortalecimiento-de-las-capacidades-administrativas-para-la-elaboracion-de-proyecciones-y-modelos-en-el-clrtap-relacionados-con-la-agricultura-para-serbia\\\/#article\",\"isPartOf\":{\"@id\":\"https:\\\/\\\/www.ccatelier.es\\\/apoyo-al-fortalecimiento-de-las-capacidades-administrativas-para-la-elaboracion-de-proyecciones-y-modelos-en-el-clrtap-relacionados-con-la-agricultura-para-serbia\\\/\"},\"author\":{\"name\":\"admin\",\"@id\":\"https:\\\/\\\/www.ccatelier.es\\\/#\\\/schema\\\/person\\\/468ef15b7071978511257f3cb6a37fd7\"},\"headline\":\"Proyecciones agr\u00edcolas CLRTAP Fortalecimiento de capacidades para Serbia\",\"datePublished\":\"2025-07-24T10:09:02+00:00\",\"dateModified\":\"2026-02-28T23:32:10+00:00\",\"mainEntityOfPage\":{\"@id\":\"https:\\\/\\\/www.ccatelier.es\\\/apoyo-al-fortalecimiento-de-las-capacidades-administrativas-para-la-elaboracion-de-proyecciones-y-modelos-en-el-clrtap-relacionados-con-la-agricultura-para-serbia\\\/\"},\"wordCount\":466,\"commentCount\":0,\"image\":{\"@id\":\"https:\\\/\\\/www.ccatelier.es\\\/apoyo-al-fortalecimiento-de-las-capacidades-administrativas-para-la-elaboracion-de-proyecciones-y-modelos-en-el-clrtap-relacionados-con-la-agricultura-para-serbia\\\/#primaryimage\"},\"thumbnailUrl\":\"https:\\\/\\\/www.ccatelier.es\\\/wp-content\\\/uploads\\\/2025\\\/07\\\/Captura-de-pantalla-2025-09-29-003321.png\",\"keywords\":[\"Serbia\"],\"articleSection\":[\"Fortalecimiento de capacidades\"],\"inLanguage\":\"en-GB\",\"potentialAction\":[{\"@type\":\"CommentAction\",\"name\":\"Comment\",\"target\":[\"https:\\\/\\\/www.ccatelier.es\\\/apoyo-al-fortalecimiento-de-las-capacidades-administrativas-para-la-elaboracion-de-proyecciones-y-modelos-en-el-clrtap-relacionados-con-la-agricultura-para-serbia\\\/#respond\"]}]},{\"@type\":\"WebPage\",\"@id\":\"https:\\\/\\\/www.ccatelier.es\\\/apoyo-al-fortalecimiento-de-las-capacidades-administrativas-para-la-elaboracion-de-proyecciones-y-modelos-en-el-clrtap-relacionados-con-la-agricultura-para-serbia\\\/\",\"url\":\"https:\\\/\\\/www.ccatelier.es\\\/apoyo-al-fortalecimiento-de-las-capacidades-administrativas-para-la-elaboracion-de-proyecciones-y-modelos-en-el-clrtap-relacionados-con-la-agricultura-para-serbia\\\/\",\"name\":\"Proyecciones agr\u00edcolas CLRTAP Fortalecimiento de capacidades para Serbia - Climate Change Atelier\",\"isPartOf\":{\"@id\":\"https:\\\/\\\/www.ccatelier.es\\\/#website\"},\"primaryImageOfPage\":{\"@id\":\"https:\\\/\\\/www.ccatelier.es\\\/apoyo-al-fortalecimiento-de-las-capacidades-administrativas-para-la-elaboracion-de-proyecciones-y-modelos-en-el-clrtap-relacionados-con-la-agricultura-para-serbia\\\/#primaryimage\"},\"image\":{\"@id\":\"https:\\\/\\\/www.ccatelier.es\\\/apoyo-al-fortalecimiento-de-las-capacidades-administrativas-para-la-elaboracion-de-proyecciones-y-modelos-en-el-clrtap-relacionados-con-la-agricultura-para-serbia\\\/#primaryimage\"},\"thumbnailUrl\":\"https:\\\/\\\/www.ccatelier.es\\\/wp-content\\\/uploads\\\/2025\\\/07\\\/Captura-de-pantalla-2025-09-29-003321.png\",\"datePublished\":\"2025-07-24T10:09:02+00:00\",\"dateModified\":\"2026-02-28T23:32:10+00:00\",\"author\":{\"@id\":\"https:\\\/\\\/www.ccatelier.es\\\/#\\\/schema\\\/person\\\/468ef15b7071978511257f3cb6a37fd7\"},\"breadcrumb\":{\"@id\":\"https:\\\/\\\/www.ccatelier.es\\\/apoyo-al-fortalecimiento-de-las-capacidades-administrativas-para-la-elaboracion-de-proyecciones-y-modelos-en-el-clrtap-relacionados-con-la-agricultura-para-serbia\\\/#breadcrumb\"},\"inLanguage\":\"en-GB\",\"potentialAction\":[{\"@type\":\"ReadAction\",\"target\":[\"https:\\\/\\\/www.ccatelier.es\\\/apoyo-al-fortalecimiento-de-las-capacidades-administrativas-para-la-elaboracion-de-proyecciones-y-modelos-en-el-clrtap-relacionados-con-la-agricultura-para-serbia\\\/\"]}]},{\"@type\":\"ImageObject\",\"inLanguage\":\"en-GB\",\"@id\":\"https:\\\/\\\/www.ccatelier.es\\\/apoyo-al-fortalecimiento-de-las-capacidades-administrativas-para-la-elaboracion-de-proyecciones-y-modelos-en-el-clrtap-relacionados-con-la-agricultura-para-serbia\\\/#primaryimage\",\"url\":\"https:\\\/\\\/www.ccatelier.es\\\/wp-content\\\/uploads\\\/2025\\\/07\\\/Captura-de-pantalla-2025-09-29-003321.png\",\"contentUrl\":\"https:\\\/\\\/www.ccatelier.es\\\/wp-content\\\/uploads\\\/2025\\\/07\\\/Captura-de-pantalla-2025-09-29-003321.png\",\"width\":703,\"height\":709},{\"@type\":\"BreadcrumbList\",\"@id\":\"https:\\\/\\\/www.ccatelier.es\\\/apoyo-al-fortalecimiento-de-las-capacidades-administrativas-para-la-elaboracion-de-proyecciones-y-modelos-en-el-clrtap-relacionados-con-la-agricultura-para-serbia\\\/#breadcrumb\",\"itemListElement\":[{\"@type\":\"ListItem\",\"position\":1,\"name\":\"Portada\",\"item\":\"https:\\\/\\\/www.ccatelier.es\\\/\"},{\"@type\":\"ListItem\",\"position\":2,\"name\":\"Proyecciones agr\u00edcolas CLRTAP Fortalecimiento de capacidades para Serbia\"}]},{\"@type\":\"WebSite\",\"@id\":\"https:\\\/\\\/www.ccatelier.es\\\/#website\",\"url\":\"https:\\\/\\\/www.ccatelier.es\\\/\",\"name\":\"Climate Change Atelier\",\"description\":\"Consultora especializada en cambio clim\u00e1tico, transparencia, NDCs, inventarios GEI y financiamiento clim\u00e1tico. Experiencia internacional y enfoque t\u00e9cnico adaptado.\",\"potentialAction\":[{\"@type\":\"SearchAction\",\"target\":{\"@type\":\"EntryPoint\",\"urlTemplate\":\"https:\\\/\\\/www.ccatelier.es\\\/?s={search_term_string}\"},\"query-input\":{\"@type\":\"PropertyValueSpecification\",\"valueRequired\":true,\"valueName\":\"search_term_string\"}}],\"inLanguage\":\"en-GB\"},{\"@type\":\"Person\",\"@id\":\"https:\\\/\\\/www.ccatelier.es\\\/#\\\/schema\\\/person\\\/468ef15b7071978511257f3cb6a37fd7\",\"name\":\"admin\",\"image\":{\"@type\":\"ImageObject\",\"inLanguage\":\"en-GB\",\"@id\":\"https:\\\/\\\/secure.gravatar.com\\\/avatar\\\/5e5d037f5eb89be41a2c1967d5c5b7113f430db59ccee33ae492b86c0847ab0e?s=96&d=mm&r=g\",\"url\":\"https:\\\/\\\/secure.gravatar.com\\\/avatar\\\/5e5d037f5eb89be41a2c1967d5c5b7113f430db59ccee33ae492b86c0847ab0e?s=96&d=mm&r=g\",\"contentUrl\":\"https:\\\/\\\/secure.gravatar.com\\\/avatar\\\/5e5d037f5eb89be41a2c1967d5c5b7113f430db59ccee33ae492b86c0847ab0e?s=96&d=mm&r=g\",\"caption\":\"admin\"},\"sameAs\":[\"https:\\\/\\\/www.ccatelier.es\"],\"url\":\"https:\\\/\\\/www.ccatelier.es\\\/en\\\/author\\\/admin\\\/\"}]}<\/script>\n<!-- \/ Yoast SEO plugin. -->","yoast_head_json":{"title":"Proyecciones agr\u00edcolas CLRTAP Fortalecimiento de capacidades para Serbia - Climate Change Atelier","robots":{"index":"index","follow":"follow","max-snippet":"max-snippet:-1","max-image-preview":"max-image-preview:large","max-video-preview":"max-video-preview:-1"},"canonical":"https:\/\/www.ccatelier.es\/en\/apoyo-al-fortalecimiento-de-las-capacidades-administrativas-para-la-elaboracion-de-proyecciones-y-modelos-en-el-clrtap-relacionados-con-la-agricultura-para-serbia\/","og_locale":"en_GB","og_type":"article","og_title":"Proyecciones agr\u00edcolas CLRTAP Fortalecimiento de capacidades para Serbia - Climate Change Atelier","og_description":"Asistencia t\u00e9cnica proporcionada en el marco del proyecto Centro de Asesoramiento Pol\u00edtico y Legal (PLAC II), financiado por la UE, para fortalecer las capacidades administrativas y t\u00e9cnicas de las instituciones serbias para el desarrollo de proyecciones y modelizaci\u00f3n de emisiones de contaminantes atmosf\u00e9ricos bajo la Convenci\u00f3n de la UNECE sobre la Contaminaci\u00f3n Atmosf\u00e9rica Transfronteriza a&hellip;&nbsp;","og_url":"https:\/\/www.ccatelier.es\/en\/apoyo-al-fortalecimiento-de-las-capacidades-administrativas-para-la-elaboracion-de-proyecciones-y-modelos-en-el-clrtap-relacionados-con-la-agricultura-para-serbia\/","og_site_name":"Climate Change Atelier","article_published_time":"2025-07-24T10:09:02+00:00","article_modified_time":"2026-02-28T23:32:10+00:00","og_image":[{"width":703,"height":709,"url":"https:\/\/www.ccatelier.es\/wp-content\/uploads\/2025\/07\/Captura-de-pantalla-2025-09-29-003321.png","type":"image\/png"}],"author":"admin","twitter_card":"summary_large_image","twitter_misc":{"Written by":"admin","Estimated reading time":"2 minutes"},"schema":{"@context":"https:\/\/schema.org","@graph":[{"@type":"Article","@id":"https:\/\/www.ccatelier.es\/apoyo-al-fortalecimiento-de-las-capacidades-administrativas-para-la-elaboracion-de-proyecciones-y-modelos-en-el-clrtap-relacionados-con-la-agricultura-para-serbia\/#article","isPartOf":{"@id":"https:\/\/www.ccatelier.es\/apoyo-al-fortalecimiento-de-las-capacidades-administrativas-para-la-elaboracion-de-proyecciones-y-modelos-en-el-clrtap-relacionados-con-la-agricultura-para-serbia\/"},"author":{"name":"admin","@id":"https:\/\/www.ccatelier.es\/#\/schema\/person\/468ef15b7071978511257f3cb6a37fd7"},"headline":"Proyecciones agr\u00edcolas CLRTAP Fortalecimiento de capacidades para Serbia","datePublished":"2025-07-24T10:09:02+00:00","dateModified":"2026-02-28T23:32:10+00:00","mainEntityOfPage":{"@id":"https:\/\/www.ccatelier.es\/apoyo-al-fortalecimiento-de-las-capacidades-administrativas-para-la-elaboracion-de-proyecciones-y-modelos-en-el-clrtap-relacionados-con-la-agricultura-para-serbia\/"},"wordCount":466,"commentCount":0,"image":{"@id":"https:\/\/www.ccatelier.es\/apoyo-al-fortalecimiento-de-las-capacidades-administrativas-para-la-elaboracion-de-proyecciones-y-modelos-en-el-clrtap-relacionados-con-la-agricultura-para-serbia\/#primaryimage"},"thumbnailUrl":"https:\/\/www.ccatelier.es\/wp-content\/uploads\/2025\/07\/Captura-de-pantalla-2025-09-29-003321.png","keywords":["Serbia"],"articleSection":["Fortalecimiento de capacidades"],"inLanguage":"en-GB","potentialAction":[{"@type":"CommentAction","name":"Comment","target":["https:\/\/www.ccatelier.es\/apoyo-al-fortalecimiento-de-las-capacidades-administrativas-para-la-elaboracion-de-proyecciones-y-modelos-en-el-clrtap-relacionados-con-la-agricultura-para-serbia\/#respond"]}]},{"@type":"WebPage","@id":"https:\/\/www.ccatelier.es\/apoyo-al-fortalecimiento-de-las-capacidades-administrativas-para-la-elaboracion-de-proyecciones-y-modelos-en-el-clrtap-relacionados-con-la-agricultura-para-serbia\/","url":"https:\/\/www.ccatelier.es\/apoyo-al-fortalecimiento-de-las-capacidades-administrativas-para-la-elaboracion-de-proyecciones-y-modelos-en-el-clrtap-relacionados-con-la-agricultura-para-serbia\/","name":"Proyecciones agr\u00edcolas CLRTAP Fortalecimiento de capacidades para Serbia - Climate Change Atelier","isPartOf":{"@id":"https:\/\/www.ccatelier.es\/#website"},"primaryImageOfPage":{"@id":"https:\/\/www.ccatelier.es\/apoyo-al-fortalecimiento-de-las-capacidades-administrativas-para-la-elaboracion-de-proyecciones-y-modelos-en-el-clrtap-relacionados-con-la-agricultura-para-serbia\/#primaryimage"},"image":{"@id":"https:\/\/www.ccatelier.es\/apoyo-al-fortalecimiento-de-las-capacidades-administrativas-para-la-elaboracion-de-proyecciones-y-modelos-en-el-clrtap-relacionados-con-la-agricultura-para-serbia\/#primaryimage"},"thumbnailUrl":"https:\/\/www.ccatelier.es\/wp-content\/uploads\/2025\/07\/Captura-de-pantalla-2025-09-29-003321.png","datePublished":"2025-07-24T10:09:02+00:00","dateModified":"2026-02-28T23:32:10+00:00","author":{"@id":"https:\/\/www.ccatelier.es\/#\/schema\/person\/468ef15b7071978511257f3cb6a37fd7"},"breadcrumb":{"@id":"https:\/\/www.ccatelier.es\/apoyo-al-fortalecimiento-de-las-capacidades-administrativas-para-la-elaboracion-de-proyecciones-y-modelos-en-el-clrtap-relacionados-con-la-agricultura-para-serbia\/#breadcrumb"},"inLanguage":"en-GB","potentialAction":[{"@type":"ReadAction","target":["https:\/\/www.ccatelier.es\/apoyo-al-fortalecimiento-de-las-capacidades-administrativas-para-la-elaboracion-de-proyecciones-y-modelos-en-el-clrtap-relacionados-con-la-agricultura-para-serbia\/"]}]},{"@type":"ImageObject","inLanguage":"en-GB","@id":"https:\/\/www.ccatelier.es\/apoyo-al-fortalecimiento-de-las-capacidades-administrativas-para-la-elaboracion-de-proyecciones-y-modelos-en-el-clrtap-relacionados-con-la-agricultura-para-serbia\/#primaryimage","url":"https:\/\/www.ccatelier.es\/wp-content\/uploads\/2025\/07\/Captura-de-pantalla-2025-09-29-003321.png","contentUrl":"https:\/\/www.ccatelier.es\/wp-content\/uploads\/2025\/07\/Captura-de-pantalla-2025-09-29-003321.png","width":703,"height":709},{"@type":"BreadcrumbList","@id":"https:\/\/www.ccatelier.es\/apoyo-al-fortalecimiento-de-las-capacidades-administrativas-para-la-elaboracion-de-proyecciones-y-modelos-en-el-clrtap-relacionados-con-la-agricultura-para-serbia\/#breadcrumb","itemListElement":[{"@type":"ListItem","position":1,"name":"Portada","item":"https:\/\/www.ccatelier.es\/"},{"@type":"ListItem","position":2,"name":"Proyecciones agr\u00edcolas CLRTAP Fortalecimiento de capacidades para Serbia"}]},{"@type":"WebSite","@id":"https:\/\/www.ccatelier.es\/#website","url":"https:\/\/www.ccatelier.es\/","name":"Climate Change Atelier","description":"Consultora especializada en cambio clim\u00e1tico, transparencia, NDCs, inventarios GEI y financiamiento clim\u00e1tico. Experiencia internacional y enfoque t\u00e9cnico adaptado.","potentialAction":[{"@type":"SearchAction","target":{"@type":"EntryPoint","urlTemplate":"https:\/\/www.ccatelier.es\/?s={search_term_string}"},"query-input":{"@type":"PropertyValueSpecification","valueRequired":true,"valueName":"search_term_string"}}],"inLanguage":"en-GB"},{"@type":"Person","@id":"https:\/\/www.ccatelier.es\/#\/schema\/person\/468ef15b7071978511257f3cb6a37fd7","name":"admin","image":{"@type":"ImageObject","inLanguage":"en-GB","@id":"https:\/\/secure.gravatar.com\/avatar\/5e5d037f5eb89be41a2c1967d5c5b7113f430db59ccee33ae492b86c0847ab0e?s=96&d=mm&r=g","url":"https:\/\/secure.gravatar.com\/avatar\/5e5d037f5eb89be41a2c1967d5c5b7113f430db59ccee33ae492b86c0847ab0e?s=96&d=mm&r=g","contentUrl":"https:\/\/secure.gravatar.com\/avatar\/5e5d037f5eb89be41a2c1967d5c5b7113f430db59ccee33ae492b86c0847ab0e?s=96&d=mm&r=g","caption":"admin"},"sameAs":["https:\/\/www.ccatelier.es"],"url":"https:\/\/www.ccatelier.es\/en\/author\/admin\/"}]}},"_links":{"self":[{"href":"https:\/\/www.ccatelier.es\/en\/wp-json\/wp\/v2\/posts\/421","targetHints":{"allow":["GET"]}}],"collection":[{"href":"https:\/\/www.ccatelier.es\/en\/wp-json\/wp\/v2\/posts"}],"about":[{"href":"https:\/\/www.ccatelier.es\/en\/wp-json\/wp\/v2\/types\/post"}],"author":[{"embeddable":true,"href":"https:\/\/www.ccatelier.es\/en\/wp-json\/wp\/v2\/users\/1"}],"replies":[{"embeddable":true,"href":"https:\/\/www.ccatelier.es\/en\/wp-json\/wp\/v2\/comments?post=421"}],"version-history":[{"count":10,"href":"https:\/\/www.ccatelier.es\/en\/wp-json\/wp\/v2\/posts\/421\/revisions"}],"predecessor-version":[{"id":1825,"href":"https:\/\/www.ccatelier.es\/en\/wp-json\/wp\/v2\/posts\/421\/revisions\/1825"}],"wp:featuredmedia":[{"embeddable":true,"href":"https:\/\/www.ccatelier.es\/en\/wp-json\/wp\/v2\/media\/1122"}],"wp:attachment":[{"href":"https:\/\/www.ccatelier.es\/en\/wp-json\/wp\/v2\/media?parent=421"}],"wp:term":[{"taxonomy":"category","embeddable":true,"href":"https:\/\/www.ccatelier.es\/en\/wp-json\/wp\/v2\/categories?post=421"},{"taxonomy":"post_tag","embeddable":true,"href":"https:\/\/www.ccatelier.es\/en\/wp-json\/wp\/v2\/tags?post=421"}],"curies":[{"name":"wp","href":"https:\/\/api.w.org\/{rel}","templated":true}]}}