{"id":408,"date":"2025-07-23T11:47:35","date_gmt":"2025-07-23T11:47:35","guid":{"rendered":"https:\/\/www.ccatelier.es\/?p=408"},"modified":"2026-02-28T23:39:20","modified_gmt":"2026-02-28T23:39:20","slug":"evaluacion-tecnica-at-sobre-los-niveles-de-referencia-redd-plus-presentados","status":"publish","type":"post","link":"https:\/\/www.ccatelier.es\/en\/evaluacion-tecnica-at-sobre-los-niveles-de-referencia-redd-plus-presentados\/","title":{"rendered":"Revisi\u00f3n del FRL REDD+ presentada por Sri Lanka"},"content":{"rendered":"<div data-elementor-type=\"wp-post\" data-elementor-id=\"408\" class=\"elementor elementor-408\" data-elementor-post-type=\"post\">\n\t\t\t\t<div class=\"elementor-element elementor-element-265c530f e-flex e-con-boxed e-con e-parent\" data-id=\"265c530f\" data-element_type=\"container\" data-e-type=\"container\">\n\t\t\t\t\t<div class=\"e-con-inner\">\n\t\t\t\t<div class=\"elementor-element elementor-element-3290af71 elementor-widget elementor-widget-text-editor\" data-id=\"3290af71\" data-element_type=\"widget\" data-e-type=\"widget\" data-widget_type=\"text-editor.default\">\n\t\t\t\t<div class=\"elementor-widget-container\">\n\t\t\t\t\t\t\t\t\t<p>Revisi\u00f3n de los niveles de emisiones de referencia forestales (FERL\/FRL) bajo REDD+ de Sri Lanka durante la cuarta sesi\u00f3n de Evaluaci\u00f3n T\u00e9cnica. El objetivo de esta evaluaci\u00f3n internacional, apoyada por la CMNUCC, es ofrecer un intercambio t\u00e9cnico facilitador, no intrusivo de informaci\u00f3n sobre la construcci\u00f3n de niveles de emisiones de referencia forestal y\/o de referencia forestal, con el fin de apoyar la capacidad de las Partes de los pa\u00edses en desarrollo para la construcci\u00f3n y futuras mejoras.<br \/><br \/><strong>Project Title<\/strong>: Evaluaci\u00f3n t\u00e9cnica de los niveles de emisi\u00f3n de referencia forestal propuestos REDD m\u00e1s los niveles de referencia forestal presentados por Sri Lanka<br \/><strong>Typology<\/strong>Mitigation and technical reviews<br \/><strong>Region:<\/strong> Southeast Asia<br \/><strong>Country:<\/strong> Sri Lanka<br \/><strong>Customer:<\/strong> UNFCCC<br \/><strong>Period:<\/strong> 12\/03\/2017-25\/01\/2018<br \/><br \/><strong>Activities performed:<\/strong> <br \/>Revisi\u00f3n en profundidad del FRL REDD+, que incluye:<br \/>&#8211; Evaluar la consistencia de los niveles de referencia propuestos con los inventarios de GEI.<br \/>&#8211; Evaluar el uso de datos hist\u00f3ricos para establecer niveles de referencia.<br \/>&#8211; Examinar la transparencia, integridad, consistencia y precisi\u00f3n de la informaci\u00f3n, incluyendo metodolog\u00edas, conjuntos de datos, modelos y supuestos.<br \/>&#8211; Revisar la descripci\u00f3n de las pol\u00edticas y planes relevantes, seg\u00fan corresponda.<br \/>&#8211; Evaluar las descripciones de los cambios en los niveles de referencia previamente presentados, considerando el enfoque escalonado.<br \/>&#8211; Evaluar piscinas, gases y actividades incluidas o omitidas, y su justificaci\u00f3n.<br \/>&#8211; Verificar la definici\u00f3n del bosque utilizado y la justificaci\u00f3n si difiere del inventario nacional u otros informes internacionales.<br \/>&#8211; Evaluar si se incluyeron suposiciones sobre futuras pol\u00edticas internas.<br \/>&#8211; Comprobar la consistencia de los valores de nivel de referencia con la informaci\u00f3n y descripciones proporcionadas.<br \/>&#8211; Identificar \u00e1reas de mejora t\u00e9cnica sin emitir juicios sobre pol\u00edticas internas.<\/p><p><strong><em>*Project executed by Juan Jos\u00e9 Rinc\u00f3n Crist\u00f3bal on an individual basis.<\/em><\/strong><\/p>\t\t\t\t\t\t\t\t<\/div>\n\t\t\t\t<\/div>\n\t\t\t\t\t<\/div>\n\t\t\t\t<\/div>\n\t\t\t\t<\/div>","protected":false},"excerpt":{"rendered":"<p>Revisi\u00f3n de los niveles de emisiones de referencia forestales (FERL\/FRL) bajo REDD+ de Sri Lanka durante la cuarta sesi\u00f3n de Evaluaci\u00f3n T\u00e9cnica. El objetivo de esta evaluaci\u00f3n internacional, apoyada por la CMNUCC, es ofrecer un intercambio t\u00e9cnico facilitador, no intrusivo de informaci\u00f3n sobre la construcci\u00f3n de niveles de emisiones de referencia forestal y\/o de referencia&hellip;&nbsp;<\/p>","protected":false},"author":1,"featured_media":409,"comment_status":"open","ping_status":"open","sticky":false,"template":"","format":"standard","meta":{"_acf_changed":false,"neve_meta_sidebar":"","neve_meta_container":"","neve_meta_enable_content_width":"off","neve_meta_content_width":70,"neve_meta_title_alignment":"","neve_meta_author_avatar":"","neve_post_elements_order":"","neve_meta_disable_header":"","neve_meta_disable_footer":"","neve_meta_disable_title":"","footnotes":""},"categories":[14],"tags":[72],"class_list":["post-408","post","type-post","status-publish","format-standard","has-post-thumbnail","hentry","category-mitigacion","tag-sri-lanka"],"acf":[],"yoast_head":"<!-- This site is optimized with the Yoast SEO plugin v27.4 - https:\/\/yoast.com\/product\/yoast-seo-wordpress\/ -->\n<title>Revisi\u00f3n del FRL REDD+ presentada por Sri Lanka - Climate Change Atelier<\/title>\n<meta name=\"robots\" content=\"index, follow, max-snippet:-1, max-image-preview:large, max-video-preview:-1\" \/>\n<link rel=\"canonical\" href=\"https:\/\/www.ccatelier.es\/en\/evaluacion-tecnica-at-sobre-los-niveles-de-referencia-redd-plus-presentados\/\" \/>\n<meta property=\"og:locale\" content=\"en_GB\" \/>\n<meta property=\"og:type\" content=\"article\" \/>\n<meta property=\"og:title\" content=\"Revisi\u00f3n del FRL REDD+ presentada por Sri Lanka - Climate Change Atelier\" \/>\n<meta property=\"og:description\" content=\"Revisi\u00f3n de los niveles de emisiones de referencia forestales (FERL\/FRL) bajo REDD+ de Sri Lanka durante la cuarta sesi\u00f3n de Evaluaci\u00f3n T\u00e9cnica. El objetivo de esta evaluaci\u00f3n internacional, apoyada por la CMNUCC, es ofrecer un intercambio t\u00e9cnico facilitador, no intrusivo de informaci\u00f3n sobre la construcci\u00f3n de niveles de emisiones de referencia forestal y\/o de referencia&hellip;&nbsp;\" \/>\n<meta property=\"og:url\" content=\"https:\/\/www.ccatelier.es\/en\/evaluacion-tecnica-at-sobre-los-niveles-de-referencia-redd-plus-presentados\/\" \/>\n<meta property=\"og:site_name\" content=\"Climate Change Atelier\" \/>\n<meta property=\"article:published_time\" content=\"2025-07-23T11:47:35+00:00\" \/>\n<meta property=\"article:modified_time\" content=\"2026-02-28T23:39:20+00:00\" \/>\n<meta property=\"og:image\" content=\"https:\/\/www.ccatelier.es\/wp-content\/uploads\/2025\/07\/BBVA-que-es-el-CO2-sostenibilidad-emisiones-gases.webp\" \/>\n\t<meta property=\"og:image:width\" content=\"1920\" \/>\n\t<meta property=\"og:image:height\" content=\"1180\" \/>\n\t<meta property=\"og:image:type\" content=\"image\/webp\" \/>\n<meta name=\"author\" content=\"admin\" \/>\n<meta name=\"twitter:card\" content=\"summary_large_image\" \/>\n<meta name=\"twitter:label1\" content=\"Written by\" \/>\n\t<meta name=\"twitter:data1\" content=\"admin\" \/>\n\t<meta name=\"twitter:label2\" content=\"Estimated reading time\" \/>\n\t<meta name=\"twitter:data2\" content=\"2 minutes\" \/>\n<script type=\"application\/ld+json\" class=\"yoast-schema-graph\">{\"@context\":\"https:\\\/\\\/schema.org\",\"@graph\":[{\"@type\":\"Article\",\"@id\":\"https:\\\/\\\/www.ccatelier.es\\\/evaluacion-tecnica-at-sobre-los-niveles-de-referencia-redd-plus-presentados\\\/#article\",\"isPartOf\":{\"@id\":\"https:\\\/\\\/www.ccatelier.es\\\/evaluacion-tecnica-at-sobre-los-niveles-de-referencia-redd-plus-presentados\\\/\"},\"author\":{\"name\":\"admin\",\"@id\":\"https:\\\/\\\/www.ccatelier.es\\\/#\\\/schema\\\/person\\\/468ef15b7071978511257f3cb6a37fd7\"},\"headline\":\"Revisi\u00f3n del FRL REDD+ presentada por Sri Lanka\",\"datePublished\":\"2025-07-23T11:47:35+00:00\",\"dateModified\":\"2026-02-28T23:39:20+00:00\",\"mainEntityOfPage\":{\"@id\":\"https:\\\/\\\/www.ccatelier.es\\\/evaluacion-tecnica-at-sobre-los-niveles-de-referencia-redd-plus-presentados\\\/\"},\"wordCount\":332,\"commentCount\":0,\"image\":{\"@id\":\"https:\\\/\\\/www.ccatelier.es\\\/evaluacion-tecnica-at-sobre-los-niveles-de-referencia-redd-plus-presentados\\\/#primaryimage\"},\"thumbnailUrl\":\"https:\\\/\\\/www.ccatelier.es\\\/wp-content\\\/uploads\\\/2025\\\/07\\\/BBVA-que-es-el-CO2-sostenibilidad-emisiones-gases.webp\",\"keywords\":[\"Sri Lanka\"],\"articleSection\":[\"Mitigaci\u00f3n y revisiones t\u00e9cnicas\"],\"inLanguage\":\"en-GB\",\"potentialAction\":[{\"@type\":\"CommentAction\",\"name\":\"Comment\",\"target\":[\"https:\\\/\\\/www.ccatelier.es\\\/evaluacion-tecnica-at-sobre-los-niveles-de-referencia-redd-plus-presentados\\\/#respond\"]}]},{\"@type\":\"WebPage\",\"@id\":\"https:\\\/\\\/www.ccatelier.es\\\/evaluacion-tecnica-at-sobre-los-niveles-de-referencia-redd-plus-presentados\\\/\",\"url\":\"https:\\\/\\\/www.ccatelier.es\\\/evaluacion-tecnica-at-sobre-los-niveles-de-referencia-redd-plus-presentados\\\/\",\"name\":\"Revisi\u00f3n del FRL REDD+ presentada por Sri Lanka - Climate Change Atelier\",\"isPartOf\":{\"@id\":\"https:\\\/\\\/www.ccatelier.es\\\/#website\"},\"primaryImageOfPage\":{\"@id\":\"https:\\\/\\\/www.ccatelier.es\\\/evaluacion-tecnica-at-sobre-los-niveles-de-referencia-redd-plus-presentados\\\/#primaryimage\"},\"image\":{\"@id\":\"https:\\\/\\\/www.ccatelier.es\\\/evaluacion-tecnica-at-sobre-los-niveles-de-referencia-redd-plus-presentados\\\/#primaryimage\"},\"thumbnailUrl\":\"https:\\\/\\\/www.ccatelier.es\\\/wp-content\\\/uploads\\\/2025\\\/07\\\/BBVA-que-es-el-CO2-sostenibilidad-emisiones-gases.webp\",\"datePublished\":\"2025-07-23T11:47:35+00:00\",\"dateModified\":\"2026-02-28T23:39:20+00:00\",\"author\":{\"@id\":\"https:\\\/\\\/www.ccatelier.es\\\/#\\\/schema\\\/person\\\/468ef15b7071978511257f3cb6a37fd7\"},\"breadcrumb\":{\"@id\":\"https:\\\/\\\/www.ccatelier.es\\\/evaluacion-tecnica-at-sobre-los-niveles-de-referencia-redd-plus-presentados\\\/#breadcrumb\"},\"inLanguage\":\"en-GB\",\"potentialAction\":[{\"@type\":\"ReadAction\",\"target\":[\"https:\\\/\\\/www.ccatelier.es\\\/evaluacion-tecnica-at-sobre-los-niveles-de-referencia-redd-plus-presentados\\\/\"]}]},{\"@type\":\"ImageObject\",\"inLanguage\":\"en-GB\",\"@id\":\"https:\\\/\\\/www.ccatelier.es\\\/evaluacion-tecnica-at-sobre-los-niveles-de-referencia-redd-plus-presentados\\\/#primaryimage\",\"url\":\"https:\\\/\\\/www.ccatelier.es\\\/wp-content\\\/uploads\\\/2025\\\/07\\\/BBVA-que-es-el-CO2-sostenibilidad-emisiones-gases.webp\",\"contentUrl\":\"https:\\\/\\\/www.ccatelier.es\\\/wp-content\\\/uploads\\\/2025\\\/07\\\/BBVA-que-es-el-CO2-sostenibilidad-emisiones-gases.webp\",\"width\":1920,\"height\":1180},{\"@type\":\"BreadcrumbList\",\"@id\":\"https:\\\/\\\/www.ccatelier.es\\\/evaluacion-tecnica-at-sobre-los-niveles-de-referencia-redd-plus-presentados\\\/#breadcrumb\",\"itemListElement\":[{\"@type\":\"ListItem\",\"position\":1,\"name\":\"Portada\",\"item\":\"https:\\\/\\\/www.ccatelier.es\\\/\"},{\"@type\":\"ListItem\",\"position\":2,\"name\":\"Revisi\u00f3n del FRL REDD+ presentada por Sri Lanka\"}]},{\"@type\":\"WebSite\",\"@id\":\"https:\\\/\\\/www.ccatelier.es\\\/#website\",\"url\":\"https:\\\/\\\/www.ccatelier.es\\\/\",\"name\":\"Climate Change Atelier\",\"description\":\"Consultora especializada en cambio clim\u00e1tico, transparencia, NDCs, inventarios GEI y financiamiento clim\u00e1tico. Experiencia internacional y enfoque t\u00e9cnico adaptado.\",\"potentialAction\":[{\"@type\":\"SearchAction\",\"target\":{\"@type\":\"EntryPoint\",\"urlTemplate\":\"https:\\\/\\\/www.ccatelier.es\\\/?s={search_term_string}\"},\"query-input\":{\"@type\":\"PropertyValueSpecification\",\"valueRequired\":true,\"valueName\":\"search_term_string\"}}],\"inLanguage\":\"en-GB\"},{\"@type\":\"Person\",\"@id\":\"https:\\\/\\\/www.ccatelier.es\\\/#\\\/schema\\\/person\\\/468ef15b7071978511257f3cb6a37fd7\",\"name\":\"admin\",\"image\":{\"@type\":\"ImageObject\",\"inLanguage\":\"en-GB\",\"@id\":\"https:\\\/\\\/secure.gravatar.com\\\/avatar\\\/5e5d037f5eb89be41a2c1967d5c5b7113f430db59ccee33ae492b86c0847ab0e?s=96&d=mm&r=g\",\"url\":\"https:\\\/\\\/secure.gravatar.com\\\/avatar\\\/5e5d037f5eb89be41a2c1967d5c5b7113f430db59ccee33ae492b86c0847ab0e?s=96&d=mm&r=g\",\"contentUrl\":\"https:\\\/\\\/secure.gravatar.com\\\/avatar\\\/5e5d037f5eb89be41a2c1967d5c5b7113f430db59ccee33ae492b86c0847ab0e?s=96&d=mm&r=g\",\"caption\":\"admin\"},\"sameAs\":[\"https:\\\/\\\/www.ccatelier.es\"],\"url\":\"https:\\\/\\\/www.ccatelier.es\\\/en\\\/author\\\/admin\\\/\"}]}<\/script>\n<!-- \/ Yoast SEO plugin. -->","yoast_head_json":{"title":"Revisi\u00f3n del FRL REDD+ presentada por Sri Lanka - Climate Change Atelier","robots":{"index":"index","follow":"follow","max-snippet":"max-snippet:-1","max-image-preview":"max-image-preview:large","max-video-preview":"max-video-preview:-1"},"canonical":"https:\/\/www.ccatelier.es\/en\/evaluacion-tecnica-at-sobre-los-niveles-de-referencia-redd-plus-presentados\/","og_locale":"en_GB","og_type":"article","og_title":"Revisi\u00f3n del FRL REDD+ presentada por Sri Lanka - Climate Change Atelier","og_description":"Revisi\u00f3n de los niveles de emisiones de referencia forestales (FERL\/FRL) bajo REDD+ de Sri Lanka durante la cuarta sesi\u00f3n de Evaluaci\u00f3n T\u00e9cnica. El objetivo de esta evaluaci\u00f3n internacional, apoyada por la CMNUCC, es ofrecer un intercambio t\u00e9cnico facilitador, no intrusivo de informaci\u00f3n sobre la construcci\u00f3n de niveles de emisiones de referencia forestal y\/o de referencia&hellip;&nbsp;","og_url":"https:\/\/www.ccatelier.es\/en\/evaluacion-tecnica-at-sobre-los-niveles-de-referencia-redd-plus-presentados\/","og_site_name":"Climate Change Atelier","article_published_time":"2025-07-23T11:47:35+00:00","article_modified_time":"2026-02-28T23:39:20+00:00","og_image":[{"width":1920,"height":1180,"url":"https:\/\/www.ccatelier.es\/wp-content\/uploads\/2025\/07\/BBVA-que-es-el-CO2-sostenibilidad-emisiones-gases.webp","type":"image\/webp"}],"author":"admin","twitter_card":"summary_large_image","twitter_misc":{"Written by":"admin","Estimated reading time":"2 minutes"},"schema":{"@context":"https:\/\/schema.org","@graph":[{"@type":"Article","@id":"https:\/\/www.ccatelier.es\/evaluacion-tecnica-at-sobre-los-niveles-de-referencia-redd-plus-presentados\/#article","isPartOf":{"@id":"https:\/\/www.ccatelier.es\/evaluacion-tecnica-at-sobre-los-niveles-de-referencia-redd-plus-presentados\/"},"author":{"name":"admin","@id":"https:\/\/www.ccatelier.es\/#\/schema\/person\/468ef15b7071978511257f3cb6a37fd7"},"headline":"Revisi\u00f3n del FRL REDD+ presentada por Sri Lanka","datePublished":"2025-07-23T11:47:35+00:00","dateModified":"2026-02-28T23:39:20+00:00","mainEntityOfPage":{"@id":"https:\/\/www.ccatelier.es\/evaluacion-tecnica-at-sobre-los-niveles-de-referencia-redd-plus-presentados\/"},"wordCount":332,"commentCount":0,"image":{"@id":"https:\/\/www.ccatelier.es\/evaluacion-tecnica-at-sobre-los-niveles-de-referencia-redd-plus-presentados\/#primaryimage"},"thumbnailUrl":"https:\/\/www.ccatelier.es\/wp-content\/uploads\/2025\/07\/BBVA-que-es-el-CO2-sostenibilidad-emisiones-gases.webp","keywords":["Sri Lanka"],"articleSection":["Mitigaci\u00f3n y revisiones t\u00e9cnicas"],"inLanguage":"en-GB","potentialAction":[{"@type":"CommentAction","name":"Comment","target":["https:\/\/www.ccatelier.es\/evaluacion-tecnica-at-sobre-los-niveles-de-referencia-redd-plus-presentados\/#respond"]}]},{"@type":"WebPage","@id":"https:\/\/www.ccatelier.es\/evaluacion-tecnica-at-sobre-los-niveles-de-referencia-redd-plus-presentados\/","url":"https:\/\/www.ccatelier.es\/evaluacion-tecnica-at-sobre-los-niveles-de-referencia-redd-plus-presentados\/","name":"Revisi\u00f3n del FRL REDD+ presentada por Sri Lanka - Climate Change Atelier","isPartOf":{"@id":"https:\/\/www.ccatelier.es\/#website"},"primaryImageOfPage":{"@id":"https:\/\/www.ccatelier.es\/evaluacion-tecnica-at-sobre-los-niveles-de-referencia-redd-plus-presentados\/#primaryimage"},"image":{"@id":"https:\/\/www.ccatelier.es\/evaluacion-tecnica-at-sobre-los-niveles-de-referencia-redd-plus-presentados\/#primaryimage"},"thumbnailUrl":"https:\/\/www.ccatelier.es\/wp-content\/uploads\/2025\/07\/BBVA-que-es-el-CO2-sostenibilidad-emisiones-gases.webp","datePublished":"2025-07-23T11:47:35+00:00","dateModified":"2026-02-28T23:39:20+00:00","author":{"@id":"https:\/\/www.ccatelier.es\/#\/schema\/person\/468ef15b7071978511257f3cb6a37fd7"},"breadcrumb":{"@id":"https:\/\/www.ccatelier.es\/evaluacion-tecnica-at-sobre-los-niveles-de-referencia-redd-plus-presentados\/#breadcrumb"},"inLanguage":"en-GB","potentialAction":[{"@type":"ReadAction","target":["https:\/\/www.ccatelier.es\/evaluacion-tecnica-at-sobre-los-niveles-de-referencia-redd-plus-presentados\/"]}]},{"@type":"ImageObject","inLanguage":"en-GB","@id":"https:\/\/www.ccatelier.es\/evaluacion-tecnica-at-sobre-los-niveles-de-referencia-redd-plus-presentados\/#primaryimage","url":"https:\/\/www.ccatelier.es\/wp-content\/uploads\/2025\/07\/BBVA-que-es-el-CO2-sostenibilidad-emisiones-gases.webp","contentUrl":"https:\/\/www.ccatelier.es\/wp-content\/uploads\/2025\/07\/BBVA-que-es-el-CO2-sostenibilidad-emisiones-gases.webp","width":1920,"height":1180},{"@type":"BreadcrumbList","@id":"https:\/\/www.ccatelier.es\/evaluacion-tecnica-at-sobre-los-niveles-de-referencia-redd-plus-presentados\/#breadcrumb","itemListElement":[{"@type":"ListItem","position":1,"name":"Portada","item":"https:\/\/www.ccatelier.es\/"},{"@type":"ListItem","position":2,"name":"Revisi\u00f3n del FRL REDD+ presentada por Sri Lanka"}]},{"@type":"WebSite","@id":"https:\/\/www.ccatelier.es\/#website","url":"https:\/\/www.ccatelier.es\/","name":"Climate Change Atelier","description":"Consultora especializada en cambio clim\u00e1tico, transparencia, NDCs, inventarios GEI y financiamiento clim\u00e1tico. Experiencia internacional y enfoque t\u00e9cnico adaptado.","potentialAction":[{"@type":"SearchAction","target":{"@type":"EntryPoint","urlTemplate":"https:\/\/www.ccatelier.es\/?s={search_term_string}"},"query-input":{"@type":"PropertyValueSpecification","valueRequired":true,"valueName":"search_term_string"}}],"inLanguage":"en-GB"},{"@type":"Person","@id":"https:\/\/www.ccatelier.es\/#\/schema\/person\/468ef15b7071978511257f3cb6a37fd7","name":"admin","image":{"@type":"ImageObject","inLanguage":"en-GB","@id":"https:\/\/secure.gravatar.com\/avatar\/5e5d037f5eb89be41a2c1967d5c5b7113f430db59ccee33ae492b86c0847ab0e?s=96&d=mm&r=g","url":"https:\/\/secure.gravatar.com\/avatar\/5e5d037f5eb89be41a2c1967d5c5b7113f430db59ccee33ae492b86c0847ab0e?s=96&d=mm&r=g","contentUrl":"https:\/\/secure.gravatar.com\/avatar\/5e5d037f5eb89be41a2c1967d5c5b7113f430db59ccee33ae492b86c0847ab0e?s=96&d=mm&r=g","caption":"admin"},"sameAs":["https:\/\/www.ccatelier.es"],"url":"https:\/\/www.ccatelier.es\/en\/author\/admin\/"}]}},"_links":{"self":[{"href":"https:\/\/www.ccatelier.es\/en\/wp-json\/wp\/v2\/posts\/408","targetHints":{"allow":["GET"]}}],"collection":[{"href":"https:\/\/www.ccatelier.es\/en\/wp-json\/wp\/v2\/posts"}],"about":[{"href":"https:\/\/www.ccatelier.es\/en\/wp-json\/wp\/v2\/types\/post"}],"author":[{"embeddable":true,"href":"https:\/\/www.ccatelier.es\/en\/wp-json\/wp\/v2\/users\/1"}],"replies":[{"embeddable":true,"href":"https:\/\/www.ccatelier.es\/en\/wp-json\/wp\/v2\/comments?post=408"}],"version-history":[{"count":10,"href":"https:\/\/www.ccatelier.es\/en\/wp-json\/wp\/v2\/posts\/408\/revisions"}],"predecessor-version":[{"id":1843,"href":"https:\/\/www.ccatelier.es\/en\/wp-json\/wp\/v2\/posts\/408\/revisions\/1843"}],"wp:featuredmedia":[{"embeddable":true,"href":"https:\/\/www.ccatelier.es\/en\/wp-json\/wp\/v2\/media\/409"}],"wp:attachment":[{"href":"https:\/\/www.ccatelier.es\/en\/wp-json\/wp\/v2\/media?parent=408"}],"wp:term":[{"taxonomy":"category","embeddable":true,"href":"https:\/\/www.ccatelier.es\/en\/wp-json\/wp\/v2\/categories?post=408"},{"taxonomy":"post_tag","embeddable":true,"href":"https:\/\/www.ccatelier.es\/en\/wp-json\/wp\/v2\/tags?post=408"}],"curies":[{"name":"wp","href":"https:\/\/api.w.org\/{rel}","templated":true}]}}